{"id":21082,"date":"2019-03-31T09:47:17","date_gmt":"2019-03-31T13:47:17","guid":{"rendered":"http:\/\/blogdalucianaoliveira.com.br\/blog\/?p=21082"},"modified":"2019-03-31T09:47:17","modified_gmt":"2019-03-31T13:47:17","slug":"de-volta-ao-passado","status":"publish","type":"post","link":"http:\/\/blogdalucianaoliveira.com.br\/blog\/2019\/03\/31\/de-volta-ao-passado\/","title":{"rendered":"De volta ao passado"},"content":{"rendered":"<p><img data-recalc-dims=\"1\" loading=\"lazy\" decoding=\"async\" data-attachment-id=\"21083\" data-permalink=\"http:\/\/blogdalucianaoliveira.com.br\/blog\/2019\/03\/31\/de-volta-ao-passado\/7d0f7b7b-0cb9-4e74-9847-8aade4c27891\/\" data-orig-file=\"https:\/\/i0.wp.com\/blogdalucianaoliveira.com.br\/blog\/wp-content\/uploads\/2019\/03\/7D0F7B7B-0CB9-4E74-9847-8AADE4C27891.jpeg?fit=640%2C335\" data-orig-size=\"640,335\" data-comments-opened=\"0\" data-image-meta=\"{&quot;aperture&quot;:&quot;0&quot;,&quot;credit&quot;:&quot;&quot;,&quot;camera&quot;:&quot;&quot;,&quot;caption&quot;:&quot;&quot;,&quot;created_timestamp&quot;:&quot;0&quot;,&quot;copyright&quot;:&quot;&quot;,&quot;focal_length&quot;:&quot;0&quot;,&quot;iso&quot;:&quot;0&quot;,&quot;shutter_speed&quot;:&quot;0&quot;,&quot;title&quot;:&quot;&quot;,&quot;orientation&quot;:&quot;1&quot;}\" data-image-title=\"7D0F7B7B-0CB9-4E74-9847-8AADE4C27891\" data-image-description=\"\" data-image-caption=\"\" data-medium-file=\"https:\/\/i0.wp.com\/blogdalucianaoliveira.com.br\/blog\/wp-content\/uploads\/2019\/03\/7D0F7B7B-0CB9-4E74-9847-8AADE4C27891.jpeg?fit=300%2C157\" data-large-file=\"https:\/\/i0.wp.com\/blogdalucianaoliveira.com.br\/blog\/wp-content\/uploads\/2019\/03\/7D0F7B7B-0CB9-4E74-9847-8AADE4C27891.jpeg?fit=600%2C314\" src=\"https:\/\/i0.wp.com\/blogdalucianaoliveira.com.br\/blog\/wp-content\/uploads\/2019\/03\/7D0F7B7B-0CB9-4E74-9847-8AADE4C27891.jpeg?resize=600%2C314\" alt=\"7D0F7B7B-0CB9-4E74-9847-8AADE4C27891\" width=\"600\" height=\"314\" class=\"alignnone size-full wp-image-21083\" srcset=\"https:\/\/i0.wp.com\/blogdalucianaoliveira.com.br\/blog\/wp-content\/uploads\/2019\/03\/7D0F7B7B-0CB9-4E74-9847-8AADE4C27891.jpeg?w=640 640w, https:\/\/i0.wp.com\/blogdalucianaoliveira.com.br\/blog\/wp-content\/uploads\/2019\/03\/7D0F7B7B-0CB9-4E74-9847-8AADE4C27891.jpeg?resize=300%2C157 300w, https:\/\/i0.wp.com\/blogdalucianaoliveira.com.br\/blog\/wp-content\/uploads\/2019\/03\/7D0F7B7B-0CB9-4E74-9847-8AADE4C27891.jpeg?resize=573%2C300 573w\" sizes=\"auto, (max-width: 600px) 100vw, 600px\" \/><\/p>\n<p>Hoje n\u00e3o amanheci profundamente triste, porque o presidente da rep\u00fablica decidiu comemorar a ditadura, p\u00e1gina infeliz da nossa hist\u00f3ria. <\/p>\n<p>Minha dor \u00e9 por quem, podendo, n\u00e3o o impede.<br \/>\nMinha dor \u00e9 por quem n\u00e3o podendo resistir, de novo \u00e9 morto sob tortura.<br \/>\nMinha dor \u00e9 por quem escolheu isso. <\/p>\n<p>\ud83d\udda4<\/p>\n","protected":false},"excerpt":{"rendered":"<p>Hoje n\u00e3o amanheci profundamente triste, porque o presidente da rep\u00fablica decidiu comemorar a ditadura, p\u00e1gina infeliz da nossa hist\u00f3ria. Minha dor \u00e9 por quem, podendo, n\u00e3o o impede. Minha dor \u00e9 por quem n\u00e3o podendo resistir, de novo \u00e9 morto sob tortura. Minha dor \u00e9 por quem escolheu isso. \ud83d\udda4<\/p>\n","protected":false},"author":1,"featured_media":0,"comment_status":"closed","ping_status":"open","sticky":false,"template":"","format":"standard","meta":{"_exactmetrics_skip_tracking":false,"_exactmetrics_sitenote_active":false,"_exactmetrics_sitenote_note":"","_exactmetrics_sitenote_category":0,"jetpack_post_was_ever_published":false,"_jetpack_newsletter_access":"","_jetpack_dont_email_post_to_subs":false,"_jetpack_newsletter_tier_id":0,"_jetpack_memberships_contains_paywalled_content":false,"_jetpack_memberships_contains_paid_content":false,"footnotes":"","jetpack_publicize_message":"","jetpack_publicize_feature_enabled":true,"jetpack_social_post_already_shared":true,"jetpack_social_options":{"image_generator_settings":{"template":"highway","enabled":false},"version":2}},"categories":[1],"tags":[],"class_list":["post-21082","post","type-post","status-publish","format-standard","hentry","category-notas"],"jetpack_publicize_connections":[],"jetpack_sharing_enabled":true,"jetpack_featured_media_url":"","jetpack_shortlink":"https:\/\/wp.me\/p7wKYW-5u2","jetpack-related-posts":[],"_links":{"self":[{"href":"http:\/\/blogdalucianaoliveira.com.br\/blog\/wp-json\/wp\/v2\/posts\/21082","targetHints":{"allow":["GET"]}}],"collection":[{"href":"http:\/\/blogdalucianaoliveira.com.br\/blog\/wp-json\/wp\/v2\/posts"}],"about":[{"href":"http:\/\/blogdalucianaoliveira.com.br\/blog\/wp-json\/wp\/v2\/types\/post"}],"author":[{"embeddable":true,"href":"http:\/\/blogdalucianaoliveira.com.br\/blog\/wp-json\/wp\/v2\/users\/1"}],"replies":[{"embeddable":true,"href":"http:\/\/blogdalucianaoliveira.com.br\/blog\/wp-json\/wp\/v2\/comments?post=21082"}],"version-history":[{"count":1,"href":"http:\/\/blogdalucianaoliveira.com.br\/blog\/wp-json\/wp\/v2\/posts\/21082\/revisions"}],"predecessor-version":[{"id":21084,"href":"http:\/\/blogdalucianaoliveira.com.br\/blog\/wp-json\/wp\/v2\/posts\/21082\/revisions\/21084"}],"wp:attachment":[{"href":"http:\/\/blogdalucianaoliveira.com.br\/blog\/wp-json\/wp\/v2\/media?parent=21082"}],"wp:term":[{"taxonomy":"category","embeddable":true,"href":"http:\/\/blogdalucianaoliveira.com.br\/blog\/wp-json\/wp\/v2\/categories?post=21082"},{"taxonomy":"post_tag","embeddable":true,"href":"http:\/\/blogdalucianaoliveira.com.br\/blog\/wp-json\/wp\/v2\/tags?post=21082"}],"curies":[{"name":"wp","href":"https:\/\/api.w.org\/{rel}","templated":true}]}}