{"id":21091,"date":"2019-04-01T08:41:51","date_gmt":"2019-04-01T12:41:51","guid":{"rendered":"http:\/\/blogdalucianaoliveira.com.br\/blog\/?p=21091"},"modified":"2019-04-01T08:41:51","modified_gmt":"2019-04-01T12:41:51","slug":"a-fuga-simbolica-de-bolsonaro-para-israel-no-55o-aniversario-da-ditadura-brasileira","status":"publish","type":"post","link":"http:\/\/blogdalucianaoliveira.com.br\/blog\/2019\/04\/01\/a-fuga-simbolica-de-bolsonaro-para-israel-no-55o-aniversario-da-ditadura-brasileira\/","title":{"rendered":"A fuga simb\u00f3lica de Bolsonaro para Israel no 55\u00ba anivers\u00e1rio da ditadura brasileira"},"content":{"rendered":"<p><img data-recalc-dims=\"1\" loading=\"lazy\" decoding=\"async\" data-attachment-id=\"21092\" data-permalink=\"http:\/\/blogdalucianaoliveira.com.br\/blog\/2019\/04\/01\/a-fuga-simbolica-de-bolsonaro-para-israel-no-55o-aniversario-da-ditadura-brasileira\/fuga\/\" data-orig-file=\"https:\/\/i0.wp.com\/blogdalucianaoliveira.com.br\/blog\/wp-content\/uploads\/2019\/04\/fuga.jpg?fit=1960%2C1199\" data-orig-size=\"1960,1199\" data-comments-opened=\"0\" data-image-meta=\"{&quot;aperture&quot;:&quot;0&quot;,&quot;credit&quot;:&quot;&quot;,&quot;camera&quot;:&quot;&quot;,&quot;caption&quot;:&quot;&quot;,&quot;created_timestamp&quot;:&quot;0&quot;,&quot;copyright&quot;:&quot;&quot;,&quot;focal_length&quot;:&quot;0&quot;,&quot;iso&quot;:&quot;0&quot;,&quot;shutter_speed&quot;:&quot;0&quot;,&quot;title&quot;:&quot;&quot;,&quot;orientation&quot;:&quot;0&quot;}\" data-image-title=\"fuga\" data-image-description=\"\" data-image-caption=\"\" data-medium-file=\"https:\/\/i0.wp.com\/blogdalucianaoliveira.com.br\/blog\/wp-content\/uploads\/2019\/04\/fuga.jpg?fit=300%2C184\" data-large-file=\"https:\/\/i0.wp.com\/blogdalucianaoliveira.com.br\/blog\/wp-content\/uploads\/2019\/04\/fuga.jpg?fit=600%2C367\" src=\"https:\/\/i0.wp.com\/blogdalucianaoliveira.com.br\/blog\/wp-content\/uploads\/2019\/04\/fuga.jpg?resize=600%2C367\" alt=\"fuga\" width=\"600\" height=\"367\" class=\"alignnone size-full wp-image-21092\" srcset=\"https:\/\/i0.wp.com\/blogdalucianaoliveira.com.br\/blog\/wp-content\/uploads\/2019\/04\/fuga.jpg?w=1960 1960w, https:\/\/i0.wp.com\/blogdalucianaoliveira.com.br\/blog\/wp-content\/uploads\/2019\/04\/fuga.jpg?resize=300%2C184 300w, https:\/\/i0.wp.com\/blogdalucianaoliveira.com.br\/blog\/wp-content\/uploads\/2019\/04\/fuga.jpg?resize=768%2C470 768w, https:\/\/i0.wp.com\/blogdalucianaoliveira.com.br\/blog\/wp-content\/uploads\/2019\/04\/fuga.jpg?resize=1024%2C626 1024w, https:\/\/i0.wp.com\/blogdalucianaoliveira.com.br\/blog\/wp-content\/uploads\/2019\/04\/fuga.jpg?resize=490%2C300 490w, https:\/\/i0.wp.com\/blogdalucianaoliveira.com.br\/blog\/wp-content\/uploads\/2019\/04\/fuga.jpg?w=1200 1200w, https:\/\/i0.wp.com\/blogdalucianaoliveira.com.br\/blog\/wp-content\/uploads\/2019\/04\/fuga.jpg?w=1800 1800w\" sizes=\"auto, (max-width: 600px) 100vw, 600px\" \/><\/p>\n<p>Presidente deixou o pa\u00eds na data que defendeu celebrar, e brasileiros fi\u00e9is \u00e0 democracia deixaram clara sua rejei\u00e7\u00e3o \u00e0 ditadura em jornais, redes sociais e manifesta\u00e7\u00f5es de rua<!--more--><\/p>\n<p>No El Pa\u00eds<\/p>\n<p>O presidente brasileiro, Jair Bolsonaro, est\u00e1 se acostumando a atirar a pedra e esconder a m\u00e3o. Desta vez, tendo deixado o pa\u00eds em uma data t\u00e3o significativa como o 55\u00ba anivers\u00e1rio da ditadura, o capit\u00e3o reformado escapou por inteiro. Ele fugiu para Israel em uma visita oficial.<\/p>\n<p>Essa fuga chocou. Foi ele quem provocou polvorosa ao pedir que o anivers\u00e1rio de uma das datas mais sombrias da hist\u00f3ria do pa\u00eds, manchada de mortes, persegui\u00e7\u00f5es e torturas, como foi o golpe militar de 1964, fosse &#8220;comemorado\u201d nos quart\u00e9is. Depois, em seu melhor estilo de dizer e se desdizer, de afirmar e desmentir a si mesmo, ele se conformou com que tal data fosse \u201crememorada\u201d. Tudo menos condenar aqueles 21 anos de terror que lhe pareceram pouco, j\u00e1 que ele se queixara antes de que, em vez de torturar, n\u00e3o tivessem matado muito mais. O Governo ainda deixou que um v\u00eddeo em defesa do golpe fosse partilhado por whatsapp por um dos n\u00fameros do Planalto. Nele, um homem olha para a c\u00e2mera e diz  que o Ex\u00e9rcito salvou o Brasil da amea\u00e7a comunista. A assessoria do Planalto disse a jornalistas que o v\u00eddeo n\u00e3o foi produzido pela Secretaria de Comunica\u00e7\u00e3o, mas n\u00e3o se pode disassociar do Governo a autoriza\u00e7\u00e3o para que ele fosse partilhado na data.<\/p>\n<p>\u00c9 poss\u00edvel que na fantasia de Bolsonaro e suas hostes guerreiras o Brasil tivesse aproveitado este 55\u00ba anivers\u00e1rio da ditadura, com um Governo como o seu coalhado de militares, para expressar sua nostalgia pelos anos de chumbo em que a democracia foi assassinada. No entanto, sua psicologia impulsiva, sua ca\u00e7a aos gigantes do comunismo, que confunde com simples moinhos de vento, e sua nostalgia de um passado que a grande maioria do Brasil condena, o levaram a fazer mal os c\u00e1lculos.<\/p>\n<p>Se acreditava que com seu pedido para que nos quart\u00e9is se comemorasse tal anivers\u00e1rio iria bajular os militares de hoje, que n\u00e3o tiveram parte na ditadura e que se t\u00eam revelado, desde o retorno \u00e0 democracia, fi\u00e9is \u00e0 Constitui\u00e7\u00e3o, incluindo com Governos esquerdistas como os de Lula e Dilma, ele se enganou mais uma vez. Os quart\u00e9is n\u00e3o se mexeram. O jornal Folha de S\u00e3o Paulo entrou em contato com 50 militares hoje presentes no Governo e nenhum deles quis comentar esse anivers\u00e1rio.<\/p>\n<p>Eles tamb\u00e9m preferem colocar sua vis\u00e3o no presente e no futuro e deixar o passado para a Hist\u00f3ria.<\/p>\n<p>Se os quart\u00e9is escolheram a discri\u00e7\u00e3o, as hostes bolsonaristas mais aguerridas promoveram eventos pontuais. O Brasil viveu um domingo at\u00e9 que pac\u00edfico. Os brasileiros fi\u00e9is \u00e0 democracia, que rejeitam novas aventuras violentas, deixaram clara sua rejei\u00e7\u00e3o \u00e0 ditadura em jornais, redes sociais e manifesta\u00e7\u00f5es de rua. Milhares de pessoas seguiram numa marcha silenciosa pelas v\u00edtimas da ditadura no Ibirapuera. Outros atos simb\u00f3licos aconteceram nas principais capitais do pa\u00eds. Esses brasileiros desnudaram o regime militar para que n\u00e3o haja d\u00favida de que aquele per\u00edodo sinistro n\u00e3o admite eufemismos nem metalinguagens. Foi isso, uma ditadura, o assassinato do sistema democr\u00e1tico e o campo livre para que os piores instintos do ser humano pudessem se soltar impunes.<\/p>\n<p>O Brasil deixou claro que n\u00e3o admite tergiversa\u00e7\u00f5es lingu\u00edsticas. Que foi uma ditadura, nem golpe, nem movimento, nem insurrei\u00e7\u00e3o. Que nela se matou, corpos foram torturados e as liberdades foram sepultadas. Os que s\u00e3o sobreviventes de uma ditadura como a da Espanha, que me coube viver por 40 anos, sabem muito bem distinguir o que \u00e9 uma insurrei\u00e7\u00e3o social pela defesa dos direitos humanos do que \u00e9 a degrada\u00e7\u00e3o das liberdades.<\/p>\n<p>Como eu, tantos jornalistas e escritores que viveram uma ditadura sabem muito bem que os capangas censores do Governo, muitas vezes incapazes de interpretar um texto, mortificavam tamb\u00e9m a intelig\u00eancia, o pensamento e as ideias. Faziam isso toda vez que com suas canetas de tinta preta ou vermelha torturavam nossos escritos ou simplesmente os matavam de uma vez.<\/p>\n<p>Um dia talvez saibamos por que o presidente Bolsonaro, depois de tentar reavivar aqui, em seu pa\u00eds, o fogo dos tristes anos da ditadura, preferiu fugir do dia que buscou transformar em uma festa. Ele foi procurar os aplausos naquela parte de Israel mais avessa ao di\u00e1logo, a mais intransigente, a das bandeiras da guerra e do desprezo pelo pacifismo com os povos e culturas que o rodeiam.<\/p>\n<p>Talvez sua fuga apare\u00e7a um dia como a prova de ter descoberto que o Brasil de hoje \u00e9 cada vez menos o dos seus sonhos de guerra. \u00c9 o que sonha com um futuro de liberdades e criatividade, de p\u00e3o e trabalho para todos. Um Brasil unido, sem bravatas nem nostalgia de fantasmas autorit\u00e1rios do passado.<\/p>\n<p>Neste 55\u00ba anivers\u00e1rio da ditadura brasileira, uma interroga\u00e7\u00e3o surge inquietante: ser\u00e1 capaz o capit\u00e3o Bolsonaro, que ainda n\u00e3o disse uma \u00fanica vez que quer ser o presidente de todos os brasileiros, de representar o futuro de um pa\u00eds unido em torno de um projeto de esperan\u00e7a para todos? De um pa\u00eds que n\u00e3o caiu na armadilha criada pelo presidente que tentou em v\u00e3o ressuscitar os fantasmas de um passado que s\u00f3 existe na fantasia febril dos derrotados?<\/p>\n<p>Quem sabe um dia, sem necessidade de recorrer \u00e0 psican\u00e1lise da linguagem de Lacan, seja poss\u00edvel compreender o que de simb\u00f3lico e at\u00e9 mesmo de prof\u00e9tico engloba essa fuga para o estrangeiro do presidente Bolsonaro, no dia em que sonhou fazer os brasileiros de hoje suspirarem por tempos que pertencem apenas aos cemit\u00e9rios.<\/p>\n","protected":false},"excerpt":{"rendered":"<p>Presidente deixou o pa\u00eds na data que defendeu celebrar, e brasileiros fi\u00e9is \u00e0 democracia deixaram clara sua rejei\u00e7\u00e3o \u00e0 ditadura em jornais, redes sociais e manifesta\u00e7\u00f5es de rua<\/p>\n","protected":false},"author":1,"featured_media":0,"comment_status":"closed","ping_status":"open","sticky":false,"template":"","format":"standard","meta":{"_exactmetrics_skip_tracking":false,"_exactmetrics_sitenote_active":false,"_exactmetrics_sitenote_note":"","_exactmetrics_sitenote_category":0,"jetpack_post_was_ever_published":false,"_jetpack_newsletter_access":"","_jetpack_dont_email_post_to_subs":false,"_jetpack_newsletter_tier_id":0,"_jetpack_memberships_contains_paywalled_content":false,"_jetpack_memberships_contains_paid_content":false,"footnotes":"","jetpack_publicize_message":"","jetpack_publicize_feature_enabled":true,"jetpack_social_post_already_shared":true,"jetpack_social_options":{"image_generator_settings":{"template":"highway","enabled":false},"version":2}},"categories":[1],"tags":[],"class_list":["post-21091","post","type-post","status-publish","format-standard","hentry","category-notas"],"jetpack_publicize_connections":[],"jetpack_sharing_enabled":true,"jetpack_featured_media_url":"","jetpack_shortlink":"https:\/\/wp.me\/p7wKYW-5ub","jetpack-related-posts":[],"_links":{"self":[{"href":"http:\/\/blogdalucianaoliveira.com.br\/blog\/wp-json\/wp\/v2\/posts\/21091","targetHints":{"allow":["GET"]}}],"collection":[{"href":"http:\/\/blogdalucianaoliveira.com.br\/blog\/wp-json\/wp\/v2\/posts"}],"about":[{"href":"http:\/\/blogdalucianaoliveira.com.br\/blog\/wp-json\/wp\/v2\/types\/post"}],"author":[{"embeddable":true,"href":"http:\/\/blogdalucianaoliveira.com.br\/blog\/wp-json\/wp\/v2\/users\/1"}],"replies":[{"embeddable":true,"href":"http:\/\/blogdalucianaoliveira.com.br\/blog\/wp-json\/wp\/v2\/comments?post=21091"}],"version-history":[{"count":1,"href":"http:\/\/blogdalucianaoliveira.com.br\/blog\/wp-json\/wp\/v2\/posts\/21091\/revisions"}],"predecessor-version":[{"id":21093,"href":"http:\/\/blogdalucianaoliveira.com.br\/blog\/wp-json\/wp\/v2\/posts\/21091\/revisions\/21093"}],"wp:attachment":[{"href":"http:\/\/blogdalucianaoliveira.com.br\/blog\/wp-json\/wp\/v2\/media?parent=21091"}],"wp:term":[{"taxonomy":"category","embeddable":true,"href":"http:\/\/blogdalucianaoliveira.com.br\/blog\/wp-json\/wp\/v2\/categories?post=21091"},{"taxonomy":"post_tag","embeddable":true,"href":"http:\/\/blogdalucianaoliveira.com.br\/blog\/wp-json\/wp\/v2\/tags?post=21091"}],"curies":[{"name":"wp","href":"https:\/\/api.w.org\/{rel}","templated":true}]}}