{"id":21097,"date":"2019-04-01T09:30:19","date_gmt":"2019-04-01T13:30:19","guid":{"rendered":"http:\/\/blogdalucianaoliveira.com.br\/blog\/?p=21097"},"modified":"2019-04-01T09:30:19","modified_gmt":"2019-04-01T13:30:19","slug":"bolsonaro-arrasa-nas-redes-sociais-mas-com-o-que-e-por-que","status":"publish","type":"post","link":"http:\/\/blogdalucianaoliveira.com.br\/blog\/2019\/04\/01\/bolsonaro-arrasa-nas-redes-sociais-mas-com-o-que-e-por-que\/","title":{"rendered":"Bolsonaro arrasa nas redes sociais. Mas, com o que e por que?"},"content":{"rendered":"<p><img data-recalc-dims=\"1\" loading=\"lazy\" decoding=\"async\" data-attachment-id=\"21098\" data-permalink=\"http:\/\/blogdalucianaoliveira.com.br\/blog\/2019\/04\/01\/bolsonaro-arrasa-nas-redes-sociais-mas-com-o-que-e-por-que\/5bf9f6e2-71dc-424c-9413-5469d6a8ce57\/\" data-orig-file=\"https:\/\/i0.wp.com\/blogdalucianaoliveira.com.br\/blog\/wp-content\/uploads\/2019\/04\/5BF9F6E2-71DC-424C-9413-5469D6A8CE57.jpeg?fit=750%2C664\" data-orig-size=\"750,664\" data-comments-opened=\"0\" data-image-meta=\"{&quot;aperture&quot;:&quot;0&quot;,&quot;credit&quot;:&quot;&quot;,&quot;camera&quot;:&quot;&quot;,&quot;caption&quot;:&quot;&quot;,&quot;created_timestamp&quot;:&quot;0&quot;,&quot;copyright&quot;:&quot;&quot;,&quot;focal_length&quot;:&quot;0&quot;,&quot;iso&quot;:&quot;0&quot;,&quot;shutter_speed&quot;:&quot;0&quot;,&quot;title&quot;:&quot;&quot;,&quot;orientation&quot;:&quot;0&quot;}\" data-image-title=\"5BF9F6E2-71DC-424C-9413-5469D6A8CE57\" data-image-description=\"\" data-image-caption=\"\" data-medium-file=\"https:\/\/i0.wp.com\/blogdalucianaoliveira.com.br\/blog\/wp-content\/uploads\/2019\/04\/5BF9F6E2-71DC-424C-9413-5469D6A8CE57.jpeg?fit=300%2C266\" data-large-file=\"https:\/\/i0.wp.com\/blogdalucianaoliveira.com.br\/blog\/wp-content\/uploads\/2019\/04\/5BF9F6E2-71DC-424C-9413-5469D6A8CE57.jpeg?fit=600%2C531\" src=\"https:\/\/i0.wp.com\/blogdalucianaoliveira.com.br\/blog\/wp-content\/uploads\/2019\/04\/5BF9F6E2-71DC-424C-9413-5469D6A8CE57.jpeg?resize=600%2C531\" alt=\"5BF9F6E2-71DC-424C-9413-5469D6A8CE57\" width=\"600\" height=\"531\" class=\"alignnone size-full wp-image-21098\" srcset=\"https:\/\/i0.wp.com\/blogdalucianaoliveira.com.br\/blog\/wp-content\/uploads\/2019\/04\/5BF9F6E2-71DC-424C-9413-5469D6A8CE57.jpeg?w=750 750w, https:\/\/i0.wp.com\/blogdalucianaoliveira.com.br\/blog\/wp-content\/uploads\/2019\/04\/5BF9F6E2-71DC-424C-9413-5469D6A8CE57.jpeg?resize=300%2C266 300w, https:\/\/i0.wp.com\/blogdalucianaoliveira.com.br\/blog\/wp-content\/uploads\/2019\/04\/5BF9F6E2-71DC-424C-9413-5469D6A8CE57.jpeg?resize=339%2C300 339w\" sizes=\"auto, (max-width: 600px) 100vw, 600px\" \/><\/p>\n<p>Pela m\u00e9dia de tu\u00edtes levantada pela Folha, as mais curtidos, pasme, s\u00e3o peidos. <\/p>\n<p>Isso mesmo, as declara\u00e7\u00f5es de car\u00e1ter pessoal. <\/p>\n<p>As mais curtidas, no entanto, s\u00e3o as bravatas que o catapultaram da ala menos produtiva no legislativo  \u00e0 presid\u00eancia da rep\u00fablica. <\/p>\n<p>A agenda e os an\u00fancios de governo n\u00e3o interessam tanto. <\/p>\n<p>O povo gosta mesmo \u00e9 do presidente como influenciador de pol\u00eamica, \u00f3dio e burrice.<\/p>\n","protected":false},"excerpt":{"rendered":"<p>Pela m\u00e9dia de tu\u00edtes levantada pela Folha, as mais curtidos, pasme, s\u00e3o peidos. Isso mesmo, as declara\u00e7\u00f5es de car\u00e1ter pessoal. As mais curtidas, no entanto, s\u00e3o as bravatas que o catapultaram da ala menos produtiva no legislativo \u00e0 presid\u00eancia da rep\u00fablica. A agenda e os an\u00fancios de governo n\u00e3o interessam tanto. O povo gosta mesmo&#8230;<a class=\"more-link\" href=\"http:\/\/blogdalucianaoliveira.com.br\/blog\/2019\/04\/01\/bolsonaro-arrasa-nas-redes-sociais-mas-com-o-que-e-por-que\/\">Continue a leitura <span class=\"meta-nav\">&raquo;<\/span><\/a><\/p>\n","protected":false},"author":1,"featured_media":0,"comment_status":"closed","ping_status":"open","sticky":false,"template":"","format":"standard","meta":{"_exactmetrics_skip_tracking":false,"_exactmetrics_sitenote_active":false,"_exactmetrics_sitenote_note":"","_exactmetrics_sitenote_category":0,"jetpack_post_was_ever_published":false,"_jetpack_newsletter_access":"","_jetpack_dont_email_post_to_subs":false,"_jetpack_newsletter_tier_id":0,"_jetpack_memberships_contains_paywalled_content":false,"_jetpack_memberships_contains_paid_content":false,"footnotes":"","jetpack_publicize_message":"","jetpack_publicize_feature_enabled":true,"jetpack_social_post_already_shared":true,"jetpack_social_options":{"image_generator_settings":{"template":"highway","enabled":false},"version":2}},"categories":[1],"tags":[],"class_list":["post-21097","post","type-post","status-publish","format-standard","hentry","category-notas"],"jetpack_publicize_connections":[],"jetpack_sharing_enabled":true,"jetpack_featured_media_url":"","jetpack_shortlink":"https:\/\/wp.me\/p7wKYW-5uh","jetpack-related-posts":[],"_links":{"self":[{"href":"http:\/\/blogdalucianaoliveira.com.br\/blog\/wp-json\/wp\/v2\/posts\/21097","targetHints":{"allow":["GET"]}}],"collection":[{"href":"http:\/\/blogdalucianaoliveira.com.br\/blog\/wp-json\/wp\/v2\/posts"}],"about":[{"href":"http:\/\/blogdalucianaoliveira.com.br\/blog\/wp-json\/wp\/v2\/types\/post"}],"author":[{"embeddable":true,"href":"http:\/\/blogdalucianaoliveira.com.br\/blog\/wp-json\/wp\/v2\/users\/1"}],"replies":[{"embeddable":true,"href":"http:\/\/blogdalucianaoliveira.com.br\/blog\/wp-json\/wp\/v2\/comments?post=21097"}],"version-history":[{"count":1,"href":"http:\/\/blogdalucianaoliveira.com.br\/blog\/wp-json\/wp\/v2\/posts\/21097\/revisions"}],"predecessor-version":[{"id":21099,"href":"http:\/\/blogdalucianaoliveira.com.br\/blog\/wp-json\/wp\/v2\/posts\/21097\/revisions\/21099"}],"wp:attachment":[{"href":"http:\/\/blogdalucianaoliveira.com.br\/blog\/wp-json\/wp\/v2\/media?parent=21097"}],"wp:term":[{"taxonomy":"category","embeddable":true,"href":"http:\/\/blogdalucianaoliveira.com.br\/blog\/wp-json\/wp\/v2\/categories?post=21097"},{"taxonomy":"post_tag","embeddable":true,"href":"http:\/\/blogdalucianaoliveira.com.br\/blog\/wp-json\/wp\/v2\/tags?post=21097"}],"curies":[{"name":"wp","href":"https:\/\/api.w.org\/{rel}","templated":true}]}}