{"id":21103,"date":"2019-04-01T18:21:14","date_gmt":"2019-04-01T22:21:14","guid":{"rendered":"http:\/\/blogdalucianaoliveira.com.br\/blog\/?p=21103"},"modified":"2019-04-01T18:27:43","modified_gmt":"2019-04-01T22:27:43","slug":"unir-se-une-a-luta-dos-povos-indigenas-com-campanha-de-arrecadacao-de-alimentos","status":"publish","type":"post","link":"http:\/\/blogdalucianaoliveira.com.br\/blog\/2019\/04\/01\/unir-se-une-a-luta-dos-povos-indigenas-com-campanha-de-arrecadacao-de-alimentos\/","title":{"rendered":"UNIR SE UNE \u00c0 LUTA DOS POVOS IND\u00cdGENAS COM CAMPANHA DE ARRECADA\u00c7\u00c3O DE ALIMENTOS"},"content":{"rendered":"<p><img data-recalc-dims=\"1\" loading=\"lazy\" decoding=\"async\" data-attachment-id=\"21104\" data-permalink=\"http:\/\/blogdalucianaoliveira.com.br\/blog\/2019\/04\/01\/unir-se-une-a-luta-dos-povos-indigenas-com-campanha-de-arrecadacao-de-alimentos\/marco-4\/\" data-orig-file=\"https:\/\/i0.wp.com\/blogdalucianaoliveira.com.br\/blog\/wp-content\/uploads\/2019\/04\/MARCO.jpg?fit=1024%2C768\" data-orig-size=\"1024,768\" data-comments-opened=\"0\" data-image-meta=\"{&quot;aperture&quot;:&quot;0&quot;,&quot;credit&quot;:&quot;&quot;,&quot;camera&quot;:&quot;&quot;,&quot;caption&quot;:&quot;&quot;,&quot;created_timestamp&quot;:&quot;0&quot;,&quot;copyright&quot;:&quot;&quot;,&quot;focal_length&quot;:&quot;0&quot;,&quot;iso&quot;:&quot;0&quot;,&quot;shutter_speed&quot;:&quot;0&quot;,&quot;title&quot;:&quot;&quot;,&quot;orientation&quot;:&quot;0&quot;}\" data-image-title=\"MARCO\" data-image-description=\"\" data-image-caption=\"\" data-medium-file=\"https:\/\/i0.wp.com\/blogdalucianaoliveira.com.br\/blog\/wp-content\/uploads\/2019\/04\/MARCO.jpg?fit=300%2C225\" data-large-file=\"https:\/\/i0.wp.com\/blogdalucianaoliveira.com.br\/blog\/wp-content\/uploads\/2019\/04\/MARCO.jpg?fit=600%2C450\" src=\"https:\/\/i0.wp.com\/blogdalucianaoliveira.com.br\/blog\/wp-content\/uploads\/2019\/04\/MARCO.jpg?resize=600%2C450\" alt=\"MARCO\" width=\"600\" height=\"450\" class=\"alignnone size-full wp-image-21104\" srcset=\"https:\/\/i0.wp.com\/blogdalucianaoliveira.com.br\/blog\/wp-content\/uploads\/2019\/04\/MARCO.jpg?w=1024 1024w, https:\/\/i0.wp.com\/blogdalucianaoliveira.com.br\/blog\/wp-content\/uploads\/2019\/04\/MARCO.jpg?resize=300%2C225 300w, https:\/\/i0.wp.com\/blogdalucianaoliveira.com.br\/blog\/wp-content\/uploads\/2019\/04\/MARCO.jpg?resize=768%2C576 768w, https:\/\/i0.wp.com\/blogdalucianaoliveira.com.br\/blog\/wp-content\/uploads\/2019\/04\/MARCO.jpg?resize=400%2C300 400w\" sizes=\"auto, (max-width: 600px) 100vw, 600px\" \/><\/p>\n<p>A iniciativa \u00e9 para dar suporte a cerca de 250 ind\u00edgenas de Rond\u00f4nia, do Sul do Amazonas e Noroeste de Mato Grosso que estar\u00e3o em Porto Velho na pr\u00f3xima semana, em intensa agenda de luta por v\u00e1rias quest\u00f5es ind\u00edgenas, sobretudo a da sa\u00fade.<\/p>\n<p>Duas audi\u00eancias p\u00fablicas est\u00e3o previstas, na C\u00e2mara de Vereadores e no Conselho Estadual de Sa\u00fade.<\/p>\n<p>Uma comiss\u00e3o tamb\u00e9m deve ir \u00e0 Bras\u00edlia para falar com ministro da Sa\u00fade, Luiz Henrique Mandetta.<\/p>\n<p>A movimenta\u00e7\u00e3o \u00e9 contra a proposta de municipaliza\u00e7\u00e3o da sa\u00fade ind\u00edgena e o desmonte da Secretaria Especial de Sa\u00fade Ind\u00edgena (Sesai), ligada ao Sistema \u00danico de Sa\u00fade (SUS).<!--more--><\/p>\n<p>Os ind\u00edgenas est\u00e3o em alerta desde que o ministro, em pronunciamento do ministro no dia 20 de mar\u00e7o, anunciou a extin\u00e7\u00e3o do \u00f3rg\u00e3o. A sa\u00fade das popula\u00e7\u00f5es ind\u00edgenas ficaria sob responsabilidade de governos e munic\u00edpios.<br \/>\nA comunidade acad\u00eamica da Universidade Federal de Rond\u00f4nia &#8211; UNIR se integra \u00e0 luta e pede doa\u00e7\u00f5es de alimentos aos ind\u00edgenas que permanecer\u00e3o na capital por tempo indeterminado.<\/p>\n<p>\u201cA Universidade est\u00e1 sempre utilizando os recursos antropol\u00f3gicos dispostos pelo contexto ind\u00edgena de exist\u00eancia tradicional, assim como o conhecimento ancestral e contempor\u00e2neo dos povos da Floresta nas Comunidades Ind\u00edgenas Urbanas e Tradicionais. Salientamos, que toda a contribui\u00e7\u00e3o ser\u00e1 bem-vinda, e desde j\u00e1 agradecemos\u201d, diz of\u00edcio do DCE, que pede esfor\u00e7o de toda a sociedade.<\/p>\n<p>Est\u00e3o envolvidos v\u00e1rios grupos acad\u00eamicos, al\u00e9m de movimentos populares e de representantes da sociedade civil organizada.<\/p>\n<p><img data-recalc-dims=\"1\" loading=\"lazy\" decoding=\"async\" data-attachment-id=\"21105\" data-permalink=\"http:\/\/blogdalucianaoliveira.com.br\/blog\/2019\/04\/01\/unir-se-une-a-luta-dos-povos-indigenas-com-campanha-de-arrecadacao-de-alimentos\/marco2\/\" data-orig-file=\"https:\/\/i0.wp.com\/blogdalucianaoliveira.com.br\/blog\/wp-content\/uploads\/2019\/04\/MARCO2.jpg?fit=1024%2C768\" data-orig-size=\"1024,768\" data-comments-opened=\"0\" data-image-meta=\"{&quot;aperture&quot;:&quot;0&quot;,&quot;credit&quot;:&quot;&quot;,&quot;camera&quot;:&quot;&quot;,&quot;caption&quot;:&quot;&quot;,&quot;created_timestamp&quot;:&quot;0&quot;,&quot;copyright&quot;:&quot;&quot;,&quot;focal_length&quot;:&quot;0&quot;,&quot;iso&quot;:&quot;0&quot;,&quot;shutter_speed&quot;:&quot;0&quot;,&quot;title&quot;:&quot;&quot;,&quot;orientation&quot;:&quot;0&quot;}\" data-image-title=\"MARCO2\" data-image-description=\"\" data-image-caption=\"\" data-medium-file=\"https:\/\/i0.wp.com\/blogdalucianaoliveira.com.br\/blog\/wp-content\/uploads\/2019\/04\/MARCO2.jpg?fit=300%2C225\" data-large-file=\"https:\/\/i0.wp.com\/blogdalucianaoliveira.com.br\/blog\/wp-content\/uploads\/2019\/04\/MARCO2.jpg?fit=600%2C450\" src=\"https:\/\/i0.wp.com\/blogdalucianaoliveira.com.br\/blog\/wp-content\/uploads\/2019\/04\/MARCO2.jpg?resize=600%2C450\" alt=\"MARCO2\" width=\"600\" height=\"450\" class=\"alignnone size-full wp-image-21105\" srcset=\"https:\/\/i0.wp.com\/blogdalucianaoliveira.com.br\/blog\/wp-content\/uploads\/2019\/04\/MARCO2.jpg?w=1024 1024w, https:\/\/i0.wp.com\/blogdalucianaoliveira.com.br\/blog\/wp-content\/uploads\/2019\/04\/MARCO2.jpg?resize=300%2C225 300w, https:\/\/i0.wp.com\/blogdalucianaoliveira.com.br\/blog\/wp-content\/uploads\/2019\/04\/MARCO2.jpg?resize=768%2C576 768w, https:\/\/i0.wp.com\/blogdalucianaoliveira.com.br\/blog\/wp-content\/uploads\/2019\/04\/MARCO2.jpg?resize=400%2C300 400w\" sizes=\"auto, (max-width: 600px) 100vw, 600px\" \/><\/p>\n<p>As doa\u00e7\u00f5es podem ser entregues nos locais abaixo: <\/p>\n<p><img data-recalc-dims=\"1\" loading=\"lazy\" decoding=\"async\" data-attachment-id=\"21108\" data-permalink=\"http:\/\/blogdalucianaoliveira.com.br\/blog\/2019\/04\/01\/unir-se-une-a-luta-dos-povos-indigenas-com-campanha-de-arrecadacao-de-alimentos\/a24547ce-0a37-44df-b213-0a34e9d95e8e\/\" data-orig-file=\"https:\/\/i0.wp.com\/blogdalucianaoliveira.com.br\/blog\/wp-content\/uploads\/2019\/04\/A24547CE-0A37-44DF-B213-0A34E9D95E8E.jpeg?fit=905%2C1280\" data-orig-size=\"905,1280\" data-comments-opened=\"0\" data-image-meta=\"{&quot;aperture&quot;:&quot;0&quot;,&quot;credit&quot;:&quot;&quot;,&quot;camera&quot;:&quot;&quot;,&quot;caption&quot;:&quot;&quot;,&quot;created_timestamp&quot;:&quot;0&quot;,&quot;copyright&quot;:&quot;&quot;,&quot;focal_length&quot;:&quot;0&quot;,&quot;iso&quot;:&quot;0&quot;,&quot;shutter_speed&quot;:&quot;0&quot;,&quot;title&quot;:&quot;&quot;,&quot;orientation&quot;:&quot;0&quot;}\" data-image-title=\"A24547CE-0A37-44DF-B213-0A34E9D95E8E\" data-image-description=\"\" data-image-caption=\"\" data-medium-file=\"https:\/\/i0.wp.com\/blogdalucianaoliveira.com.br\/blog\/wp-content\/uploads\/2019\/04\/A24547CE-0A37-44DF-B213-0A34E9D95E8E.jpeg?fit=212%2C300\" data-large-file=\"https:\/\/i0.wp.com\/blogdalucianaoliveira.com.br\/blog\/wp-content\/uploads\/2019\/04\/A24547CE-0A37-44DF-B213-0A34E9D95E8E.jpeg?fit=600%2C849\" src=\"https:\/\/i0.wp.com\/blogdalucianaoliveira.com.br\/blog\/wp-content\/uploads\/2019\/04\/A24547CE-0A37-44DF-B213-0A34E9D95E8E.jpeg?resize=600%2C849\" alt=\"A24547CE-0A37-44DF-B213-0A34E9D95E8E\" width=\"600\" height=\"849\" class=\"alignnone size-full wp-image-21108\" srcset=\"https:\/\/i0.wp.com\/blogdalucianaoliveira.com.br\/blog\/wp-content\/uploads\/2019\/04\/A24547CE-0A37-44DF-B213-0A34E9D95E8E.jpeg?w=905 905w, https:\/\/i0.wp.com\/blogdalucianaoliveira.com.br\/blog\/wp-content\/uploads\/2019\/04\/A24547CE-0A37-44DF-B213-0A34E9D95E8E.jpeg?resize=212%2C300 212w, https:\/\/i0.wp.com\/blogdalucianaoliveira.com.br\/blog\/wp-content\/uploads\/2019\/04\/A24547CE-0A37-44DF-B213-0A34E9D95E8E.jpeg?resize=768%2C1086 768w, https:\/\/i0.wp.com\/blogdalucianaoliveira.com.br\/blog\/wp-content\/uploads\/2019\/04\/A24547CE-0A37-44DF-B213-0A34E9D95E8E.jpeg?resize=724%2C1024 724w\" sizes=\"auto, (max-width: 600px) 100vw, 600px\" \/><\/p>\n<p><img data-recalc-dims=\"1\" loading=\"lazy\" decoding=\"async\" data-attachment-id=\"21109\" data-permalink=\"http:\/\/blogdalucianaoliveira.com.br\/blog\/2019\/04\/01\/unir-se-une-a-luta-dos-povos-indigenas-com-campanha-de-arrecadacao-de-alimentos\/8ecad2b3-9c56-465c-9327-f366d2bd161c\/\" data-orig-file=\"https:\/\/i0.wp.com\/blogdalucianaoliveira.com.br\/blog\/wp-content\/uploads\/2019\/04\/8ECAD2B3-9C56-465C-9327-F366D2BD161C.jpeg?fit=905%2C1280\" data-orig-size=\"905,1280\" data-comments-opened=\"0\" data-image-meta=\"{&quot;aperture&quot;:&quot;0&quot;,&quot;credit&quot;:&quot;&quot;,&quot;camera&quot;:&quot;&quot;,&quot;caption&quot;:&quot;&quot;,&quot;created_timestamp&quot;:&quot;0&quot;,&quot;copyright&quot;:&quot;&quot;,&quot;focal_length&quot;:&quot;0&quot;,&quot;iso&quot;:&quot;0&quot;,&quot;shutter_speed&quot;:&quot;0&quot;,&quot;title&quot;:&quot;&quot;,&quot;orientation&quot;:&quot;0&quot;}\" data-image-title=\"8ECAD2B3-9C56-465C-9327-F366D2BD161C\" data-image-description=\"\" data-image-caption=\"\" data-medium-file=\"https:\/\/i0.wp.com\/blogdalucianaoliveira.com.br\/blog\/wp-content\/uploads\/2019\/04\/8ECAD2B3-9C56-465C-9327-F366D2BD161C.jpeg?fit=212%2C300\" data-large-file=\"https:\/\/i0.wp.com\/blogdalucianaoliveira.com.br\/blog\/wp-content\/uploads\/2019\/04\/8ECAD2B3-9C56-465C-9327-F366D2BD161C.jpeg?fit=600%2C849\" src=\"https:\/\/i0.wp.com\/blogdalucianaoliveira.com.br\/blog\/wp-content\/uploads\/2019\/04\/8ECAD2B3-9C56-465C-9327-F366D2BD161C.jpeg?resize=600%2C849\" alt=\"8ECAD2B3-9C56-465C-9327-F366D2BD161C\" width=\"600\" height=\"849\" class=\"alignnone size-full wp-image-21109\" srcset=\"https:\/\/i0.wp.com\/blogdalucianaoliveira.com.br\/blog\/wp-content\/uploads\/2019\/04\/8ECAD2B3-9C56-465C-9327-F366D2BD161C.jpeg?w=905 905w, https:\/\/i0.wp.com\/blogdalucianaoliveira.com.br\/blog\/wp-content\/uploads\/2019\/04\/8ECAD2B3-9C56-465C-9327-F366D2BD161C.jpeg?resize=212%2C300 212w, https:\/\/i0.wp.com\/blogdalucianaoliveira.com.br\/blog\/wp-content\/uploads\/2019\/04\/8ECAD2B3-9C56-465C-9327-F366D2BD161C.jpeg?resize=768%2C1086 768w, https:\/\/i0.wp.com\/blogdalucianaoliveira.com.br\/blog\/wp-content\/uploads\/2019\/04\/8ECAD2B3-9C56-465C-9327-F366D2BD161C.jpeg?resize=724%2C1024 724w\" sizes=\"auto, (max-width: 600px) 100vw, 600px\" \/><\/p>\n","protected":false},"excerpt":{"rendered":"<p>A iniciativa \u00e9 para dar suporte a cerca de 250 ind\u00edgenas de Rond\u00f4nia, do Sul do Amazonas e Noroeste de Mato Grosso que estar\u00e3o em Porto Velho na pr\u00f3xima semana, em intensa agenda de luta por v\u00e1rias quest\u00f5es ind\u00edgenas, sobretudo a da sa\u00fade. Duas audi\u00eancias p\u00fablicas est\u00e3o previstas, na C\u00e2mara de Vereadores e no Conselho&#8230;<a class=\"more-link\" href=\"http:\/\/blogdalucianaoliveira.com.br\/blog\/2019\/04\/01\/unir-se-une-a-luta-dos-povos-indigenas-com-campanha-de-arrecadacao-de-alimentos\/\">Continue a leitura <span class=\"meta-nav\">&raquo;<\/span><\/a><\/p>\n","protected":false},"author":1,"featured_media":0,"comment_status":"closed","ping_status":"open","sticky":false,"template":"","format":"standard","meta":{"_exactmetrics_skip_tracking":false,"_exactmetrics_sitenote_active":false,"_exactmetrics_sitenote_note":"","_exactmetrics_sitenote_category":0,"jetpack_post_was_ever_published":false,"_jetpack_newsletter_access":"","_jetpack_dont_email_post_to_subs":false,"_jetpack_newsletter_tier_id":0,"_jetpack_memberships_contains_paywalled_content":false,"_jetpack_memberships_contains_paid_content":false,"footnotes":"","jetpack_publicize_message":"","jetpack_publicize_feature_enabled":true,"jetpack_social_post_already_shared":true,"jetpack_social_options":{"image_generator_settings":{"template":"highway","enabled":false},"version":2}},"categories":[1],"tags":[],"class_list":["post-21103","post","type-post","status-publish","format-standard","hentry","category-notas"],"jetpack_publicize_connections":[],"jetpack_sharing_enabled":true,"jetpack_featured_media_url":"","jetpack_shortlink":"https:\/\/wp.me\/p7wKYW-5un","jetpack-related-posts":[],"_links":{"self":[{"href":"http:\/\/blogdalucianaoliveira.com.br\/blog\/wp-json\/wp\/v2\/posts\/21103","targetHints":{"allow":["GET"]}}],"collection":[{"href":"http:\/\/blogdalucianaoliveira.com.br\/blog\/wp-json\/wp\/v2\/posts"}],"about":[{"href":"http:\/\/blogdalucianaoliveira.com.br\/blog\/wp-json\/wp\/v2\/types\/post"}],"author":[{"embeddable":true,"href":"http:\/\/blogdalucianaoliveira.com.br\/blog\/wp-json\/wp\/v2\/users\/1"}],"replies":[{"embeddable":true,"href":"http:\/\/blogdalucianaoliveira.com.br\/blog\/wp-json\/wp\/v2\/comments?post=21103"}],"version-history":[{"count":4,"href":"http:\/\/blogdalucianaoliveira.com.br\/blog\/wp-json\/wp\/v2\/posts\/21103\/revisions"}],"predecessor-version":[{"id":21111,"href":"http:\/\/blogdalucianaoliveira.com.br\/blog\/wp-json\/wp\/v2\/posts\/21103\/revisions\/21111"}],"wp:attachment":[{"href":"http:\/\/blogdalucianaoliveira.com.br\/blog\/wp-json\/wp\/v2\/media?parent=21103"}],"wp:term":[{"taxonomy":"category","embeddable":true,"href":"http:\/\/blogdalucianaoliveira.com.br\/blog\/wp-json\/wp\/v2\/categories?post=21103"},{"taxonomy":"post_tag","embeddable":true,"href":"http:\/\/blogdalucianaoliveira.com.br\/blog\/wp-json\/wp\/v2\/tags?post=21103"}],"curies":[{"name":"wp","href":"https:\/\/api.w.org\/{rel}","templated":true}]}}