{"id":21245,"date":"2019-04-13T10:50:27","date_gmt":"2019-04-13T14:50:27","guid":{"rendered":"http:\/\/blogdalucianaoliveira.com.br\/blog\/?p=21245"},"modified":"2019-04-13T10:51:13","modified_gmt":"2019-04-13T14:51:13","slug":"por-que-tantos-defendem-lula","status":"publish","type":"post","link":"http:\/\/blogdalucianaoliveira.com.br\/blog\/2019\/04\/13\/por-que-tantos-defendem-lula\/","title":{"rendered":"Por que tantos defendem Lula?"},"content":{"rendered":"<p><img data-recalc-dims=\"1\" loading=\"lazy\" decoding=\"async\" data-attachment-id=\"21246\" data-permalink=\"http:\/\/blogdalucianaoliveira.com.br\/blog\/2019\/04\/13\/por-que-tantos-defendem-lula\/29607ed9-0d80-4848-ac7b-4ccca4f42f36\/\" data-orig-file=\"https:\/\/i0.wp.com\/blogdalucianaoliveira.com.br\/blog\/wp-content\/uploads\/2019\/04\/29607ED9-0D80-4848-AC7B-4CCCA4F42F36.jpeg?fit=4032%2C3024\" data-orig-size=\"4032,3024\" data-comments-opened=\"0\" data-image-meta=\"{&quot;aperture&quot;:&quot;0&quot;,&quot;credit&quot;:&quot;&quot;,&quot;camera&quot;:&quot;&quot;,&quot;caption&quot;:&quot;&quot;,&quot;created_timestamp&quot;:&quot;0&quot;,&quot;copyright&quot;:&quot;&quot;,&quot;focal_length&quot;:&quot;0&quot;,&quot;iso&quot;:&quot;0&quot;,&quot;shutter_speed&quot;:&quot;0&quot;,&quot;title&quot;:&quot;&quot;,&quot;orientation&quot;:&quot;1&quot;}\" data-image-title=\"29607ED9-0D80-4848-AC7B-4CCCA4F42F36\" data-image-description=\"\" data-image-caption=\"\" data-medium-file=\"https:\/\/i0.wp.com\/blogdalucianaoliveira.com.br\/blog\/wp-content\/uploads\/2019\/04\/29607ED9-0D80-4848-AC7B-4CCCA4F42F36.jpeg?fit=300%2C225\" data-large-file=\"https:\/\/i0.wp.com\/blogdalucianaoliveira.com.br\/blog\/wp-content\/uploads\/2019\/04\/29607ED9-0D80-4848-AC7B-4CCCA4F42F36.jpeg?fit=600%2C450\" class=\"alignnone size-full wp-image-21246\" src=\"https:\/\/i0.wp.com\/blogdalucianaoliveira.com.br\/blog\/wp-content\/uploads\/2019\/04\/29607ED9-0D80-4848-AC7B-4CCCA4F42F36.jpeg?resize=600%2C450\" alt=\"29607ED9-0D80-4848-AC7B-4CCCA4F42F36\" width=\"600\" height=\"450\" srcset=\"https:\/\/i0.wp.com\/blogdalucianaoliveira.com.br\/blog\/wp-content\/uploads\/2019\/04\/29607ED9-0D80-4848-AC7B-4CCCA4F42F36.jpeg?w=4032 4032w, https:\/\/i0.wp.com\/blogdalucianaoliveira.com.br\/blog\/wp-content\/uploads\/2019\/04\/29607ED9-0D80-4848-AC7B-4CCCA4F42F36.jpeg?resize=300%2C225 300w, https:\/\/i0.wp.com\/blogdalucianaoliveira.com.br\/blog\/wp-content\/uploads\/2019\/04\/29607ED9-0D80-4848-AC7B-4CCCA4F42F36.jpeg?resize=768%2C576 768w, https:\/\/i0.wp.com\/blogdalucianaoliveira.com.br\/blog\/wp-content\/uploads\/2019\/04\/29607ED9-0D80-4848-AC7B-4CCCA4F42F36.jpeg?resize=1024%2C768 1024w, https:\/\/i0.wp.com\/blogdalucianaoliveira.com.br\/blog\/wp-content\/uploads\/2019\/04\/29607ED9-0D80-4848-AC7B-4CCCA4F42F36.jpeg?resize=400%2C300 400w, https:\/\/i0.wp.com\/blogdalucianaoliveira.com.br\/blog\/wp-content\/uploads\/2019\/04\/29607ED9-0D80-4848-AC7B-4CCCA4F42F36.jpeg?w=1200 1200w, https:\/\/i0.wp.com\/blogdalucianaoliveira.com.br\/blog\/wp-content\/uploads\/2019\/04\/29607ED9-0D80-4848-AC7B-4CCCA4F42F36.jpeg?w=1800 1800w\" sizes=\"auto, (max-width: 600px) 100vw, 600px\" \/><\/p>\n<p>Um amigo me perguntou:<\/p>\n<p>Porque tanto fanatismo com Lula?<\/p>\n<p>Eu respondi o seguinte. Eu acho que \u00e9 pelos programas  lan\u00e7ados em seu governo quando era Presidente da Republica. <\/p>\n<p>O amigo ent\u00e3o perguntou. Qual programa por exemplo?<\/p>\n<p>Perguntei se ele estava com tempo pra que eu falasse de alguns desses programas, ele disse que era domingo e tava liberado.<\/p>\n<p>Ent\u00e3o vamos l\u00e1 meu amigo.<!--more--><\/p>\n<p>01 Fies<br \/>\n02) Pronatec<br \/>\n03) Prouni<br \/>\n04) Ci\u00eancia sem Fronteiras<br \/>\n05) Mais M\u00e9dicos<br \/>\n06) Farm\u00e1cia Popular<br \/>\n07) Minha Casa, Minha Vida<br \/>\n08) Bolsa Fam\u00edlia<br \/>\n09) Cisternas no sert\u00e3o<br \/>\n10) Luz para Todos<br \/>\n11) Transposi\u00e7\u00e3o do Rio S\u00e3o Francisco<br \/>\n12) Reativa\u00e7\u00e3o do Transporte Ferrovi\u00e1rio<br \/>\n13) Ferrovia Norte-Sul<br \/>\n14) Ferrovia Transnordestina<br \/>\n15) Aumento do sal\u00e1rio m\u00ednimo acima da infla\u00e7\u00e3o<br \/>\n16) \u00c1gua para Todos<br \/>\n17) Brasil Sorridente<br \/>\n18) Pronaf<br \/>\n19) FAT<br \/>\n20) Programa Brasil Sem Mis\u00e9ria<br \/>\n21) Bolsa Atleta<br \/>\n22) Bolsa Estiagem<br \/>\n23) Bolsa Verde<br \/>\n24) Bolsa-escola<br \/>\n25) Brasil Carinhoso<br \/>\n26) Pontos de Cultura<br \/>\n27) Programa Biodiesel<br \/>\n28) SUS<br \/>\n29) SAMU\/UPAS<br \/>\n30 Sa\u00fade da Fam\u00edlia<br \/>\n31) FGEDUC (Seguro do FIES)<br \/>\n32) Casa da Mulher Brasileira<br \/>\n33) Aprendiz na Micro e Pequena Empresa<br \/>\n34) MEI Microempreendedores Individuais<br \/>\n35) Pagamento da D\u00edvida Externa ao FMI<br \/>\n36) Empr\u00e9stimo ao FMI<br \/>\n37) BRICS<br \/>\n38) Retirada pela ONU do Brasil do Mapa da Fome<br \/>\n39) Reequipagem, Valoriza\u00e7\u00e3o e Autonomia da Pol\u00edcia Federal<br \/>\n40) Liberdade para a PGR<br \/>\n41) Liberdade para o MP<br \/>\n42) Escolha para os \u00f3rg\u00e3os da Justi\u00e7a dos primeiros das listas das corpora\u00e7\u00f5es<br \/>\n43) Jogos Pan-americanos<br \/>\n44) Copa do Mundo<br \/>\n45) Olimp\u00edadas<br \/>\n46) 98 confer\u00eancias nacionais de 43 \u00e1reas, como educa\u00e7\u00e3o, juventude, sa\u00fade, cidades, mulheres, comunica\u00e7\u00e3o, direitos LGBT, entre outras.<br \/>\n47) Or\u00e7amento para a Cultura cresceu de R$ 276,4 milh\u00f5es em 2002 para R$ 3,27 bilh\u00f5es em 2014<br \/>\n48) Vale-cultura<br \/>\n49) Programa Cultura Viva<br \/>\n50) Programa Mais Cultura nas Escolas<br \/>\n51) PND &#8211; Pol\u00edtica Nacional de Defesa &#8211; Investimentos em defesa cresceram dez vezes: de R$ 900 milh\u00f5es em 2003 para R$ 8,9 bilh\u00f5es em 2013<br \/>\n52) Participa\u00e7\u00e3o das FFAA em 11 miss\u00f5es militares de paz da ONU<br \/>\n53) Projeto Submarino Nuclear<br \/>\n54) Moderniza\u00e7\u00e3o da frota de aeronaves da FAB com transfer\u00eancia da tecnologia<br \/>\n55) Pr\u00e9-sal<br \/>\n56) Redu\u00e7\u00e3o de 79% do desmatamento da Amaz\u00f4nia brasileira<br \/>\n57) Aumento em mais de 50% da extens\u00e3o total de \u00e1rea florestal protegida.<br \/>\n58) Lideran\u00e7a mundial em redu\u00e7\u00e3o de emiss\u00e3o de gases de efeito estufa (GEE). Entre 2010 e 2013, o Brasil deixou de lan\u00e7ar na atmosfera uma m\u00e9dia de 650 milh\u00f5es de toneladas de di\u00f3xido de carbono por ano.<br \/>\n59) Valoriza\u00e7\u00e3o do polo naval<br \/>\n60) Refinaria Abreu e Lima<br \/>\n61) Novas usinas hidrel\u00e9tricas: Teles Pires, Belo Monte, S\u00e3o Manoel, Santo Ant\u00f4nio, Jirau, S\u00e3o Luiz do Tapaj\u00f3s<br \/>\n62) Confer\u00eancia Mundial Rio+20<br \/>\n63) PPP<br \/>\n64) PAC<br \/>\n65) Aumento exponencial do parque e\u00f3lico brasileiro<br \/>\n66) Polos de desenvolvimento NE: Suape PE, Pec\u00e9m CE e Cama\u00e7ari BA: Investimentos somam cerca de R$ 100 bilh\u00f5es.<\/p>\n<p>O PT tinha dinheiro para todos estes programas e projetos e ainda deixou um caixa de US$ 371 bilh\u00f5es.<\/p>\n<p>E o principal, O resgate da soberania nacional e  eu tinha orgulho de ser Brasileira.<\/p>\n<p>* texto de uma amiga<\/p>\n","protected":false},"excerpt":{"rendered":"<p>Um amigo me perguntou: Porque tanto fanatismo com Lula? Eu respondi o seguinte. Eu acho que \u00e9 pelos programas lan\u00e7ados em seu governo quando era Presidente da Republica. O amigo ent\u00e3o perguntou. Qual programa por exemplo? Perguntei se ele estava com tempo pra que eu falasse de alguns desses programas, ele disse que era domingo&#8230;<a class=\"more-link\" href=\"http:\/\/blogdalucianaoliveira.com.br\/blog\/2019\/04\/13\/por-que-tantos-defendem-lula\/\">Continue a leitura <span class=\"meta-nav\">&raquo;<\/span><\/a><\/p>\n","protected":false},"author":1,"featured_media":0,"comment_status":"closed","ping_status":"open","sticky":false,"template":"","format":"standard","meta":{"_exactmetrics_skip_tracking":false,"_exactmetrics_sitenote_active":false,"_exactmetrics_sitenote_note":"","_exactmetrics_sitenote_category":0,"jetpack_post_was_ever_published":false,"_jetpack_newsletter_access":"","_jetpack_dont_email_post_to_subs":false,"_jetpack_newsletter_tier_id":0,"_jetpack_memberships_contains_paywalled_content":false,"_jetpack_memberships_contains_paid_content":false,"footnotes":"","jetpack_publicize_message":"","jetpack_publicize_feature_enabled":true,"jetpack_social_post_already_shared":true,"jetpack_social_options":{"image_generator_settings":{"template":"highway","enabled":false},"version":2}},"categories":[1],"tags":[],"class_list":["post-21245","post","type-post","status-publish","format-standard","hentry","category-notas"],"jetpack_publicize_connections":[],"jetpack_sharing_enabled":true,"jetpack_featured_media_url":"","jetpack_shortlink":"https:\/\/wp.me\/p7wKYW-5wF","jetpack-related-posts":[],"_links":{"self":[{"href":"http:\/\/blogdalucianaoliveira.com.br\/blog\/wp-json\/wp\/v2\/posts\/21245","targetHints":{"allow":["GET"]}}],"collection":[{"href":"http:\/\/blogdalucianaoliveira.com.br\/blog\/wp-json\/wp\/v2\/posts"}],"about":[{"href":"http:\/\/blogdalucianaoliveira.com.br\/blog\/wp-json\/wp\/v2\/types\/post"}],"author":[{"embeddable":true,"href":"http:\/\/blogdalucianaoliveira.com.br\/blog\/wp-json\/wp\/v2\/users\/1"}],"replies":[{"embeddable":true,"href":"http:\/\/blogdalucianaoliveira.com.br\/blog\/wp-json\/wp\/v2\/comments?post=21245"}],"version-history":[{"count":2,"href":"http:\/\/blogdalucianaoliveira.com.br\/blog\/wp-json\/wp\/v2\/posts\/21245\/revisions"}],"predecessor-version":[{"id":21248,"href":"http:\/\/blogdalucianaoliveira.com.br\/blog\/wp-json\/wp\/v2\/posts\/21245\/revisions\/21248"}],"wp:attachment":[{"href":"http:\/\/blogdalucianaoliveira.com.br\/blog\/wp-json\/wp\/v2\/media?parent=21245"}],"wp:term":[{"taxonomy":"category","embeddable":true,"href":"http:\/\/blogdalucianaoliveira.com.br\/blog\/wp-json\/wp\/v2\/categories?post=21245"},{"taxonomy":"post_tag","embeddable":true,"href":"http:\/\/blogdalucianaoliveira.com.br\/blog\/wp-json\/wp\/v2\/tags?post=21245"}],"curies":[{"name":"wp","href":"https:\/\/api.w.org\/{rel}","templated":true}]}}