{"id":21262,"date":"2019-04-14T10:50:48","date_gmt":"2019-04-14T14:50:48","guid":{"rendered":"http:\/\/blogdalucianaoliveira.com.br\/blog\/?p=21262"},"modified":"2019-04-14T10:50:48","modified_gmt":"2019-04-14T14:50:48","slug":"eduardo-bolsonaro-desafia-a-esquerda-a-dizer-quem-e-paulo-freire-e-a-esquerda-responde","status":"publish","type":"post","link":"http:\/\/blogdalucianaoliveira.com.br\/blog\/2019\/04\/14\/eduardo-bolsonaro-desafia-a-esquerda-a-dizer-quem-e-paulo-freire-e-a-esquerda-responde\/","title":{"rendered":"EDUARDO BOLSONARO DESAFIA A ESQUERDA A DIZER QUEM \u00c9 PAULO FREIRE. E A ESQUERDA RESPONDE"},"content":{"rendered":"<p><img data-recalc-dims=\"1\" loading=\"lazy\" decoding=\"async\" data-attachment-id=\"21263\" data-permalink=\"http:\/\/blogdalucianaoliveira.com.br\/blog\/2019\/04\/14\/eduardo-bolsonaro-desafia-a-esquerda-a-dizer-quem-e-paulo-freire-e-a-esquerda-responde\/pf-2\/\" data-orig-file=\"https:\/\/i0.wp.com\/blogdalucianaoliveira.com.br\/blog\/wp-content\/uploads\/2019\/04\/pf.jpg?fit=1000%2C357\" data-orig-size=\"1000,357\" data-comments-opened=\"0\" data-image-meta=\"{&quot;aperture&quot;:&quot;0&quot;,&quot;credit&quot;:&quot;&quot;,&quot;camera&quot;:&quot;&quot;,&quot;caption&quot;:&quot;&quot;,&quot;created_timestamp&quot;:&quot;0&quot;,&quot;copyright&quot;:&quot;&quot;,&quot;focal_length&quot;:&quot;0&quot;,&quot;iso&quot;:&quot;0&quot;,&quot;shutter_speed&quot;:&quot;0&quot;,&quot;title&quot;:&quot;&quot;,&quot;orientation&quot;:&quot;0&quot;}\" data-image-title=\"pf\" data-image-description=\"\" data-image-caption=\"\" data-medium-file=\"https:\/\/i0.wp.com\/blogdalucianaoliveira.com.br\/blog\/wp-content\/uploads\/2019\/04\/pf.jpg?fit=300%2C107\" data-large-file=\"https:\/\/i0.wp.com\/blogdalucianaoliveira.com.br\/blog\/wp-content\/uploads\/2019\/04\/pf.jpg?fit=600%2C214\" class=\"alignnone size-full wp-image-21263\" src=\"https:\/\/i0.wp.com\/blogdalucianaoliveira.com.br\/blog\/wp-content\/uploads\/2019\/04\/pf.jpg?resize=600%2C214\" alt=\"pf\" width=\"600\" height=\"214\" srcset=\"https:\/\/i0.wp.com\/blogdalucianaoliveira.com.br\/blog\/wp-content\/uploads\/2019\/04\/pf.jpg?w=1000 1000w, https:\/\/i0.wp.com\/blogdalucianaoliveira.com.br\/blog\/wp-content\/uploads\/2019\/04\/pf.jpg?resize=300%2C107 300w, https:\/\/i0.wp.com\/blogdalucianaoliveira.com.br\/blog\/wp-content\/uploads\/2019\/04\/pf.jpg?resize=768%2C274 768w, https:\/\/i0.wp.com\/blogdalucianaoliveira.com.br\/blog\/wp-content\/uploads\/2019\/04\/pf.jpg?resize=800%2C286 800w\" sizes=\"auto, (max-width: 600px) 100vw, 600px\" \/><\/p>\n<p>247 &#8211; O deputado federal Eduardo Bolsonaro, filho do presidente Jair Bolsonaro, ousou desafiar a esquerda a dizer &#8220;quem \u00e9 Paulo Freire&#8221;, uma vez que a direita vem dizendo todo os dias &#8220;quem \u00e9 Olavo de Carvalho&#8221;.<!--more--><\/p>\n<p>&#8220;Diariamente mostramos quem \u00e9 Olavo de Carvalho @opropriolavo. Falta o pessoal da esquerda agora dizer quem \u00e9 Paulo Freire e o seu legado na educa\u00e7\u00e3o nacional&#8230;&#8221;, postou no Twitter. Os internautas atenderam ao &#8220;desafio&#8221; e agora t\u00eam disparado tu\u00edtes sobre os diversos t\u00edtulos do educador e seu reconhecimento em todo o mundo.<\/p>\n<p>Em meio \u00e0 pol\u00eamica, ganhou destaque reportagem da BBC Brasil publicada em janeiro que aponta que Paulo Freire, rejeitado pelo atual governo, &#8220;est\u00e1 entre os autores mais citados em trabalhos acad\u00eamicos do mundo&#8221;. Na Folha deste domingo, o doutor em Educa\u00e7\u00e3o e bi\u00f3grafo do educador Sergio Haddad analisa a hostilidade contra o intelectual.<\/p>\n<p>&#8220;Sugiro olhar nos Anais de @Harvard @Cambridge_Uni e @UniofOxford e mais 40 Universidades, mundo a fora, que concederam Doutor Honoris Causa a Paulo Freire&#8221;, rebateu o deputado federal e ex-ministro Alexandre Padilha (PT-SP). &#8220;Paulo Freire \u00e9 um dos educadores mais importantes do mundo. Seu trabalho \u00e9 estudado em diversas universidades Norte-Americanas, homenageado com uma escultura na Su\u00e9cia, seu nome foi dado a um centro de estudos na Finl\u00e2ndia&#8221;, disse Ricardo Savino, documentarista e produtor cultural, que tamb\u00e9m fez outros tu\u00edtes.<\/p>\n<p>&#8220;O &#8220;intelectual&#8221; brasileiro Eduardo Bolsonaro, do alto da sua &#8220;sapi\u00eancia&#8221; pregunta: quem \u00e9 Paulo Freire? Resposta: \u00c9 o brasileiro com mais t\u00edtulos de Doutor Honoris Causa de diversas universidades, s\u00e3o 41, ao todo, entre elas, Harvard, Cambridge e Oxford. Simplesmente, o maior&#8221;, respondeu o tuiteiro Renan Ara\u00fajo a Eduardo Bolsonaro. &#8220;Vamos mostrar ou deixar a tarefa p\/ a Stanford University?&#8221;, ironizou o perfil Kepler &amp; Kopernikus.<\/p>\n<p>&nbsp;<\/p>\n<div class=\"SandboxRoot env-bp-350\" data-twitter-event-id=\"0\">\n<div id=\"twitter-widget-0\" class=\"EmbeddedTweet EmbeddedTweet--cta js-clickToOpenTarget tweet-InformationCircle-widgetParent\" lang=\"pt\" data-click-to-open-target=\"https:\/\/twitter.com\/BolsonaroSP\/status\/1117160381951221762\" data-iframe-title=\"Tweet do Twitter\" data-scribe=\"page:tweet\" data-twitter-event-id=\"1\"><\/div>\n<div class=\"resize-sensor\"><\/div>\n<\/div>\n","protected":false},"excerpt":{"rendered":"<p>247 &#8211; O deputado federal Eduardo Bolsonaro, filho do presidente Jair Bolsonaro, ousou desafiar a esquerda a dizer &#8220;quem \u00e9 Paulo Freire&#8221;, uma vez que a direita vem dizendo todo os dias &#8220;quem \u00e9 Olavo de Carvalho&#8221;.<\/p>\n","protected":false},"author":1,"featured_media":0,"comment_status":"closed","ping_status":"open","sticky":false,"template":"","format":"standard","meta":{"_exactmetrics_skip_tracking":false,"_exactmetrics_sitenote_active":false,"_exactmetrics_sitenote_note":"","_exactmetrics_sitenote_category":0,"jetpack_post_was_ever_published":false,"_jetpack_newsletter_access":"","_jetpack_dont_email_post_to_subs":false,"_jetpack_newsletter_tier_id":0,"_jetpack_memberships_contains_paywalled_content":false,"_jetpack_memberships_contains_paid_content":false,"footnotes":"","jetpack_publicize_message":"","jetpack_publicize_feature_enabled":true,"jetpack_social_post_already_shared":true,"jetpack_social_options":{"image_generator_settings":{"template":"highway","enabled":false},"version":2}},"categories":[1],"tags":[],"class_list":["post-21262","post","type-post","status-publish","format-standard","hentry","category-notas"],"jetpack_publicize_connections":[],"jetpack_sharing_enabled":true,"jetpack_featured_media_url":"","jetpack_shortlink":"https:\/\/wp.me\/p7wKYW-5wW","jetpack-related-posts":[],"_links":{"self":[{"href":"http:\/\/blogdalucianaoliveira.com.br\/blog\/wp-json\/wp\/v2\/posts\/21262","targetHints":{"allow":["GET"]}}],"collection":[{"href":"http:\/\/blogdalucianaoliveira.com.br\/blog\/wp-json\/wp\/v2\/posts"}],"about":[{"href":"http:\/\/blogdalucianaoliveira.com.br\/blog\/wp-json\/wp\/v2\/types\/post"}],"author":[{"embeddable":true,"href":"http:\/\/blogdalucianaoliveira.com.br\/blog\/wp-json\/wp\/v2\/users\/1"}],"replies":[{"embeddable":true,"href":"http:\/\/blogdalucianaoliveira.com.br\/blog\/wp-json\/wp\/v2\/comments?post=21262"}],"version-history":[{"count":1,"href":"http:\/\/blogdalucianaoliveira.com.br\/blog\/wp-json\/wp\/v2\/posts\/21262\/revisions"}],"predecessor-version":[{"id":21264,"href":"http:\/\/blogdalucianaoliveira.com.br\/blog\/wp-json\/wp\/v2\/posts\/21262\/revisions\/21264"}],"wp:attachment":[{"href":"http:\/\/blogdalucianaoliveira.com.br\/blog\/wp-json\/wp\/v2\/media?parent=21262"}],"wp:term":[{"taxonomy":"category","embeddable":true,"href":"http:\/\/blogdalucianaoliveira.com.br\/blog\/wp-json\/wp\/v2\/categories?post=21262"},{"taxonomy":"post_tag","embeddable":true,"href":"http:\/\/blogdalucianaoliveira.com.br\/blog\/wp-json\/wp\/v2\/tags?post=21262"}],"curies":[{"name":"wp","href":"https:\/\/api.w.org\/{rel}","templated":true}]}}