{"id":21265,"date":"2019-04-14T14:46:39","date_gmt":"2019-04-14T18:46:39","guid":{"rendered":"http:\/\/blogdalucianaoliveira.com.br\/blog\/?p=21265"},"modified":"2019-04-14T14:46:39","modified_gmt":"2019-04-14T18:46:39","slug":"bolsonaro-desautoriza-operacao-em-andamento-do-ibama-contra-madeira-ilegal-em-ro","status":"publish","type":"post","link":"http:\/\/blogdalucianaoliveira.com.br\/blog\/2019\/04\/14\/bolsonaro-desautoriza-operacao-em-andamento-do-ibama-contra-madeira-ilegal-em-ro\/","title":{"rendered":"Bolsonaro desautoriza opera\u00e7\u00e3o em andamento do Ibama contra madeira ilegal em RO"},"content":{"rendered":"<p><img data-recalc-dims=\"1\" loading=\"lazy\" decoding=\"async\" data-attachment-id=\"21266\" data-permalink=\"http:\/\/blogdalucianaoliveira.com.br\/blog\/2019\/04\/14\/bolsonaro-desautoriza-operacao-em-andamento-do-ibama-contra-madeira-ilegal-em-ro\/3d830482-549c-4e65-9a41-f241ce7e62b1\/\" data-orig-file=\"https:\/\/i0.wp.com\/blogdalucianaoliveira.com.br\/blog\/wp-content\/uploads\/2019\/04\/3D830482-549C-4E65-9A41-F241CE7E62B1.jpeg?fit=750%2C469\" data-orig-size=\"750,469\" data-comments-opened=\"0\" data-image-meta=\"{&quot;aperture&quot;:&quot;0&quot;,&quot;credit&quot;:&quot;&quot;,&quot;camera&quot;:&quot;&quot;,&quot;caption&quot;:&quot;&quot;,&quot;created_timestamp&quot;:&quot;0&quot;,&quot;copyright&quot;:&quot;&quot;,&quot;focal_length&quot;:&quot;0&quot;,&quot;iso&quot;:&quot;0&quot;,&quot;shutter_speed&quot;:&quot;0&quot;,&quot;title&quot;:&quot;&quot;,&quot;orientation&quot;:&quot;0&quot;}\" data-image-title=\"3D830482-549C-4E65-9A41-F241CE7E62B1\" data-image-description=\"\" data-image-caption=\"\" data-medium-file=\"https:\/\/i0.wp.com\/blogdalucianaoliveira.com.br\/blog\/wp-content\/uploads\/2019\/04\/3D830482-549C-4E65-9A41-F241CE7E62B1.jpeg?fit=300%2C188\" data-large-file=\"https:\/\/i0.wp.com\/blogdalucianaoliveira.com.br\/blog\/wp-content\/uploads\/2019\/04\/3D830482-549C-4E65-9A41-F241CE7E62B1.jpeg?fit=600%2C375\" class=\"alignnone size-full wp-image-21266\" src=\"https:\/\/i0.wp.com\/blogdalucianaoliveira.com.br\/blog\/wp-content\/uploads\/2019\/04\/3D830482-549C-4E65-9A41-F241CE7E62B1.jpeg?resize=600%2C375\" alt=\"3D830482-549C-4E65-9A41-F241CE7E62B1\" width=\"600\" height=\"375\" srcset=\"https:\/\/i0.wp.com\/blogdalucianaoliveira.com.br\/blog\/wp-content\/uploads\/2019\/04\/3D830482-549C-4E65-9A41-F241CE7E62B1.jpeg?w=750 750w, https:\/\/i0.wp.com\/blogdalucianaoliveira.com.br\/blog\/wp-content\/uploads\/2019\/04\/3D830482-549C-4E65-9A41-F241CE7E62B1.jpeg?resize=300%2C188 300w, https:\/\/i0.wp.com\/blogdalucianaoliveira.com.br\/blog\/wp-content\/uploads\/2019\/04\/3D830482-549C-4E65-9A41-F241CE7E62B1.jpeg?resize=480%2C300 480w\" sizes=\"auto, (max-width: 600px) 100vw, 600px\" \/><\/p>\n<p>Em v\u00eddeo, presidente diz que maquin\u00e1rio n\u00e3o deve ser destru\u00eddo por agentes<!--more--><\/p>\n<p>Fabiano Maisonnave<br \/>\nMANAUS<br \/>\nEm v\u00eddeo que circula nas redes sociais, o presidente Jair Bolsonaro desautorizou uma opera\u00e7\u00e3o em andamento do Ibama contra roubo de madeira dentro da Floresta Nacional (Flona) do Jamari, em Rond\u00f4nia.<\/p>\n<p>A grava\u00e7\u00e3o, que viralizou neste s\u00e1bado (13), foi feita pelo senador Marcos Rog\u00e9rio (DEM-RO), aparentemente na v\u00e9spera, durante viagem a Macap\u00e1 (AP). Ao lado de Bolsonaro, ele afirma que \u201co pessoal do meio ambiente, do Ibama\u201d est\u00e1 \u201cqueimando caminh\u00f5es, tratores\u201d nos munic\u00edpios de Cujubim, onde fica a Flona do Jamari, e de Espig\u00e3o d`Oeste.<\/p>\n<p>\u201cOntem, o ministro do Meio Ambiente, Ricardo Salles, me veio falar comigo com essa informa\u00e7\u00e3o. Ele j\u00e1 mandou abrir um processo administrativo para a apurar o respons\u00e1vel disso a\u00ed. N\u00e3o \u00e9 pra queimar nada, maquin\u00e1rio, trator, seja o que for, n\u00e3o \u00e9 esse procedimento, n\u00e3o \u00e9 essa a nossa orienta\u00e7\u00e3o\u201d, diz o presidente em seguida.<\/p>\n<p>A Folha apurou que, desde a semana passada, agentes do Ibama queimaram caminh\u00f5es e tratores dentro da Flona do Jamari. A decis\u00e3o de destruir o ve\u00edculo foi tomada devido \u00e0s m\u00e1s condi\u00e7\u00f5es dos ve\u00edculos e \u00e0 localiza\u00e7\u00e3o remota. A avalia\u00e7\u00e3o foi de que haveria riscos para a seguran\u00e7a dos agentes, dos policiais e dos pr\u00f3prios criminosos.<\/p>\n<p>Ao contr\u00e1rio do que afirmam Bolsonaro e o senador Rog\u00e9rio, a legisla\u00e7\u00e3o permite a destrui\u00e7\u00e3o de equipamentos e ve\u00edculos apreendidos durante fiscaliza\u00e7\u00e3o ambiental, por meio do artigo 111 do decreto 6.514, de 2008.<\/p>\n<p>\u201cOs (&#8230;) instrumentos utilizados na pr\u00e1tica da infra\u00e7\u00e3o poder\u00e3o ser destru\u00eddos ou inutilizados quando:a medida for necess\u00e1ria para evitar o seu uso e aproveitamento indevidos nas situa\u00e7\u00f5es em que o transporte e a guarda forem invi\u00e1veis em face das circunst\u00e2ncias; ou possam expor o meio ambiente a riscos significativos ou comprometer a seguran\u00e7a da popula\u00e7\u00e3o e dos agentes p\u00fablicos envolvidos na fiscaliza\u00e7\u00e3o\u201d, diz o artigo.<\/p>\n<p>A destrui\u00e7\u00e3o de equipamentos apreendidos s\u00f3 ocorre em cerca de 2% das opera\u00e7\u00f5es do Ibama. Geralmente, o recurso \u00e9 utilizado em \u00e1reas protegidas da Amaz\u00f4nia, onde n\u00e3o h\u00e1 log\u00edstica dispon\u00edvel para a retirada do material apreendido \u2014o transporte de um escavadeira de um garimpo ilegal, por exemplo, pode levar algumas semanas.<\/p>\n<p>Nenhum propriet\u00e1rio de equipamento destru\u00eddo entrou na Justi\u00e7a contra o Ibama desde que o \u00f3rg\u00e3o ambiental passou a destruir equipamentos de madeireiros, garimpeiros e outros infratores ambientais, h\u00e1 dez anos.<\/p>\n<p>Curiosamente, Bolsonaro assinou na quinta-feira (11) o decreto 9.760, que modificou o decreto 6.514 para incluir mudan\u00e7as, como a concilia\u00e7\u00e3o de multas ambientais, mas n\u00e3o alterou no artigo 111. A minuta do decreto foi preparada pelo Minist\u00e9rio do Meio Ambiente.<\/p>\n<div>\n<div class=\"c-video js-widget-uol-mais widget-uol-mais\" data-video=\"\" data-href=\"http:\/\/mais.uol.com.br\/view\/16636649\">\n<div class=\"c-video__container\" data-video-container=\"\">\n<div class=\"c-video__frame\"><iframe loading=\"lazy\" src=\"https:\/\/player.mais.uol.com.br\/?mediaId=16636649&amp;onDemand=true\" width=\"300\" height=\"150\" frameborder=\"0\" allowfullscreen=\"allowfullscreen\" data-mce-fragment=\"1\"><\/iframe><\/div>\n<\/div>\n<\/div>\n<\/div>\n<h3 class=\"c-news__subtitle\">TEMOR<\/h3>\n<p>As novas cr\u00edticas de Bolsonaro contra a opera\u00e7\u00e3o em Rond\u00f4nia causaram temor de que possam incentivar ataques de infratores ambientais contra servidores do Ibama, que ainda est\u00e1 em campo em Cujubim.<\/p>\n<p>Ataques contra o Ibama e o ICMBio ocorrem h\u00e1 anos na Amaz\u00f4nia, mas ganharam for\u00e7a desde a elei\u00e7\u00e3o de Bolsonaro, um feroz cr\u00edtico de ambos os \u00f3rg\u00e3os ambientais, acusados por ele de promover uma \u201cind\u00fastria da multa\u201d contra produtores rurais e empres\u00e1rios. Somente em Rond\u00f4nia, foram ao menos tr\u00eas casos no final do ano passado.<\/p>\n<p>Em visita ao estado durante a campanha presidencial, o ent\u00e3o candidato disse que o estado tem um excesso de unidades de conserva\u00e7\u00e3o e terras ind\u00edgenas. \u201cAqui em Rond\u00f4nia s\u00e3o 53 unidades de conserva\u00e7\u00e3o e 25 terras ind\u00edgenas. \u00c9 um absurdo o que se faz no Brasil, usando o nome ambiental\u201d, disse Bolsonaro, em agosto.<\/p>\n","protected":false},"excerpt":{"rendered":"<p>Em v\u00eddeo, presidente diz que maquin\u00e1rio n\u00e3o deve ser destru\u00eddo por agentes<\/p>\n","protected":false},"author":1,"featured_media":0,"comment_status":"closed","ping_status":"open","sticky":false,"template":"","format":"standard","meta":{"_exactmetrics_skip_tracking":false,"_exactmetrics_sitenote_active":false,"_exactmetrics_sitenote_note":"","_exactmetrics_sitenote_category":0,"jetpack_post_was_ever_published":false,"_jetpack_newsletter_access":"","_jetpack_dont_email_post_to_subs":false,"_jetpack_newsletter_tier_id":0,"_jetpack_memberships_contains_paywalled_content":false,"_jetpack_memberships_contains_paid_content":false,"footnotes":"","jetpack_publicize_message":"","jetpack_publicize_feature_enabled":true,"jetpack_social_post_already_shared":true,"jetpack_social_options":{"image_generator_settings":{"template":"highway","enabled":false},"version":2}},"categories":[1],"tags":[],"class_list":["post-21265","post","type-post","status-publish","format-standard","hentry","category-notas"],"jetpack_publicize_connections":[],"jetpack_sharing_enabled":true,"jetpack_featured_media_url":"","jetpack_shortlink":"https:\/\/wp.me\/p7wKYW-5wZ","jetpack-related-posts":[],"_links":{"self":[{"href":"http:\/\/blogdalucianaoliveira.com.br\/blog\/wp-json\/wp\/v2\/posts\/21265","targetHints":{"allow":["GET"]}}],"collection":[{"href":"http:\/\/blogdalucianaoliveira.com.br\/blog\/wp-json\/wp\/v2\/posts"}],"about":[{"href":"http:\/\/blogdalucianaoliveira.com.br\/blog\/wp-json\/wp\/v2\/types\/post"}],"author":[{"embeddable":true,"href":"http:\/\/blogdalucianaoliveira.com.br\/blog\/wp-json\/wp\/v2\/users\/1"}],"replies":[{"embeddable":true,"href":"http:\/\/blogdalucianaoliveira.com.br\/blog\/wp-json\/wp\/v2\/comments?post=21265"}],"version-history":[{"count":1,"href":"http:\/\/blogdalucianaoliveira.com.br\/blog\/wp-json\/wp\/v2\/posts\/21265\/revisions"}],"predecessor-version":[{"id":21267,"href":"http:\/\/blogdalucianaoliveira.com.br\/blog\/wp-json\/wp\/v2\/posts\/21265\/revisions\/21267"}],"wp:attachment":[{"href":"http:\/\/blogdalucianaoliveira.com.br\/blog\/wp-json\/wp\/v2\/media?parent=21265"}],"wp:term":[{"taxonomy":"category","embeddable":true,"href":"http:\/\/blogdalucianaoliveira.com.br\/blog\/wp-json\/wp\/v2\/categories?post=21265"},{"taxonomy":"post_tag","embeddable":true,"href":"http:\/\/blogdalucianaoliveira.com.br\/blog\/wp-json\/wp\/v2\/tags?post=21265"}],"curies":[{"name":"wp","href":"https:\/\/api.w.org\/{rel}","templated":true}]}}