{"id":21271,"date":"2019-04-15T10:20:47","date_gmt":"2019-04-15T14:20:47","guid":{"rendered":"http:\/\/blogdalucianaoliveira.com.br\/blog\/?p=21271"},"modified":"2019-04-15T10:23:08","modified_gmt":"2019-04-15T14:23:08","slug":"so-bolsonaro-manda-recado-para-acalmar-quem-pratica-extracao-ilegal-de-madeira","status":"publish","type":"post","link":"http:\/\/blogdalucianaoliveira.com.br\/blog\/2019\/04\/15\/so-bolsonaro-manda-recado-para-acalmar-quem-pratica-extracao-ilegal-de-madeira\/","title":{"rendered":"S\u00f3 Bolsonaro manda recado para acalmar quem pratica extra\u00e7\u00e3o ilegal de madeira"},"content":{"rendered":"<p><img data-recalc-dims=\"1\" loading=\"lazy\" decoding=\"async\" data-attachment-id=\"21272\" data-permalink=\"http:\/\/blogdalucianaoliveira.com.br\/blog\/2019\/04\/15\/so-bolsonaro-manda-recado-para-acalmar-quem-pratica-extracao-ilegal-de-madeira\/bobo-2\/\" data-orig-file=\"https:\/\/i0.wp.com\/blogdalucianaoliveira.com.br\/blog\/wp-content\/uploads\/2019\/04\/bobo.jpg?fit=1754%2C614\" data-orig-size=\"1754,614\" data-comments-opened=\"0\" data-image-meta=\"{&quot;aperture&quot;:&quot;0&quot;,&quot;credit&quot;:&quot;&quot;,&quot;camera&quot;:&quot;&quot;,&quot;caption&quot;:&quot;&quot;,&quot;created_timestamp&quot;:&quot;0&quot;,&quot;copyright&quot;:&quot;&quot;,&quot;focal_length&quot;:&quot;0&quot;,&quot;iso&quot;:&quot;0&quot;,&quot;shutter_speed&quot;:&quot;0&quot;,&quot;title&quot;:&quot;&quot;,&quot;orientation&quot;:&quot;0&quot;}\" data-image-title=\"bobo\" data-image-description=\"\" data-image-caption=\"\" data-medium-file=\"https:\/\/i0.wp.com\/blogdalucianaoliveira.com.br\/blog\/wp-content\/uploads\/2019\/04\/bobo.jpg?fit=300%2C105\" data-large-file=\"https:\/\/i0.wp.com\/blogdalucianaoliveira.com.br\/blog\/wp-content\/uploads\/2019\/04\/bobo.jpg?fit=600%2C210\" src=\"https:\/\/i0.wp.com\/blogdalucianaoliveira.com.br\/blog\/wp-content\/uploads\/2019\/04\/bobo.jpg?resize=600%2C210\" alt=\"bobo\" width=\"600\" height=\"210\" class=\"alignnone size-full wp-image-21272\" srcset=\"https:\/\/i0.wp.com\/blogdalucianaoliveira.com.br\/blog\/wp-content\/uploads\/2019\/04\/bobo.jpg?w=1754 1754w, https:\/\/i0.wp.com\/blogdalucianaoliveira.com.br\/blog\/wp-content\/uploads\/2019\/04\/bobo.jpg?resize=300%2C105 300w, https:\/\/i0.wp.com\/blogdalucianaoliveira.com.br\/blog\/wp-content\/uploads\/2019\/04\/bobo.jpg?resize=768%2C269 768w, https:\/\/i0.wp.com\/blogdalucianaoliveira.com.br\/blog\/wp-content\/uploads\/2019\/04\/bobo.jpg?resize=1024%2C358 1024w, https:\/\/i0.wp.com\/blogdalucianaoliveira.com.br\/blog\/wp-content\/uploads\/2019\/04\/bobo.jpg?resize=800%2C280 800w, https:\/\/i0.wp.com\/blogdalucianaoliveira.com.br\/blog\/wp-content\/uploads\/2019\/04\/bobo.jpg?w=1200 1200w\" sizes=\"auto, (max-width: 600px) 100vw, 600px\" \/><\/p>\n<p>S\u00f3 mesmo um presidente desinformado e irrespons\u00e1vel como Jair Bolsonaro para se solidarizar com criminosos que roubam madeira de uma \u00e1rea de preserva\u00e7\u00e3o ambiental.<\/p>\n<p>Ele gravou um v\u00eddeo ao lado do senador Marcos Rog\u00e9rio (DEM-RO) com um objetivo inusitado: tranquilizar os criminosos que tiveram tratores e caminh\u00f5es queimados em opera\u00e7\u00e3o do Ibama contra a extra\u00e7\u00e3o ilegal de madeira na Floresta Nacional (Flona) do Jamari, em Rond\u00f4nia.<!--more--><\/p>\n<p><iframe loading=\"lazy\" src=\"https:\/\/www.facebook.com\/plugins\/video.php?href=https%3A%2F%2Fwww.facebook.com%2FMarcosRogerioOficial%2Fvideos%2F2221963621396880%2F&#038;show_text=0&#038;width=476\" width=\"476\" height=\"476\" style=\"border:none;overflow:hidden\" scrolling=\"no\" frameborder=\"0\" allowTransparency=\"true\" allowFullScreen=\"true\"><\/iframe><\/p>\n<p>Apesar da ressalva do senador de que n\u00e3o se trata de apoiar ilegalidades, mas de punir nos limites da lei, na pr\u00e1tica o recado dos dois desinforma e empodera os criminosos.<\/p>\n<p>Pela legisla\u00e7\u00e3o vigente, \u00e9 permitida a destrui\u00e7\u00e3o de equipamentos e ve\u00edculos apreendidos durante fiscaliza\u00e7\u00e3o ambiental e isso est\u00e1 claro no artigo 111 do decreto 6.514, de 2008.<\/p>\n<p>\u201cOs (&#8230;) instrumentos utilizados na pr\u00e1tica da infra\u00e7\u00e3o poder\u00e3o ser destru\u00eddos ou inutilizados quando: a medida for necess\u00e1ria para evitar o seu uso e aproveitamento indevidos nas situa\u00e7\u00f5es em que o transporte e a guarda forem invi\u00e1veis em face das circunst\u00e2ncias; ou possam expor o meio ambiente a riscos significativos ou comprometer a seguran\u00e7a da popula\u00e7\u00e3o e dos agentes p\u00fablicos envolvidos na fiscaliza\u00e7\u00e3o\u201d.<\/p>\n<p>Quem diz quando e por que \u00e9 recomendada a destrui\u00e7\u00e3o de m\u00e1quinas e equipamentos, \u00e9 quem trabalha para proteger o meio ambiente.<\/p>\n<p>N\u00e3o h\u00e1 registro de criminoso que tenha acionado a justi\u00e7a para pedir indeniza\u00e7\u00e3o pelos bens que perdeu. <\/p>\n<p>Quando um presidente e um senador desautorizam taxativamente os agentes fiscalizadores e condenam as a\u00e7\u00f5es de combate a este tipo de crime, o que se sucede \u00e9 o avan\u00e7o da destrui\u00e7\u00e3o da \u00e1rea protegida.<\/p>\n<p>N\u00e3o bastasse a repercuss\u00e3o negativa do v\u00eddeo, o governo anunciou que vai modificar a legisla\u00e7\u00e3o para \u2018corrigir\u2019 o que considera abuso.<\/p>\n<p>&#8220;Ontem, o ministro do Meio Ambiente, Ricardo Salles, me veiofalar comigo com essa informa\u00e7\u00e3o. Ele j\u00e1 mandou abrir um processo administrativo para a apurar o respons\u00e1vel disso a\u00ed. N\u00e3o \u00e9 pra queimar nada, maquin\u00e1rio, trator, seja o que for, n\u00e3o \u00e9 esse procedimento, n\u00e3o \u00e9 essa a nossa orienta\u00e7\u00e3o&#8221;..<\/p>\n<p>Bom, o Ricardo Salles \u00e9 o ministro que responde a a\u00e7\u00e3o civil p\u00fablica ambiental e de improbidade administrativa da na qual j\u00e1 foi condenado em primeira inst\u00e2ncia.<\/p>\n<p>Seria c\u00f4mica, n\u00e3o fosse tr\u00e1gica a posi\u00e7\u00e3o do ministro.<\/p>\n<p>E de Bolsonaro, pelo que j\u00e1 disse e diz, resta evidente a complac\u00eancia com os interesses de infratores ambientais poderosos.<\/p>\n<p>Tem um lado e n\u00e3o \u00e9 o do que \u00e9 mais importante para o futuro das gera\u00e7\u00f5es.<\/p>\n<p>Quando esteve em Rond\u00f4nia durante a campanha, Bolsonaro declarou que \u201c\u00c9 um absurdo o que se faz no Brasil, usando o nome ambiental\u201d, disse o presidente.<\/p>\n<p>Contra os pequenos, \u00e9 um trator.<br \/>\nAos grandes, irriga. <\/p>\n<p>Sobre movimentos sociais que ocupam terras griladas para for\u00e7ar a reforma agr\u00e1ria, o posicionamento de Bolsonaro \u00e9 bem diferente.<\/p>\n<p>\u201cAs a\u00e7\u00f5es deles t\u00eam que ser tipificadas como terrorismo. Esse pessoal s\u00f3 leva o terror ao campo. Invadiu, temos que ter uma legisla\u00e7\u00e3o apropriada para que voc\u00ea possa reagir e voc\u00ea responda a qualquer a\u00e7\u00e3o da tua parte, mas n\u00e3o tenha puni\u00e7\u00e3o\u201d, disse em v\u00eddeo de 2018, ao hoje presidente da Comiss\u00e3o de Constitui\u00e7\u00e3o e Justi\u00e7a e de Cidadania (CCJ) da C\u00e2mara dos Deputados, Felipe Francischini (PSL-PR).<\/p>\n<p>Dois pesos e duas medidas.<br \/>\nO avesso do papel institucional.<br \/>\n\u00c9 coisa que s\u00f3 um presidente falso patriota como Bolsonaro pode fazer.<\/p>\n","protected":false},"excerpt":{"rendered":"<p>S\u00f3 mesmo um presidente desinformado e irrespons\u00e1vel como Jair Bolsonaro para se solidarizar com criminosos que roubam madeira de uma \u00e1rea de preserva\u00e7\u00e3o ambiental. Ele gravou um v\u00eddeo ao lado do senador Marcos Rog\u00e9rio (DEM-RO) com um objetivo inusitado: tranquilizar os criminosos que tiveram tratores e caminh\u00f5es queimados em opera\u00e7\u00e3o do Ibama contra a extra\u00e7\u00e3o&#8230;<a class=\"more-link\" href=\"http:\/\/blogdalucianaoliveira.com.br\/blog\/2019\/04\/15\/so-bolsonaro-manda-recado-para-acalmar-quem-pratica-extracao-ilegal-de-madeira\/\">Continue a leitura <span class=\"meta-nav\">&raquo;<\/span><\/a><\/p>\n","protected":false},"author":1,"featured_media":0,"comment_status":"closed","ping_status":"open","sticky":false,"template":"","format":"standard","meta":{"_exactmetrics_skip_tracking":false,"_exactmetrics_sitenote_active":false,"_exactmetrics_sitenote_note":"","_exactmetrics_sitenote_category":0,"jetpack_post_was_ever_published":false,"_jetpack_newsletter_access":"","_jetpack_dont_email_post_to_subs":false,"_jetpack_newsletter_tier_id":0,"_jetpack_memberships_contains_paywalled_content":false,"_jetpack_memberships_contains_paid_content":false,"footnotes":"","jetpack_publicize_message":"","jetpack_publicize_feature_enabled":true,"jetpack_social_post_already_shared":true,"jetpack_social_options":{"image_generator_settings":{"template":"highway","enabled":false},"version":2}},"categories":[1],"tags":[],"class_list":["post-21271","post","type-post","status-publish","format-standard","hentry","category-notas"],"jetpack_publicize_connections":[],"jetpack_sharing_enabled":true,"jetpack_featured_media_url":"","jetpack_shortlink":"https:\/\/wp.me\/p7wKYW-5x5","jetpack-related-posts":[],"_links":{"self":[{"href":"http:\/\/blogdalucianaoliveira.com.br\/blog\/wp-json\/wp\/v2\/posts\/21271","targetHints":{"allow":["GET"]}}],"collection":[{"href":"http:\/\/blogdalucianaoliveira.com.br\/blog\/wp-json\/wp\/v2\/posts"}],"about":[{"href":"http:\/\/blogdalucianaoliveira.com.br\/blog\/wp-json\/wp\/v2\/types\/post"}],"author":[{"embeddable":true,"href":"http:\/\/blogdalucianaoliveira.com.br\/blog\/wp-json\/wp\/v2\/users\/1"}],"replies":[{"embeddable":true,"href":"http:\/\/blogdalucianaoliveira.com.br\/blog\/wp-json\/wp\/v2\/comments?post=21271"}],"version-history":[{"count":3,"href":"http:\/\/blogdalucianaoliveira.com.br\/blog\/wp-json\/wp\/v2\/posts\/21271\/revisions"}],"predecessor-version":[{"id":21275,"href":"http:\/\/blogdalucianaoliveira.com.br\/blog\/wp-json\/wp\/v2\/posts\/21271\/revisions\/21275"}],"wp:attachment":[{"href":"http:\/\/blogdalucianaoliveira.com.br\/blog\/wp-json\/wp\/v2\/media?parent=21271"}],"wp:term":[{"taxonomy":"category","embeddable":true,"href":"http:\/\/blogdalucianaoliveira.com.br\/blog\/wp-json\/wp\/v2\/categories?post=21271"},{"taxonomy":"post_tag","embeddable":true,"href":"http:\/\/blogdalucianaoliveira.com.br\/blog\/wp-json\/wp\/v2\/tags?post=21271"}],"curies":[{"name":"wp","href":"https:\/\/api.w.org\/{rel}","templated":true}]}}