{"id":21276,"date":"2019-04-15T11:30:24","date_gmt":"2019-04-15T15:30:24","guid":{"rendered":"http:\/\/blogdalucianaoliveira.com.br\/blog\/?p=21276"},"modified":"2019-04-15T11:30:24","modified_gmt":"2019-04-15T15:30:24","slug":"steve-bannon-salvini-e-o-complo-para-derrubar-o-papa-francisco","status":"publish","type":"post","link":"http:\/\/blogdalucianaoliveira.com.br\/blog\/2019\/04\/15\/steve-bannon-salvini-e-o-complo-para-derrubar-o-papa-francisco\/","title":{"rendered":"Steve Bannon, Salvini e o compl\u00f4 para derrubar o Papa Francisco"},"content":{"rendered":"<p><img data-recalc-dims=\"1\" loading=\"lazy\" decoding=\"async\" data-attachment-id=\"21277\" data-permalink=\"http:\/\/blogdalucianaoliveira.com.br\/blog\/2019\/04\/15\/steve-bannon-salvini-e-o-complo-para-derrubar-o-papa-francisco\/papa-3-600x400\/\" data-orig-file=\"https:\/\/i0.wp.com\/blogdalucianaoliveira.com.br\/blog\/wp-content\/uploads\/2019\/04\/papa-3-600x400.jpg?fit=600%2C400\" data-orig-size=\"600,400\" data-comments-opened=\"0\" data-image-meta=\"{&quot;aperture&quot;:&quot;0&quot;,&quot;credit&quot;:&quot;&quot;,&quot;camera&quot;:&quot;&quot;,&quot;caption&quot;:&quot;&quot;,&quot;created_timestamp&quot;:&quot;0&quot;,&quot;copyright&quot;:&quot;&quot;,&quot;focal_length&quot;:&quot;0&quot;,&quot;iso&quot;:&quot;0&quot;,&quot;shutter_speed&quot;:&quot;0&quot;,&quot;title&quot;:&quot;&quot;,&quot;orientation&quot;:&quot;0&quot;}\" data-image-title=\"papa-3-600&amp;#215;400\" data-image-description=\"\" data-image-caption=\"\" data-medium-file=\"https:\/\/i0.wp.com\/blogdalucianaoliveira.com.br\/blog\/wp-content\/uploads\/2019\/04\/papa-3-600x400.jpg?fit=300%2C200\" data-large-file=\"https:\/\/i0.wp.com\/blogdalucianaoliveira.com.br\/blog\/wp-content\/uploads\/2019\/04\/papa-3-600x400.jpg?fit=600%2C400\" src=\"https:\/\/i0.wp.com\/blogdalucianaoliveira.com.br\/blog\/wp-content\/uploads\/2019\/04\/papa-3-600x400.jpg?resize=600%2C400\" alt=\"papa-3-600x400\" width=\"600\" height=\"400\" class=\"alignnone size-full wp-image-21277\" srcset=\"https:\/\/i0.wp.com\/blogdalucianaoliveira.com.br\/blog\/wp-content\/uploads\/2019\/04\/papa-3-600x400.jpg?resize=600%2C400 600w, https:\/\/i0.wp.com\/blogdalucianaoliveira.com.br\/blog\/wp-content\/uploads\/2019\/04\/papa-3-600x400.jpg?resize=300%2C200 300w, https:\/\/i0.wp.com\/blogdalucianaoliveira.com.br\/blog\/wp-content\/uploads\/2019\/04\/papa-3-600x400.jpg?resize=450%2C300 450w\" sizes=\"auto, (max-width: 600px) 100vw, 600px\" \/><\/p>\n<p>\u201cPode-se supor que Francisco est\u00e1 perguntando o que Jesus faria pelo bem da humanidade. Parece que Bannon, Burke e Salvini, adoradores de Trump, acham que sabem melhor\u201d, escreve Barbie Latza Nadeau, em coment\u00e1rio publicado por Daily Beast, 20-06-2018. A tradu\u00e7\u00e3o \u00e9 de Victor D. Thiesen.<!--more--><\/p>\n<p>No DCM<\/p>\n<p>Um trio de conservadores est\u00e1 agindo contra os esfor\u00e7os do pont\u00edfice em defender os direitos humanos e a igualdade \u2013 mesmo no Dia Mundial do Refugiado.<\/p>\n<p>Soa quase como uma piada sem gra\u00e7a. Um ex-estrategista de Trump, um cardeal conservador com uma queda por roupas cerimoniais elegantes e um xen\u00f3fobo de extrema-direita entram em um bar em Roma. Neste caso, o estrategista de Trump, Steve Bannon, o cardeal conservador americano, Raymond Burke, e o xen\u00f3fobo, o novo Ministro do Interior da It\u00e1lia, Matteo Salvini. N\u00e3o, eles n\u00e3o est\u00e3o em um bar apenas conversando, e sim conspirando contra o Papa Francisco a respeito da imigra\u00e7\u00e3o.<\/p>\n<p>N\u00e3o \u00e9 segredo que a primeira viagem apost\u00f3lica de Francisco \u00e0 ilha italiana de Lampedusa foi em apoio \u00e0s centenas de milhares de imigrantes, e \u00e0 pol\u00edtica de fronteiras abertas. Ele celebrou missas na fronteira mexicana com os Estados Unidos e alertou l\u00edderes mundiais a priorizarem a aceita\u00e7\u00e3o dos migrantes, devido a suas preocupa\u00e7\u00f5es em manter a seguran\u00e7a nacional e evitar discrimina\u00e7\u00e3o, racismo, nacionalismo extremo e xenofobia.<\/p>\n<p>Em uma s\u00e9rie de declara\u00e7\u00f5es antes do Dia Mundial do Refugiado, na quarta-feira, Francisco pediu integra\u00e7\u00e3o e aceita\u00e7\u00e3o, e n\u00e3o fronteiras fechadas. \u201cEspero que os estados envolvidos nesses processos cheguem a um entendimento para assegurar, com responsabilidade e humanidade, a assist\u00eancia e a prote\u00e7\u00e3o daqueles que s\u00e3o for\u00e7ados a fugir de seu pr\u00f3prio pa\u00eds\u201d, disse ele em uma de suas mensagens para marcar a ocasi\u00e3o.<\/p>\n<p>As palavras do Papa foram recha\u00e7adas por muitos pol\u00edticos e provocaram indigna\u00e7\u00e3o de Bannon, Burke e Salvini. Bannon disse \u00e0 ABC News nesta semana que a Igreja Cat\u00f3lica era \u201cum dos piores instigadores dessa pol\u00edtica de fronteiras abertas\u201d, destacando Francisco como a principal raz\u00e3o para a crise migrat\u00f3ria na Europa (que come\u00e7ou muito antes de Francisco ser eleito em 2013). Bannon, que proclama sua pr\u00f3pria f\u00e9 cat\u00f3lica, disse anteriormente que a Igreja Cat\u00f3lica precisa apenas de \u201cestrangeiros ilegais\u201d para preencher seus bancos.<\/p>\n<p>Bannon estava em Roma no in\u00edcio de junho para celebrar o novo governo populista da It\u00e1lia, dirigido por Salvini, o l\u00edder do Movimento das Cinco Estrelas, Luigi Di Maio, e seu previamente desconhecido fantoche, o primeiro-ministro Giuseppe Conte. O cardeal tamb\u00e9m fez uma viagem ao mosteiro de Trisulti. \u00c9 uma joia imobili\u00e1ria de 800 anos, a poucas horas de Roma, sendo desenvolvida por Benjamin Harnwell, um cat\u00f3lico conservador brit\u00e2nico ligado ao UKIP, partido que construiu sua reputa\u00e7\u00e3o como um basti\u00e3o do pensamento de direita.<\/p>\n<p>Harnwell e sua organiza\u00e7\u00e3o s\u00e3o uma conex\u00e3o importante entre Bannon e Burke. Foi ele quem reuniu os dois pela primeira vez, de acordo com um artigo do New York Times exibido no site de Harnwell. Em uma das confer\u00eancias de Harnwell em 2014, por meio de um link de v\u00eddeo, Bannon alertou que o \u00eaxodo migrat\u00f3rio levaria a um aumento do populismo.<\/p>\n<p>Burke realizou uma campanha pela diminui\u00e7\u00e3o dos poderes papais. Ele \u00e9 um dos principais detratores do Papa, questionando abertamente a capacidade de Franciscoem dirigir a Igreja. Abertamente tamb\u00e9m, se dirigiu ao Isl\u00e3 como uma amea\u00e7a ao apoiar controles de fronteira mais r\u00edgidos, desafiando diretamente seu chefe, o Papa. Ele tamb\u00e9m \u00e9 um defensor do presidente americano Donald Trump, a quem o Papachamou de n\u00e3o crist\u00e3o por querer construir seu muro na divisa com o M\u00e9xico.<\/p>\n<p>O cardeal tem cultivado um relacionamento com Salvini, que o visitou esta semana em Roma. Os dois j\u00e1 haviam se encontrado in\u00fameras vezes por causa da avers\u00e3o compartilhada ao atual pont\u00edfice.<\/p>\n<p>Salvini fechou os portos italianos para navios de resgate de caridade no in\u00edcio deste m\u00eas, enviando mais de 600 pessoas em alto mar para a Espanha. Agora, ele declarou guerra aos povos n\u00f4mades ciganos, pedindo uma pesquisa f\u00edsica dos acampamentos ciganos para criar um censo, do qual ele far\u00e1 uma lista de pessoas a serem deportadas.<\/p>\n<p>\u201cOs estrangeiros irregulares ser\u00e3o deportados por meio de acordos com outros pa\u00edses\u201d, disse ele a uma emissora de televis\u00e3o italiana nesta semana.<\/p>\n<p>N\u00e3o \u00e9 segredo que Bannon tem sido um grande f\u00e3 das pol\u00edticas de Salvini, as chamando de \u201cexemplo\u201d para o resto do mundo. As a\u00e7\u00f5es de Salvini tamb\u00e9m aumentaram sua popularidade em casa.<\/p>\n<p>Uma pesquisa recente mostrou que seu partido tinha 2,2 pontos percentuais a mais do que quando seu governo de coaliz\u00e3o foi inaugurado em 1\u00ba de junho. O Movimento Cinco Estrelas, da coaliz\u00e3o, perdeu 2,5 pontos na mesma pesquisa, em parte, por conta de sua base n\u00e3o concordar com a linha dura de migra\u00e7\u00e3o.<\/p>\n<p>Francisco tamb\u00e9m n\u00e3o est\u00e1 de acordo, embora esteja perdendo, tanto na It\u00e1lia, quanto no exterior. Ele tem sido preciso ao falar sobre os direitos dos migrantes nos \u00faltimos dias, tanto no que diz respeito ao fechamento de portos italianos, quanto a separa\u00e7\u00e3o de crian\u00e7as de suas fam\u00edlias, na fronteira dos Estados Unidos com o M\u00e9xico. \u201cEu gostaria de salientar que a quest\u00e3o da migra\u00e7\u00e3o n\u00e3o \u00e9 simplesmente de n\u00fameros, mas de pessoas. Cada uma com sua pr\u00f3pria hist\u00f3ria, cultura, sentimentos e aspira\u00e7\u00f5es\u201d, disse Francisco. \u201cEssas pessoas, nossos irm\u00e3os e irm\u00e3s, precisam de prote\u00e7\u00e3o cont\u00ednua, independentemente de qualquer status de migrante que possam ter.\u201d<\/p>\n<p>Paolo Gentiloni, ex-centro-esquerda da It\u00e1lia, acusou Salvini de seguir o modelo norte-americano muito de perto, twittando um sentimento que muitos moderados temem: \u201cOntem os refugiados, hoje Roma, amanh\u00e3 armas para todos\u201d.<\/p>\n<p>Pode-se supor que Francisco est\u00e1 perguntando o que Jesus faria pelo bem da humanidade. Parece que Bannon, Burke e Salvini, adoradores de Trump, acham que sabem melhor.<\/p>\n","protected":false},"excerpt":{"rendered":"<p>\u201cPode-se supor que Francisco est\u00e1 perguntando o que Jesus faria pelo bem da humanidade. Parece que Bannon, Burke e Salvini, adoradores de Trump, acham que sabem melhor\u201d, escreve Barbie Latza Nadeau, em coment\u00e1rio publicado por Daily Beast, 20-06-2018. A tradu\u00e7\u00e3o \u00e9 de Victor D. Thiesen.<\/p>\n","protected":false},"author":1,"featured_media":0,"comment_status":"closed","ping_status":"open","sticky":false,"template":"","format":"standard","meta":{"_exactmetrics_skip_tracking":false,"_exactmetrics_sitenote_active":false,"_exactmetrics_sitenote_note":"","_exactmetrics_sitenote_category":0,"jetpack_post_was_ever_published":false,"_jetpack_newsletter_access":"","_jetpack_dont_email_post_to_subs":false,"_jetpack_newsletter_tier_id":0,"_jetpack_memberships_contains_paywalled_content":false,"_jetpack_memberships_contains_paid_content":false,"footnotes":"","jetpack_publicize_message":"","jetpack_publicize_feature_enabled":true,"jetpack_social_post_already_shared":true,"jetpack_social_options":{"image_generator_settings":{"template":"highway","enabled":false},"version":2}},"categories":[1],"tags":[],"class_list":["post-21276","post","type-post","status-publish","format-standard","hentry","category-notas"],"jetpack_publicize_connections":[],"jetpack_sharing_enabled":true,"jetpack_featured_media_url":"","jetpack_shortlink":"https:\/\/wp.me\/p7wKYW-5xa","jetpack-related-posts":[],"_links":{"self":[{"href":"http:\/\/blogdalucianaoliveira.com.br\/blog\/wp-json\/wp\/v2\/posts\/21276","targetHints":{"allow":["GET"]}}],"collection":[{"href":"http:\/\/blogdalucianaoliveira.com.br\/blog\/wp-json\/wp\/v2\/posts"}],"about":[{"href":"http:\/\/blogdalucianaoliveira.com.br\/blog\/wp-json\/wp\/v2\/types\/post"}],"author":[{"embeddable":true,"href":"http:\/\/blogdalucianaoliveira.com.br\/blog\/wp-json\/wp\/v2\/users\/1"}],"replies":[{"embeddable":true,"href":"http:\/\/blogdalucianaoliveira.com.br\/blog\/wp-json\/wp\/v2\/comments?post=21276"}],"version-history":[{"count":1,"href":"http:\/\/blogdalucianaoliveira.com.br\/blog\/wp-json\/wp\/v2\/posts\/21276\/revisions"}],"predecessor-version":[{"id":21278,"href":"http:\/\/blogdalucianaoliveira.com.br\/blog\/wp-json\/wp\/v2\/posts\/21276\/revisions\/21278"}],"wp:attachment":[{"href":"http:\/\/blogdalucianaoliveira.com.br\/blog\/wp-json\/wp\/v2\/media?parent=21276"}],"wp:term":[{"taxonomy":"category","embeddable":true,"href":"http:\/\/blogdalucianaoliveira.com.br\/blog\/wp-json\/wp\/v2\/categories?post=21276"},{"taxonomy":"post_tag","embeddable":true,"href":"http:\/\/blogdalucianaoliveira.com.br\/blog\/wp-json\/wp\/v2\/tags?post=21276"}],"curies":[{"name":"wp","href":"https:\/\/api.w.org\/{rel}","templated":true}]}}