{"id":21279,"date":"2019-04-15T11:45:15","date_gmt":"2019-04-15T15:45:15","guid":{"rendered":"http:\/\/blogdalucianaoliveira.com.br\/blog\/?p=21279"},"modified":"2019-04-15T11:45:15","modified_gmt":"2019-04-15T15:45:15","slug":"los-retos-de-la-amazonia-en-la-era-bolsonaro","status":"publish","type":"post","link":"http:\/\/blogdalucianaoliveira.com.br\/blog\/2019\/04\/15\/los-retos-de-la-amazonia-en-la-era-bolsonaro\/","title":{"rendered":"Los retos de la Amazon\u00eda en la era Bolsonaro"},"content":{"rendered":"<div class=\"t-content__dates\"><\/div>\n<div class=\"t-content__main-media t-content__main-media--button-clicked t-content__main-media--playing\" data-wrapper-video-player=\"\" data-show-hidden-video-player=\"WB5872809-F24-ES-20190414\"><\/div>\n<div class=\"m-content-authors\">\n<div class=\"m-author-n-reading-time\">\n<div class=\"m-from-author\">\n<div class=\"t-content__dates\">\n<p class=\"m-pub-dates\"><iframe loading=\"lazy\" id=\"player-ryIpD384tL8\" title=\"YouTube video player\" src=\"https:\/\/www.youtube.com\/embed\/ryIpD384tL8?hl=es-419&amp;showinfo=0&amp;color=white&amp;rel=1&amp;enablejsapi=1&amp;origin=https%3A%2F%2Fwww.france24.com&amp;widgetid=3\" width=\"300\" height=\"150\" frameborder=\"0\" allowfullscreen=\"allowfullscreen\"><\/iframe><\/p>\n<\/div>\n<div class=\"t-content__main-media t-content__main-media--button-clicked t-content__main-media--playing\" data-wrapper-video-player=\"\" data-show-hidden-video-player=\"WB5872809-F24-ES-20190414\"><\/div>\n<div class=\"m-content-authors\">\n<div class=\"m-author-n-reading-time\">\n<div class=\"m-author-n-reading-time__authors\">\n<div class=\"m-from-author\"><\/div>\n<\/div>\n<\/div>\n<\/div>\n<\/div>\n<div class=\"m-author-n-reading-time__authors\">\n<div class=\"m-from-author\">Na TV France, por <span class=\"m-from-author__name\">Valeria Saccone &#8211;\u00a0<\/span>Armados con arcos y flechas integrantes de la etnia Uru-Eu-Uaw-Uaw se lanzan a la protecci\u00f3n de su activo m\u00e1s valioso, su tierra. Esta se encuentra ubicada en la Amazon\u00eda brasile\u00f1a y ha visto el aumento del n\u00famero de los ladrones de tierras con la llegada de Jair Bolsonaro al poder. Pero esa no es la \u00fanica preocupaci\u00f3n, las intenciones del mandatario brasile\u00f1o de explotar econ\u00f3micamente el Amazonas junto a Estados Unidos, ha incrementado las amenazas para las poblaciones ind\u00edgenas.<\/div>\n<\/div>\n<\/div>\n<\/div>\n<p><!--more--><\/p>\n<p>La deforestaci\u00f3n en las regiones amaz\u00f3nicas de Brasil aument\u00f3 un 54% en enero de este a\u00f1o, seg\u00fan datos del Instituto del Hombre y el Medio Ambiente de la Amazon\u00eda (Imazon). Es una tendencia al alza que se viene consolidando desde 2015, cuando los sat\u00e9lites gubernamentales registraron un incremento anual del 24%. Desde entonces la curva de la destrucci\u00f3n no ha parado de crecer, lo que representa una inversi\u00f3n de tendencia tras una d\u00e9cada esperanzadora. Hasta 2014, el pa\u00eds tropical consigui\u00f3 reducir este fen\u00f3meno en un 80%.<\/p>\n<p>Pero en el llamado pulm\u00f3n de la tierra no sufre solo la naturaleza. Tanto los ind\u00edgenas, como los activistas y los funcionarios p\u00fablicos que act\u00faan en la Amazon\u00eda llevan meses alertando sobre un incremento de la presi\u00f3n en muchos puntos del extenso territorio amaz\u00f3nico y contra las poblaciones aut\u00f3ctonas que lo habitan. Despu\u00e9s de que Jair Bolsonaro asumi\u00f3 el poder, el 1 de enero, se han multiplicado las invasiones de madereros y \u2018grileiros\u2019, los temibles ladrones de tierras, tanto en las reservas ind\u00edgenas como en los parques nacionales.<\/p>\n<p>Desde la \u00e9poca de la campa\u00f1a electoral, el nuevo presidente brasile\u00f1o ha mencionado m\u00e1s de una vez la posibilidad de reducir o explotar las reservas ind\u00edgenas. Incluso el 8 de abril revel\u00f3 la existencia de un proyecto para la explotaci\u00f3n de la Amazon\u00eda junto a los Estados Unidos, fruto de su reciente visita a su hom\u00f3logo Donald Trump. Envalentonados por el discurso oficial de Bolsonaro, aventureros en busca de fortuna f\u00e1cil est\u00e1n invadiendo \u00e1reas protegidas por ley en la esperanza de una moratoria en un futuro pr\u00f3ximo, que permita legalizar la posesi\u00f3n de las tierras ocupadas.<\/p>\n<p>La situaci\u00f3n en esta regi\u00f3n septentrional es tensa tambi\u00e9n por otra raz\u00f3n: Brasil es uno de los pa\u00edses donde se registran m\u00e1s asesinatos de ambientalistas del mundo. Seg\u00fan datos de la ONG internacional Global Witness, ocupa incluso el primer puesto de este macabro ranking. Jair Bolsonaro tach\u00f3 a los activistas de \u201cchiitas\u201d durante su campa\u00f1a. Adem\u00e1s, tanto el presidente como su ministro de Medio Ambiente, Ricardo Salles, han criticado p\u00fablicamente el celo de \u00f3rganos federales que llevan a cabo la fiscalizaci\u00f3n de estos territorios, como el Instituto Brasile\u00f1o del Medio Ambiente (IBAMA) y el Instituto Chico Mendes (ICMBio).<\/p>\n<p>France 24 ha viajado a algunos de los puntos m\u00e1s calientes de la Amazon\u00eda brasile\u00f1a para conocer los detalles de este conflicto. Entre los lugares escogidos est\u00e1 la reserva ind\u00edgena de los Uru-eu-wau-wau, en el Estado de Rondonia, cuya invasi\u00f3n en enero motiv\u00f3 la primera visita oficial de Franklimberg Ribeiro de Freitas, presidente de la Fundaci\u00f3n Nacional del Indio (Funai); Santo Antonio do Matupi, considerado el mayor polo de explotaci\u00f3n maderera del sur de la Amazon\u00eda; y Humait\u00e1, la ciudad m\u00e1s conflictiva de la Amazon\u00eda. Aqu\u00ed operan de forma ilegal 10.000 \u2018garimpeiros\u2019 o buscadores de oro. Humait\u00e1 tiene un largo historial de ataques violentos contra las instituciones responsables de preservar la selva y los pueblos ind\u00edgenas.<\/p>\n<p>&nbsp;<\/p>\n<p>&nbsp;<\/p>\n<div class=\"m-content-authors\"><\/div>\n","protected":false},"excerpt":{"rendered":"<p>Na TV France, por Valeria Saccone &#8211;\u00a0Armados con arcos y flechas integrantes de la etnia Uru-Eu-Uaw-Uaw se lanzan a la protecci\u00f3n de su activo m\u00e1s valioso, su tierra. Esta se encuentra ubicada en la Amazon\u00eda brasile\u00f1a y ha visto el aumento del n\u00famero de los ladrones de tierras con la llegada de Jair Bolsonaro al&#8230;<a class=\"more-link\" href=\"http:\/\/blogdalucianaoliveira.com.br\/blog\/2019\/04\/15\/los-retos-de-la-amazonia-en-la-era-bolsonaro\/\">Continue a leitura <span class=\"meta-nav\">&raquo;<\/span><\/a><\/p>\n","protected":false},"author":1,"featured_media":0,"comment_status":"closed","ping_status":"open","sticky":false,"template":"","format":"standard","meta":{"_exactmetrics_skip_tracking":false,"_exactmetrics_sitenote_active":false,"_exactmetrics_sitenote_note":"","_exactmetrics_sitenote_category":0,"jetpack_post_was_ever_published":false,"_jetpack_newsletter_access":"","_jetpack_dont_email_post_to_subs":false,"_jetpack_newsletter_tier_id":0,"_jetpack_memberships_contains_paywalled_content":false,"_jetpack_memberships_contains_paid_content":false,"footnotes":"","jetpack_publicize_message":"","jetpack_publicize_feature_enabled":true,"jetpack_social_post_already_shared":true,"jetpack_social_options":{"image_generator_settings":{"template":"highway","enabled":false},"version":2}},"categories":[1],"tags":[],"class_list":["post-21279","post","type-post","status-publish","format-standard","hentry","category-notas"],"jetpack_publicize_connections":[],"jetpack_sharing_enabled":true,"jetpack_featured_media_url":"","jetpack_shortlink":"https:\/\/wp.me\/p7wKYW-5xd","jetpack-related-posts":[],"_links":{"self":[{"href":"http:\/\/blogdalucianaoliveira.com.br\/blog\/wp-json\/wp\/v2\/posts\/21279","targetHints":{"allow":["GET"]}}],"collection":[{"href":"http:\/\/blogdalucianaoliveira.com.br\/blog\/wp-json\/wp\/v2\/posts"}],"about":[{"href":"http:\/\/blogdalucianaoliveira.com.br\/blog\/wp-json\/wp\/v2\/types\/post"}],"author":[{"embeddable":true,"href":"http:\/\/blogdalucianaoliveira.com.br\/blog\/wp-json\/wp\/v2\/users\/1"}],"replies":[{"embeddable":true,"href":"http:\/\/blogdalucianaoliveira.com.br\/blog\/wp-json\/wp\/v2\/comments?post=21279"}],"version-history":[{"count":1,"href":"http:\/\/blogdalucianaoliveira.com.br\/blog\/wp-json\/wp\/v2\/posts\/21279\/revisions"}],"predecessor-version":[{"id":21280,"href":"http:\/\/blogdalucianaoliveira.com.br\/blog\/wp-json\/wp\/v2\/posts\/21279\/revisions\/21280"}],"wp:attachment":[{"href":"http:\/\/blogdalucianaoliveira.com.br\/blog\/wp-json\/wp\/v2\/media?parent=21279"}],"wp:term":[{"taxonomy":"category","embeddable":true,"href":"http:\/\/blogdalucianaoliveira.com.br\/blog\/wp-json\/wp\/v2\/categories?post=21279"},{"taxonomy":"post_tag","embeddable":true,"href":"http:\/\/blogdalucianaoliveira.com.br\/blog\/wp-json\/wp\/v2\/tags?post=21279"}],"curies":[{"name":"wp","href":"https:\/\/api.w.org\/{rel}","templated":true}]}}