{"id":21281,"date":"2019-04-16T10:42:22","date_gmt":"2019-04-16T14:42:22","guid":{"rendered":"http:\/\/blogdalucianaoliveira.com.br\/blog\/?p=21281"},"modified":"2019-04-16T10:42:22","modified_gmt":"2019-04-16T14:42:22","slug":"apos-censurar-revista-stf-abre-cruzada-contra-ataques-a-ministros","status":"publish","type":"post","link":"http:\/\/blogdalucianaoliveira.com.br\/blog\/2019\/04\/16\/apos-censurar-revista-stf-abre-cruzada-contra-ataques-a-ministros\/","title":{"rendered":"Ap\u00f3s censurar revista, STF abre cruzada contra ataques a ministros"},"content":{"rendered":"<p><img data-recalc-dims=\"1\" loading=\"lazy\" decoding=\"async\" data-attachment-id=\"21282\" data-permalink=\"http:\/\/blogdalucianaoliveira.com.br\/blog\/2019\/04\/16\/apos-censurar-revista-stf-abre-cruzada-contra-ataques-a-ministros\/ale-2\/\" data-orig-file=\"https:\/\/i0.wp.com\/blogdalucianaoliveira.com.br\/blog\/wp-content\/uploads\/2019\/04\/ale.jpg?fit=1960%2C1048\" data-orig-size=\"1960,1048\" data-comments-opened=\"0\" data-image-meta=\"{&quot;aperture&quot;:&quot;0&quot;,&quot;credit&quot;:&quot;&quot;,&quot;camera&quot;:&quot;&quot;,&quot;caption&quot;:&quot;&quot;,&quot;created_timestamp&quot;:&quot;0&quot;,&quot;copyright&quot;:&quot;&quot;,&quot;focal_length&quot;:&quot;0&quot;,&quot;iso&quot;:&quot;0&quot;,&quot;shutter_speed&quot;:&quot;0&quot;,&quot;title&quot;:&quot;&quot;,&quot;orientation&quot;:&quot;0&quot;}\" data-image-title=\"ale\" data-image-description=\"\" data-image-caption=\"\" data-medium-file=\"https:\/\/i0.wp.com\/blogdalucianaoliveira.com.br\/blog\/wp-content\/uploads\/2019\/04\/ale.jpg?fit=300%2C160\" data-large-file=\"https:\/\/i0.wp.com\/blogdalucianaoliveira.com.br\/blog\/wp-content\/uploads\/2019\/04\/ale.jpg?fit=600%2C321\" src=\"https:\/\/i0.wp.com\/blogdalucianaoliveira.com.br\/blog\/wp-content\/uploads\/2019\/04\/ale.jpg?resize=600%2C321\" alt=\"ale\" width=\"600\" height=\"321\" class=\"alignnone size-full wp-image-21282\" srcset=\"https:\/\/i0.wp.com\/blogdalucianaoliveira.com.br\/blog\/wp-content\/uploads\/2019\/04\/ale.jpg?w=1960 1960w, https:\/\/i0.wp.com\/blogdalucianaoliveira.com.br\/blog\/wp-content\/uploads\/2019\/04\/ale.jpg?resize=300%2C160 300w, https:\/\/i0.wp.com\/blogdalucianaoliveira.com.br\/blog\/wp-content\/uploads\/2019\/04\/ale.jpg?resize=768%2C411 768w, https:\/\/i0.wp.com\/blogdalucianaoliveira.com.br\/blog\/wp-content\/uploads\/2019\/04\/ale.jpg?resize=1024%2C548 1024w, https:\/\/i0.wp.com\/blogdalucianaoliveira.com.br\/blog\/wp-content\/uploads\/2019\/04\/ale.jpg?resize=561%2C300 561w, https:\/\/i0.wp.com\/blogdalucianaoliveira.com.br\/blog\/wp-content\/uploads\/2019\/04\/ale.jpg?w=1200 1200w, https:\/\/i0.wp.com\/blogdalucianaoliveira.com.br\/blog\/wp-content\/uploads\/2019\/04\/ale.jpg?w=1800 1800w\" sizes=\"auto, (max-width: 600px) 100vw, 600px\" \/><\/p>\n<p>Opera\u00e7\u00e3o da PF, autorizada pelo ministro Alexandre de Moraes, cumpre mandados em inqu\u00e9rito que investiga \u2018fake news\u2019<!--more--><\/p>\n<p>JOANA OLIVEIRA<br \/>\nEl Pa\u00eds<\/p>\n<p>A Pol\u00edcia Federal (PF) amanheceu nesta ter\u00e7a-feira cumprindo oito mandados de busca e apreens\u00e3o dentro de um inqu\u00e9rito sobre ataques e propaga\u00e7\u00e3o de not\u00edcias falsas sobre ministros do Supremo Tribunal Federal (STF) na internet. A opera\u00e7\u00e3o acontece um dia depois do ministro Alexandre de Moraes ter censurado os sites O Antagonista e Cruso\u00e9, determinando que exclu\u00edssem uma reportagem e notas publicadas na semana passada que mencionam o presidente da corte, Dias Toffoli, em dela\u00e7\u00e3o do empres\u00e1rio Marcelo Odebrecht.<\/p>\n<p>Sob o t\u00edtulo \u201cO amigo do amigo do meu pai\u201d, a reportagem da revista Cruso\u00e9 cita esclarecimentos respondidos nos \u00faltimos dias por Odebrecht a questionamentos da PF sobre quem seria a pessoa por tr\u00e1s do codinome \u201co amigo do amigo do meu pai\u201d, captado em trocas de emails de julho de 2007 entre o empres\u00e1rio e executivos do grupo. A alcunha era atribu\u00edda ao presidente da Corte, Dias Toffoli, ent\u00e3o Advogado Geral da Uni\u00e3o do ex-presidente Lula, esclareceu Odebrecht. Embora a reportagem tenha feito a ressalva de que a informa\u00e7\u00e3o n\u00e3o apontava nada ilegal \u2013 apenas sugeria que Toffoli falasse a respeito \u2013  os sites foram notificados na segunda-feira (15\/04), suspendendo a circula\u00e7\u00e3o da reportagem. O ministro ainda determinou uma  multa por descumprimento de 100.000 reais por dia.<\/p>\n<p>A opera\u00e7\u00e3o desta ter\u00e7a, ordenada pelo ministro do STF Alexandre de Moraes, marcou a posi\u00e7\u00e3o da corte ap\u00f3s cr\u00edticas contundentes por toda a imprensa sobre a censura aos \u00f3rg\u00e3os de imprensa. As buscas, que acontecem em S\u00e3o Paulo e Bras\u00edlia, tem como um dos alvos o general da reserva Paulo Chagas (PRP-DF), que foi candidato ao governo do Distrito Federal no ano passado. &#8220;Caros amigos, acabo de ser honrado com a visita da Pol\u00edcia Federal em minha resid\u00eancia, com mandato de busca e apreens\u00e3o expedido por ningu\u00e9m menos que o ministro Alexandre de Moraes. Quanta honra! Lamentei estar fora de Bras\u00edlia e n\u00e3o poder receb\u00ea-los pessoalmente&#8221;, escreveu Chagas em seu Twitter no in\u00edcio da manh\u00e3.<\/p>\n<p>O inqu\u00e9rito do STF que culminou na opera\u00e7\u00e3o desta ter\u00e7a foi aberto em mar\u00e7o pelo ministro Dias Toffoli para apurar, segundo a corte, fake news, amea\u00e7as e ofensas caluniosas, difamat\u00f3rias e injuriosas a ministros do Supremo e seus familiares.<\/p>\n<p>A reportagem da Cruso\u00e9, interpretada como ofensiva por Alexandre de Moraes, cita um e-mail enviado por Odebrecht a dois executivos da empreiteira, Adriano Maia e Irineu Meirelles, no qual o empres\u00e1rio escreveu: &#8220;Afinal voc\u00eas fecharam com o amigo do amigo de meu pai?&#8221;. De acordo com Odebrecht, esse &#8220;amigo do amigo de meu pai&#8221; seria Dias Toffoli. N\u00e3o h\u00e1 refer\u00eancia a pagamentos no email.<\/p>\n<p>Marcelo Odebrecht explicou \u00e0 PF, de acordo com a revista, que a mensagem se referia a tratativas que o ent\u00e3o diretor jur\u00eddico da empreiteira, Adriano Maia, tinha com a AGU sobre temas envolvendo as hidrel\u00e9tricas do rio Madeira, em Rond\u00f4nia. Ap\u00f3s a decis\u00e3o de Moraes, a dire\u00e7\u00e3o da revista reafirmou o teor da reportagem, considerada pela publica\u00e7\u00e3o como censurada pelo Supremo. Moraes justificou sua decis\u00e3o afirmando que a Constitui\u00e7\u00e3o pro\u00edbe a censura pr\u00e9via, mas permite repara\u00e7\u00f5es posteriores \u00e0 publica\u00e7\u00e3o de um conte\u00fado.<\/p>\n","protected":false},"excerpt":{"rendered":"<p>Opera\u00e7\u00e3o da PF, autorizada pelo ministro Alexandre de Moraes, cumpre mandados em inqu\u00e9rito que investiga \u2018fake news\u2019<\/p>\n","protected":false},"author":1,"featured_media":0,"comment_status":"closed","ping_status":"open","sticky":false,"template":"","format":"standard","meta":{"_exactmetrics_skip_tracking":false,"_exactmetrics_sitenote_active":false,"_exactmetrics_sitenote_note":"","_exactmetrics_sitenote_category":0,"jetpack_post_was_ever_published":false,"_jetpack_newsletter_access":"","_jetpack_dont_email_post_to_subs":false,"_jetpack_newsletter_tier_id":0,"_jetpack_memberships_contains_paywalled_content":false,"_jetpack_memberships_contains_paid_content":false,"footnotes":"","jetpack_publicize_message":"","jetpack_publicize_feature_enabled":true,"jetpack_social_post_already_shared":true,"jetpack_social_options":{"image_generator_settings":{"template":"highway","enabled":false},"version":2}},"categories":[1],"tags":[],"class_list":["post-21281","post","type-post","status-publish","format-standard","hentry","category-notas"],"jetpack_publicize_connections":[],"jetpack_sharing_enabled":true,"jetpack_featured_media_url":"","jetpack_shortlink":"https:\/\/wp.me\/p7wKYW-5xf","jetpack-related-posts":[],"_links":{"self":[{"href":"http:\/\/blogdalucianaoliveira.com.br\/blog\/wp-json\/wp\/v2\/posts\/21281","targetHints":{"allow":["GET"]}}],"collection":[{"href":"http:\/\/blogdalucianaoliveira.com.br\/blog\/wp-json\/wp\/v2\/posts"}],"about":[{"href":"http:\/\/blogdalucianaoliveira.com.br\/blog\/wp-json\/wp\/v2\/types\/post"}],"author":[{"embeddable":true,"href":"http:\/\/blogdalucianaoliveira.com.br\/blog\/wp-json\/wp\/v2\/users\/1"}],"replies":[{"embeddable":true,"href":"http:\/\/blogdalucianaoliveira.com.br\/blog\/wp-json\/wp\/v2\/comments?post=21281"}],"version-history":[{"count":1,"href":"http:\/\/blogdalucianaoliveira.com.br\/blog\/wp-json\/wp\/v2\/posts\/21281\/revisions"}],"predecessor-version":[{"id":21283,"href":"http:\/\/blogdalucianaoliveira.com.br\/blog\/wp-json\/wp\/v2\/posts\/21281\/revisions\/21283"}],"wp:attachment":[{"href":"http:\/\/blogdalucianaoliveira.com.br\/blog\/wp-json\/wp\/v2\/media?parent=21281"}],"wp:term":[{"taxonomy":"category","embeddable":true,"href":"http:\/\/blogdalucianaoliveira.com.br\/blog\/wp-json\/wp\/v2\/categories?post=21281"},{"taxonomy":"post_tag","embeddable":true,"href":"http:\/\/blogdalucianaoliveira.com.br\/blog\/wp-json\/wp\/v2\/tags?post=21281"}],"curies":[{"name":"wp","href":"https:\/\/api.w.org\/{rel}","templated":true}]}}