{"id":21284,"date":"2019-04-16T12:18:05","date_gmt":"2019-04-16T16:18:05","guid":{"rendered":"http:\/\/blogdalucianaoliveira.com.br\/blog\/?p=21284"},"modified":"2019-04-16T12:32:40","modified_gmt":"2019-04-16T16:32:40","slug":"psl-de-rondonia-pode-perder-vaga-na-camara-por-denuncia-de-candidatura-laranja","status":"publish","type":"post","link":"http:\/\/blogdalucianaoliveira.com.br\/blog\/2019\/04\/16\/psl-de-rondonia-pode-perder-vaga-na-camara-por-denuncia-de-candidatura-laranja\/","title":{"rendered":"PSL de Rond\u00f4nia pode perder vaga na C\u00e2mara Federal por den\u00fancia de candidatura \u2018laranja\u2019"},"content":{"rendered":"<p><img data-recalc-dims=\"1\" loading=\"lazy\" decoding=\"async\" data-attachment-id=\"21285\" data-permalink=\"http:\/\/blogdalucianaoliveira.com.br\/blog\/2019\/04\/16\/psl-de-rondonia-pode-perder-vaga-na-camara-por-denuncia-de-candidatura-laranja\/ps-6\/\" data-orig-file=\"https:\/\/i0.wp.com\/blogdalucianaoliveira.com.br\/blog\/wp-content\/uploads\/2019\/04\/ps.jpg?fit=1280%2C640\" data-orig-size=\"1280,640\" data-comments-opened=\"0\" data-image-meta=\"{&quot;aperture&quot;:&quot;0&quot;,&quot;credit&quot;:&quot;&quot;,&quot;camera&quot;:&quot;&quot;,&quot;caption&quot;:&quot;&quot;,&quot;created_timestamp&quot;:&quot;0&quot;,&quot;copyright&quot;:&quot;&quot;,&quot;focal_length&quot;:&quot;0&quot;,&quot;iso&quot;:&quot;0&quot;,&quot;shutter_speed&quot;:&quot;0&quot;,&quot;title&quot;:&quot;&quot;,&quot;orientation&quot;:&quot;0&quot;}\" data-image-title=\"ps\" data-image-description=\"\" data-image-caption=\"\" data-medium-file=\"https:\/\/i0.wp.com\/blogdalucianaoliveira.com.br\/blog\/wp-content\/uploads\/2019\/04\/ps.jpg?fit=300%2C150\" data-large-file=\"https:\/\/i0.wp.com\/blogdalucianaoliveira.com.br\/blog\/wp-content\/uploads\/2019\/04\/ps.jpg?fit=600%2C300\" class=\"alignnone size-full wp-image-21285\" src=\"https:\/\/i0.wp.com\/blogdalucianaoliveira.com.br\/blog\/wp-content\/uploads\/2019\/04\/ps.jpg?resize=600%2C300\" alt=\"ps\" width=\"600\" height=\"300\" srcset=\"https:\/\/i0.wp.com\/blogdalucianaoliveira.com.br\/blog\/wp-content\/uploads\/2019\/04\/ps.jpg?w=1280 1280w, https:\/\/i0.wp.com\/blogdalucianaoliveira.com.br\/blog\/wp-content\/uploads\/2019\/04\/ps.jpg?resize=300%2C150 300w, https:\/\/i0.wp.com\/blogdalucianaoliveira.com.br\/blog\/wp-content\/uploads\/2019\/04\/ps.jpg?resize=768%2C384 768w, https:\/\/i0.wp.com\/blogdalucianaoliveira.com.br\/blog\/wp-content\/uploads\/2019\/04\/ps.jpg?resize=1024%2C512 1024w, https:\/\/i0.wp.com\/blogdalucianaoliveira.com.br\/blog\/wp-content\/uploads\/2019\/04\/ps.jpg?resize=600%2C300 600w, https:\/\/i0.wp.com\/blogdalucianaoliveira.com.br\/blog\/wp-content\/uploads\/2019\/04\/ps.jpg?w=1200 1200w\" sizes=\"auto, (max-width: 600px) 100vw, 600px\" \/><\/p>\n<p>A A\u00e7\u00e3o de investiga\u00e7\u00e3o Judicial Eleitoral foi ajuizada por Sebasti\u00e3o Valadares Neto (PSC-RO), candidato a deputado federal nas Elei\u00e7\u00f5es de 2018, contra o Partido Social Liberal e todos os seus candidatos ao mesmo cargo.<\/p>\n<p>O segundo suplente do senador Acir Gurgacz (PDT-RO) quer \u201ca declara\u00e7\u00e3o de nulidade dos votos obtidos pelo PSL na elei\u00e7\u00e3o proporcional federal, determinando-se a desconstitui\u00e7\u00e3o do mandato eletivo outorgado a Jo\u00e3o Chris\u00f3stomo de Moura\u201d.<\/p>\n<p>A den\u00fancia \u00e9 de fraude eleitoral na formaliza\u00e7\u00e3o do pedido de registro de candidatura da chapa proporcional com inclus\u00e3o de candidatura \u2018laranja\u2019 para preenchimento de cota de g\u00eanero.<!--more--><\/p>\n<p>A Procuradoria Regional Eleitoral manifestou-se pela proced\u00eancia da a\u00e7\u00e3o, por reconhecer caracteriza\u00e7\u00e3o de fraude.<\/p>\n<p>\u201cO que se extrai do presente caso \u00e9 que a agremia\u00e7\u00e3o partid\u00e1ria, de maneira consciente e deliberada, requereu o registro de candidatura de candidata que sequer possu\u00eda filia\u00e7\u00e3o \u00e0 agremia\u00e7\u00e3o, em flagrante intuito de burlar a norma eleitoral, preenchendo apenas fictamente a cota m\u00ednima de 30% das candidaturas femininas exigida artigo 10, \u00a73o, da Lei 9.504\/97 \u2013 ID n. 971887.\u201d<\/p>\n<p>Para o procurador Luiz Gustavo Mantovani, \u00e9 inadmiss\u00edvel concluir que o partido n\u00e3o sabia que a candidata n\u00e3o possu\u00eda filia\u00e7\u00e3o ao tempo do registro da candidatura.<br \/>\nFora a candidatura manifestamente incab\u00edvel, o procurador ressalta que dos 11 pedidos de registros de candidaturas do partido, apenas tr\u00eas preencheram as condi\u00e7\u00f5es de elegibilidade.<\/p>\n<p>A procuradoria manifestou-se pelo n\u00e3o-acolhimento da preliminar de inadequa\u00e7\u00e3o da via e no m\u00e9rito, pela proced\u00eancia dos pedidos.<\/p>\n<p>O autor da a\u00e7\u00e3o obteve 20.297 votos, o equivalente a 2,59% dos votos v\u00e1lidos na coliga\u00e7\u00e3o Frente Rond\u00f4nia Popular que uniu PMN\/PSC\/PHS\/PCdoB e PROS.<\/p>\n<p>Confira aqui o que diz a procuradoria:\u00a0<a href=\"file:\/\/\/C:\/Users\/Luciana\/Downloads\/Peti%C3%A7%C3%A3o%20(1).pdf\">file:\/\/\/C:\/Users\/Luciana\/Downloads\/Peti%C3%A7%C3%A3o%20(1).pdf<\/a><\/p>\n","protected":false},"excerpt":{"rendered":"<p>A A\u00e7\u00e3o de investiga\u00e7\u00e3o Judicial Eleitoral foi ajuizada por Sebasti\u00e3o Valadares Neto (PSC-RO), candidato a deputado federal nas Elei\u00e7\u00f5es de 2018, contra o Partido Social Liberal e todos os seus candidatos ao mesmo cargo. O segundo suplente do senador Acir Gurgacz (PDT-RO) quer \u201ca declara\u00e7\u00e3o de nulidade dos votos obtidos pelo PSL na elei\u00e7\u00e3o proporcional&#8230;<a class=\"more-link\" href=\"http:\/\/blogdalucianaoliveira.com.br\/blog\/2019\/04\/16\/psl-de-rondonia-pode-perder-vaga-na-camara-por-denuncia-de-candidatura-laranja\/\">Continue a leitura <span class=\"meta-nav\">&raquo;<\/span><\/a><\/p>\n","protected":false},"author":1,"featured_media":0,"comment_status":"closed","ping_status":"open","sticky":false,"template":"","format":"standard","meta":{"_exactmetrics_skip_tracking":false,"_exactmetrics_sitenote_active":false,"_exactmetrics_sitenote_note":"","_exactmetrics_sitenote_category":0,"jetpack_post_was_ever_published":false,"_jetpack_newsletter_access":"","_jetpack_dont_email_post_to_subs":false,"_jetpack_newsletter_tier_id":0,"_jetpack_memberships_contains_paywalled_content":false,"_jetpack_memberships_contains_paid_content":false,"footnotes":"","jetpack_publicize_message":"","jetpack_publicize_feature_enabled":true,"jetpack_social_post_already_shared":true,"jetpack_social_options":{"image_generator_settings":{"template":"highway","enabled":false},"version":2}},"categories":[1],"tags":[],"class_list":["post-21284","post","type-post","status-publish","format-standard","hentry","category-notas"],"jetpack_publicize_connections":[],"jetpack_sharing_enabled":true,"jetpack_featured_media_url":"","jetpack_shortlink":"https:\/\/wp.me\/p7wKYW-5xi","jetpack-related-posts":[],"_links":{"self":[{"href":"http:\/\/blogdalucianaoliveira.com.br\/blog\/wp-json\/wp\/v2\/posts\/21284","targetHints":{"allow":["GET"]}}],"collection":[{"href":"http:\/\/blogdalucianaoliveira.com.br\/blog\/wp-json\/wp\/v2\/posts"}],"about":[{"href":"http:\/\/blogdalucianaoliveira.com.br\/blog\/wp-json\/wp\/v2\/types\/post"}],"author":[{"embeddable":true,"href":"http:\/\/blogdalucianaoliveira.com.br\/blog\/wp-json\/wp\/v2\/users\/1"}],"replies":[{"embeddable":true,"href":"http:\/\/blogdalucianaoliveira.com.br\/blog\/wp-json\/wp\/v2\/comments?post=21284"}],"version-history":[{"count":4,"href":"http:\/\/blogdalucianaoliveira.com.br\/blog\/wp-json\/wp\/v2\/posts\/21284\/revisions"}],"predecessor-version":[{"id":21289,"href":"http:\/\/blogdalucianaoliveira.com.br\/blog\/wp-json\/wp\/v2\/posts\/21284\/revisions\/21289"}],"wp:attachment":[{"href":"http:\/\/blogdalucianaoliveira.com.br\/blog\/wp-json\/wp\/v2\/media?parent=21284"}],"wp:term":[{"taxonomy":"category","embeddable":true,"href":"http:\/\/blogdalucianaoliveira.com.br\/blog\/wp-json\/wp\/v2\/categories?post=21284"},{"taxonomy":"post_tag","embeddable":true,"href":"http:\/\/blogdalucianaoliveira.com.br\/blog\/wp-json\/wp\/v2\/tags?post=21284"}],"curies":[{"name":"wp","href":"https:\/\/api.w.org\/{rel}","templated":true}]}}