{"id":21290,"date":"2019-04-16T14:19:54","date_gmt":"2019-04-16T18:19:54","guid":{"rendered":"http:\/\/blogdalucianaoliveira.com.br\/blog\/?p=21290"},"modified":"2019-04-16T14:21:37","modified_gmt":"2019-04-16T18:21:37","slug":"moro-ganha-memes-ironicos-e-protesto-em-visita-a-porto-velho","status":"publish","type":"post","link":"http:\/\/blogdalucianaoliveira.com.br\/blog\/2019\/04\/16\/moro-ganha-memes-ironicos-e-protesto-em-visita-a-porto-velho\/","title":{"rendered":"Moro ganha \u2018memes\u2019 ir\u00f4nicos e protesto em visita a Porto Velho"},"content":{"rendered":"<p><img data-recalc-dims=\"1\" loading=\"lazy\" decoding=\"async\" data-attachment-id=\"21295\" data-permalink=\"http:\/\/blogdalucianaoliveira.com.br\/blog\/2019\/04\/16\/moro-ganha-memes-ironicos-e-protesto-em-visita-a-porto-velho\/1e7bf92d-2eaf-4d95-ae8b-4e7897e6c92a\/\" data-orig-file=\"https:\/\/i0.wp.com\/blogdalucianaoliveira.com.br\/blog\/wp-content\/uploads\/2019\/04\/1E7BF92D-2EAF-4D95-AE8B-4E7897E6C92A.jpeg?fit=960%2C720\" data-orig-size=\"960,720\" data-comments-opened=\"0\" data-image-meta=\"{&quot;aperture&quot;:&quot;0&quot;,&quot;credit&quot;:&quot;&quot;,&quot;camera&quot;:&quot;&quot;,&quot;caption&quot;:&quot;&quot;,&quot;created_timestamp&quot;:&quot;0&quot;,&quot;copyright&quot;:&quot;&quot;,&quot;focal_length&quot;:&quot;0&quot;,&quot;iso&quot;:&quot;0&quot;,&quot;shutter_speed&quot;:&quot;0&quot;,&quot;title&quot;:&quot;&quot;,&quot;orientation&quot;:&quot;1&quot;}\" data-image-title=\"1E7BF92D-2EAF-4D95-AE8B-4E7897E6C92A\" data-image-description=\"\" data-image-caption=\"\" data-medium-file=\"https:\/\/i0.wp.com\/blogdalucianaoliveira.com.br\/blog\/wp-content\/uploads\/2019\/04\/1E7BF92D-2EAF-4D95-AE8B-4E7897E6C92A.jpeg?fit=300%2C225\" data-large-file=\"https:\/\/i0.wp.com\/blogdalucianaoliveira.com.br\/blog\/wp-content\/uploads\/2019\/04\/1E7BF92D-2EAF-4D95-AE8B-4E7897E6C92A.jpeg?fit=600%2C450\" src=\"https:\/\/i0.wp.com\/blogdalucianaoliveira.com.br\/blog\/wp-content\/uploads\/2019\/04\/1E7BF92D-2EAF-4D95-AE8B-4E7897E6C92A.jpeg?resize=600%2C450\" alt=\"1E7BF92D-2EAF-4D95-AE8B-4E7897E6C92A\" width=\"600\" height=\"450\" class=\"alignnone size-full wp-image-21295\" srcset=\"https:\/\/i0.wp.com\/blogdalucianaoliveira.com.br\/blog\/wp-content\/uploads\/2019\/04\/1E7BF92D-2EAF-4D95-AE8B-4E7897E6C92A.jpeg?w=960 960w, https:\/\/i0.wp.com\/blogdalucianaoliveira.com.br\/blog\/wp-content\/uploads\/2019\/04\/1E7BF92D-2EAF-4D95-AE8B-4E7897E6C92A.jpeg?resize=300%2C225 300w, https:\/\/i0.wp.com\/blogdalucianaoliveira.com.br\/blog\/wp-content\/uploads\/2019\/04\/1E7BF92D-2EAF-4D95-AE8B-4E7897E6C92A.jpeg?resize=768%2C576 768w, https:\/\/i0.wp.com\/blogdalucianaoliveira.com.br\/blog\/wp-content\/uploads\/2019\/04\/1E7BF92D-2EAF-4D95-AE8B-4E7897E6C92A.jpeg?resize=400%2C300 400w\" sizes=\"auto, (max-width: 600px) 100vw, 600px\" \/><\/p>\n<p>O ministro S\u00e9rgio Moro esteve em Porto Velho para fazer propaganda do seu projeto anticrime que vem sendo duramente criticado. <\/p>\n<p>Tem muita gente contra. <!--more--><\/p>\n<p>Tem uma comiss\u00e3o formada por 20 personalidades, incluindo seis ex-ministros. <\/p>\n<p>Tem uma campanha chamada de \u201cPacote Anticrime: solu\u00e7\u00e3o fake\u201d, com peti\u00e7\u00e3o de 65 entidades como Conectas Direitos Humanos, IDDD, ISER, ITTC, Observat\u00f3rio de Favelas, Redes da Mar\u00e9, Rede Justi\u00e7a Criminal e Uneafro, que consideram as propostas \u201cinconstitucionais e ineficazes para rever a crise de seguran\u00e7a p\u00fablica no Brasil\u201d.<\/p>\n<p>Tem a pesquisa DataFolha que revelou maioria contr\u00e1ria a algumas das principais medidas do pacote. 81% dos entrevistados disseram n\u00e3o concordar que agentes de seguran\u00e7a tenham liberdade para atirar em suspeitos.<\/p>\n<p>Por isso, Moro s\u00f3 tem se dedicado a essa agenda: divulgar o projeto que j\u00e1 foi chamado pelo presidente da C\u00e2mara, Rodrigo Maia, de \u2018copia e cola\u2019 de um apresentado pelo ministro Alexandre de Morais. <\/p>\n<p>Em evento fechado, ganhou aplausos. <\/p>\n<p>Mas, ao lado de fora do audit\u00f3rio onde palestrou, teve sim, pequeno, mas corajoso protesto. <\/p>\n<p><img data-recalc-dims=\"1\" loading=\"lazy\" decoding=\"async\" data-attachment-id=\"21298\" data-permalink=\"http:\/\/blogdalucianaoliveira.com.br\/blog\/2019\/04\/16\/moro-ganha-memes-ironicos-e-protesto-em-visita-a-porto-velho\/725e2179-767b-4caa-8f17-b31508e3ff9d\/\" data-orig-file=\"https:\/\/i0.wp.com\/blogdalucianaoliveira.com.br\/blog\/wp-content\/uploads\/2019\/04\/725E2179-767B-4CAA-8F17-B31508E3FF9D.jpeg?fit=1032%2C581\" data-orig-size=\"1032,581\" data-comments-opened=\"0\" data-image-meta=\"{&quot;aperture&quot;:&quot;0&quot;,&quot;credit&quot;:&quot;&quot;,&quot;camera&quot;:&quot;&quot;,&quot;caption&quot;:&quot;&quot;,&quot;created_timestamp&quot;:&quot;0&quot;,&quot;copyright&quot;:&quot;&quot;,&quot;focal_length&quot;:&quot;0&quot;,&quot;iso&quot;:&quot;0&quot;,&quot;shutter_speed&quot;:&quot;0&quot;,&quot;title&quot;:&quot;&quot;,&quot;orientation&quot;:&quot;0&quot;}\" data-image-title=\"725E2179-767B-4CAA-8F17-B31508E3FF9D\" data-image-description=\"\" data-image-caption=\"\" data-medium-file=\"https:\/\/i0.wp.com\/blogdalucianaoliveira.com.br\/blog\/wp-content\/uploads\/2019\/04\/725E2179-767B-4CAA-8F17-B31508E3FF9D.jpeg?fit=300%2C169\" data-large-file=\"https:\/\/i0.wp.com\/blogdalucianaoliveira.com.br\/blog\/wp-content\/uploads\/2019\/04\/725E2179-767B-4CAA-8F17-B31508E3FF9D.jpeg?fit=600%2C338\" src=\"https:\/\/i0.wp.com\/blogdalucianaoliveira.com.br\/blog\/wp-content\/uploads\/2019\/04\/725E2179-767B-4CAA-8F17-B31508E3FF9D.jpeg?resize=600%2C338\" alt=\"725E2179-767B-4CAA-8F17-B31508E3FF9D\" width=\"600\" height=\"338\" class=\"alignnone size-full wp-image-21298\" srcset=\"https:\/\/i0.wp.com\/blogdalucianaoliveira.com.br\/blog\/wp-content\/uploads\/2019\/04\/725E2179-767B-4CAA-8F17-B31508E3FF9D.jpeg?w=1032 1032w, https:\/\/i0.wp.com\/blogdalucianaoliveira.com.br\/blog\/wp-content\/uploads\/2019\/04\/725E2179-767B-4CAA-8F17-B31508E3FF9D.jpeg?resize=300%2C169 300w, https:\/\/i0.wp.com\/blogdalucianaoliveira.com.br\/blog\/wp-content\/uploads\/2019\/04\/725E2179-767B-4CAA-8F17-B31508E3FF9D.jpeg?resize=768%2C432 768w, https:\/\/i0.wp.com\/blogdalucianaoliveira.com.br\/blog\/wp-content\/uploads\/2019\/04\/725E2179-767B-4CAA-8F17-B31508E3FF9D.jpeg?resize=1024%2C576 1024w, https:\/\/i0.wp.com\/blogdalucianaoliveira.com.br\/blog\/wp-content\/uploads\/2019\/04\/725E2179-767B-4CAA-8F17-B31508E3FF9D.jpeg?resize=533%2C300 533w\" sizes=\"auto, (max-width: 600px) 100vw, 600px\" \/><\/p>\n<p>E nas redes sociais, \u2018memes\u2019 que simulam o ministro como v\u00edtima de assalto em regi\u00e3o populosa e at\u00e9 saindo de um bordel.<\/p>\n<p><img data-recalc-dims=\"1\" loading=\"lazy\" decoding=\"async\" data-attachment-id=\"21293\" data-permalink=\"http:\/\/blogdalucianaoliveira.com.br\/blog\/2019\/04\/16\/moro-ganha-memes-ironicos-e-protesto-em-visita-a-porto-velho\/957e44af-e31b-4048-9365-18f33d53bfe1\/\" data-orig-file=\"https:\/\/i0.wp.com\/blogdalucianaoliveira.com.br\/blog\/wp-content\/uploads\/2019\/04\/957E44AF-E31B-4048-9365-18F33D53BFE1.jpeg?fit=740%2C763\" data-orig-size=\"740,763\" data-comments-opened=\"0\" data-image-meta=\"{&quot;aperture&quot;:&quot;0&quot;,&quot;credit&quot;:&quot;&quot;,&quot;camera&quot;:&quot;&quot;,&quot;caption&quot;:&quot;&quot;,&quot;created_timestamp&quot;:&quot;0&quot;,&quot;copyright&quot;:&quot;&quot;,&quot;focal_length&quot;:&quot;0&quot;,&quot;iso&quot;:&quot;0&quot;,&quot;shutter_speed&quot;:&quot;0&quot;,&quot;title&quot;:&quot;&quot;,&quot;orientation&quot;:&quot;0&quot;}\" data-image-title=\"957E44AF-E31B-4048-9365-18F33D53BFE1\" data-image-description=\"\" data-image-caption=\"\" data-medium-file=\"https:\/\/i0.wp.com\/blogdalucianaoliveira.com.br\/blog\/wp-content\/uploads\/2019\/04\/957E44AF-E31B-4048-9365-18F33D53BFE1.jpeg?fit=291%2C300\" data-large-file=\"https:\/\/i0.wp.com\/blogdalucianaoliveira.com.br\/blog\/wp-content\/uploads\/2019\/04\/957E44AF-E31B-4048-9365-18F33D53BFE1.jpeg?fit=600%2C619\" src=\"https:\/\/i0.wp.com\/blogdalucianaoliveira.com.br\/blog\/wp-content\/uploads\/2019\/04\/957E44AF-E31B-4048-9365-18F33D53BFE1.jpeg?resize=600%2C619\" alt=\"957E44AF-E31B-4048-9365-18F33D53BFE1\" width=\"600\" height=\"619\" class=\"alignnone size-full wp-image-21293\" srcset=\"https:\/\/i0.wp.com\/blogdalucianaoliveira.com.br\/blog\/wp-content\/uploads\/2019\/04\/957E44AF-E31B-4048-9365-18F33D53BFE1.jpeg?w=740 740w, https:\/\/i0.wp.com\/blogdalucianaoliveira.com.br\/blog\/wp-content\/uploads\/2019\/04\/957E44AF-E31B-4048-9365-18F33D53BFE1.jpeg?resize=291%2C300 291w\" sizes=\"auto, (max-width: 600px) 100vw, 600px\" \/><\/p>\n<p><img data-recalc-dims=\"1\" loading=\"lazy\" decoding=\"async\" data-attachment-id=\"21294\" data-permalink=\"http:\/\/blogdalucianaoliveira.com.br\/blog\/2019\/04\/16\/moro-ganha-memes-ironicos-e-protesto-em-visita-a-porto-velho\/d0f11e6f-742b-424a-8621-4c130434224f\/\" data-orig-file=\"https:\/\/i0.wp.com\/blogdalucianaoliveira.com.br\/blog\/wp-content\/uploads\/2019\/04\/D0F11E6F-742B-424A-8621-4C130434224F.jpeg?fit=750%2C705\" data-orig-size=\"750,705\" data-comments-opened=\"0\" data-image-meta=\"{&quot;aperture&quot;:&quot;0&quot;,&quot;credit&quot;:&quot;&quot;,&quot;camera&quot;:&quot;&quot;,&quot;caption&quot;:&quot;&quot;,&quot;created_timestamp&quot;:&quot;0&quot;,&quot;copyright&quot;:&quot;&quot;,&quot;focal_length&quot;:&quot;0&quot;,&quot;iso&quot;:&quot;0&quot;,&quot;shutter_speed&quot;:&quot;0&quot;,&quot;title&quot;:&quot;&quot;,&quot;orientation&quot;:&quot;0&quot;}\" data-image-title=\"D0F11E6F-742B-424A-8621-4C130434224F\" data-image-description=\"\" data-image-caption=\"\" data-medium-file=\"https:\/\/i0.wp.com\/blogdalucianaoliveira.com.br\/blog\/wp-content\/uploads\/2019\/04\/D0F11E6F-742B-424A-8621-4C130434224F.jpeg?fit=300%2C282\" data-large-file=\"https:\/\/i0.wp.com\/blogdalucianaoliveira.com.br\/blog\/wp-content\/uploads\/2019\/04\/D0F11E6F-742B-424A-8621-4C130434224F.jpeg?fit=600%2C564\" src=\"https:\/\/i0.wp.com\/blogdalucianaoliveira.com.br\/blog\/wp-content\/uploads\/2019\/04\/D0F11E6F-742B-424A-8621-4C130434224F.jpeg?resize=600%2C564\" alt=\"D0F11E6F-742B-424A-8621-4C130434224F\" width=\"600\" height=\"564\" class=\"alignnone size-full wp-image-21294\" srcset=\"https:\/\/i0.wp.com\/blogdalucianaoliveira.com.br\/blog\/wp-content\/uploads\/2019\/04\/D0F11E6F-742B-424A-8621-4C130434224F.jpeg?w=750 750w, https:\/\/i0.wp.com\/blogdalucianaoliveira.com.br\/blog\/wp-content\/uploads\/2019\/04\/D0F11E6F-742B-424A-8621-4C130434224F.jpeg?resize=300%2C282 300w, https:\/\/i0.wp.com\/blogdalucianaoliveira.com.br\/blog\/wp-content\/uploads\/2019\/04\/D0F11E6F-742B-424A-8621-4C130434224F.jpeg?resize=319%2C300 319w\" sizes=\"auto, (max-width: 600px) 100vw, 600px\" \/><\/p>\n","protected":false},"excerpt":{"rendered":"<p>O ministro S\u00e9rgio Moro esteve em Porto Velho para fazer propaganda do seu projeto anticrime que vem sendo duramente criticado. Tem muita gente contra.<\/p>\n","protected":false},"author":1,"featured_media":0,"comment_status":"closed","ping_status":"open","sticky":false,"template":"","format":"standard","meta":{"_exactmetrics_skip_tracking":false,"_exactmetrics_sitenote_active":false,"_exactmetrics_sitenote_note":"","_exactmetrics_sitenote_category":0,"jetpack_post_was_ever_published":false,"_jetpack_newsletter_access":"","_jetpack_dont_email_post_to_subs":false,"_jetpack_newsletter_tier_id":0,"_jetpack_memberships_contains_paywalled_content":false,"_jetpack_memberships_contains_paid_content":false,"footnotes":"","jetpack_publicize_message":"","jetpack_publicize_feature_enabled":true,"jetpack_social_post_already_shared":true,"jetpack_social_options":{"image_generator_settings":{"template":"highway","enabled":false},"version":2}},"categories":[1],"tags":[],"class_list":["post-21290","post","type-post","status-publish","format-standard","hentry","category-notas"],"jetpack_publicize_connections":[],"jetpack_sharing_enabled":true,"jetpack_featured_media_url":"","jetpack_shortlink":"https:\/\/wp.me\/p7wKYW-5xo","jetpack-related-posts":[],"_links":{"self":[{"href":"http:\/\/blogdalucianaoliveira.com.br\/blog\/wp-json\/wp\/v2\/posts\/21290","targetHints":{"allow":["GET"]}}],"collection":[{"href":"http:\/\/blogdalucianaoliveira.com.br\/blog\/wp-json\/wp\/v2\/posts"}],"about":[{"href":"http:\/\/blogdalucianaoliveira.com.br\/blog\/wp-json\/wp\/v2\/types\/post"}],"author":[{"embeddable":true,"href":"http:\/\/blogdalucianaoliveira.com.br\/blog\/wp-json\/wp\/v2\/users\/1"}],"replies":[{"embeddable":true,"href":"http:\/\/blogdalucianaoliveira.com.br\/blog\/wp-json\/wp\/v2\/comments?post=21290"}],"version-history":[{"count":3,"href":"http:\/\/blogdalucianaoliveira.com.br\/blog\/wp-json\/wp\/v2\/posts\/21290\/revisions"}],"predecessor-version":[{"id":21299,"href":"http:\/\/blogdalucianaoliveira.com.br\/blog\/wp-json\/wp\/v2\/posts\/21290\/revisions\/21299"}],"wp:attachment":[{"href":"http:\/\/blogdalucianaoliveira.com.br\/blog\/wp-json\/wp\/v2\/media?parent=21290"}],"wp:term":[{"taxonomy":"category","embeddable":true,"href":"http:\/\/blogdalucianaoliveira.com.br\/blog\/wp-json\/wp\/v2\/categories?post=21290"},{"taxonomy":"post_tag","embeddable":true,"href":"http:\/\/blogdalucianaoliveira.com.br\/blog\/wp-json\/wp\/v2\/tags?post=21290"}],"curies":[{"name":"wp","href":"https:\/\/api.w.org\/{rel}","templated":true}]}}