{"id":21300,"date":"2019-04-16T18:35:24","date_gmt":"2019-04-16T22:35:24","guid":{"rendered":"http:\/\/blogdalucianaoliveira.com.br\/blog\/?p=21300"},"modified":"2019-04-16T18:35:24","modified_gmt":"2019-04-16T22:35:24","slug":"fotografo-registra-acampamento-de-desabrigados-por-ciclone-em-mocambique","status":"publish","type":"post","link":"http:\/\/blogdalucianaoliveira.com.br\/blog\/2019\/04\/16\/fotografo-registra-acampamento-de-desabrigados-por-ciclone-em-mocambique\/","title":{"rendered":"Fot\u00f3grafo registra acampamento de desabrigados por ciclone em Mo\u00e7ambique"},"content":{"rendered":"<p>Q<img data-recalc-dims=\"1\" loading=\"lazy\" decoding=\"async\" data-attachment-id=\"21301\" data-permalink=\"http:\/\/blogdalucianaoliveira.com.br\/blog\/2019\/04\/16\/fotografo-registra-acampamento-de-desabrigados-por-ciclone-em-mocambique\/8f862986-65b2-427f-927b-ee097f560f96\/\" data-orig-file=\"https:\/\/i0.wp.com\/blogdalucianaoliveira.com.br\/blog\/wp-content\/uploads\/2019\/04\/8F862986-65B2-427F-927B-EE097F560F96.jpeg?fit=640%2C427\" data-orig-size=\"640,427\" data-comments-opened=\"0\" data-image-meta=\"{&quot;aperture&quot;:&quot;0&quot;,&quot;credit&quot;:&quot;&quot;,&quot;camera&quot;:&quot;&quot;,&quot;caption&quot;:&quot;&quot;,&quot;created_timestamp&quot;:&quot;0&quot;,&quot;copyright&quot;:&quot;&quot;,&quot;focal_length&quot;:&quot;0&quot;,&quot;iso&quot;:&quot;0&quot;,&quot;shutter_speed&quot;:&quot;0&quot;,&quot;title&quot;:&quot;&quot;,&quot;orientation&quot;:&quot;0&quot;}\" data-image-title=\"8F862986-65B2-427F-927B-EE097F560F96\" data-image-description=\"\" data-image-caption=\"\" data-medium-file=\"https:\/\/i0.wp.com\/blogdalucianaoliveira.com.br\/blog\/wp-content\/uploads\/2019\/04\/8F862986-65B2-427F-927B-EE097F560F96.jpeg?fit=300%2C200\" data-large-file=\"https:\/\/i0.wp.com\/blogdalucianaoliveira.com.br\/blog\/wp-content\/uploads\/2019\/04\/8F862986-65B2-427F-927B-EE097F560F96.jpeg?fit=600%2C400\" class=\"alignnone size-full wp-image-21301\" src=\"https:\/\/i0.wp.com\/blogdalucianaoliveira.com.br\/blog\/wp-content\/uploads\/2019\/04\/8F862986-65B2-427F-927B-EE097F560F96.jpeg?resize=600%2C400\" alt=\"8F862986-65B2-427F-927B-EE097F560F96\" width=\"600\" height=\"400\" srcset=\"https:\/\/i0.wp.com\/blogdalucianaoliveira.com.br\/blog\/wp-content\/uploads\/2019\/04\/8F862986-65B2-427F-927B-EE097F560F96.jpeg?w=640 640w, https:\/\/i0.wp.com\/blogdalucianaoliveira.com.br\/blog\/wp-content\/uploads\/2019\/04\/8F862986-65B2-427F-927B-EE097F560F96.jpeg?resize=300%2C200 300w, https:\/\/i0.wp.com\/blogdalucianaoliveira.com.br\/blog\/wp-content\/uploads\/2019\/04\/8F862986-65B2-427F-927B-EE097F560F96.jpeg?resize=450%2C300 450w\" sizes=\"auto, (max-width: 600px) 100vw, 600px\" \/><\/p>\n<p>Grupo composto por membros de movimentos populares brasileiros est\u00e1 no pa\u00eds africano para apoiar reconstru\u00e7\u00e3o da na\u00e7\u00e3o<!--more--><\/p>\n<p>Rafael Stedile*<br \/>\nBrasil de Fato<\/p>\n<p>&nbsp;<\/p>\n<p>O acampamento n\u00e3o tem nome. Mas \u00e9 ali que, em tendas azuis e brancas, vivem hoje cerca de 1 mil\u00a0mo\u00e7ambicanos e mo\u00e7ambicanas. Ap\u00f3s a passagem do ciclone Idai no Sudeste da \u00c1frica \u2013 que atingiu, al\u00e9m de Mo\u00e7ambique, o\u00a0Malawi e o Zimb\u00e1bue \u2013, milh\u00f5es de pessoas\u00a0buscam reconstruir suas vidas.<\/p>\n<p>Um m\u00eas ap\u00f3s a trag\u00e9dia, o n\u00famero total de mortos\u00a0ultrapassa\u00a01 mil, sendo 60% somente em terras mo\u00e7ambicanas. Neste pa\u00eds,\u00a0dados da Organiza\u00e7\u00e3o das Na\u00e7\u00f5es Unidas apontam que\u00a01,8 milh\u00e3o de pessoas foram afetadas pela destrui\u00e7\u00e3o causada pelo fen\u00f4meno clim\u00e1tico, muitas delas perderam suas casas e encontram-se desabrigadas.<\/p>\n<p>Na cidade mo\u00e7ambicana de Beira, uma das mais afetadas, no acampamento visitado\u00a0encontram-se idosos, adultos, adolescentes e muitas crian\u00e7as. Segundo o\u00a0Fundo das Na\u00e7\u00f5es Unidas para a Inf\u00e2ncia (Unicef), pelo menos 1,6 milh\u00e3o de crian\u00e7as precisam de assist\u00eancia urgente nos tr\u00eas pa\u00edses do Sudeste africano, principalmente ajuda humanit\u00e1ria com\u00a0servi\u00e7os de sa\u00fade, nutri\u00e7\u00e3o, prote\u00e7\u00e3o, educa\u00e7\u00e3o, \u00e1gua e saneamento.<\/p>\n<p><em><strong>Confira a cobertura fotogr\u00e1fica, por Rafael Stedile:<\/strong><\/em><\/p>\n<p><a href=\"https:\/\/www.flickr.com\/photos\/brasildefato\/32682356557\/in\/album-72157679910005648\"><img data-recalc-dims=\"1\" loading=\"lazy\" decoding=\"async\" src=\"https:\/\/i0.wp.com\/live.staticflickr.com\/65535\/32682356557_884125a1ca.jpg?resize=500%2C333&#038;ssl=1\" alt=\"Fam\u00edlias vivem em acampamento na cidade de Beira, Mo\u00e7ambique. Foto: Rafael Stedile\" width=\"500\" height=\"333\" \/><\/a><\/p>\n<p>Algumas organiza\u00e7\u00f5es estrangeiras, como ONGs e outras\u00a0ligadas \u00e0\u00a0Igreja Cat\u00f3lica, tamb\u00e9m atuam na regi\u00e3o e distribuem\u00a0comida a partir de um caminh\u00e3o. A maior parte da infraestrutura por ali, como as tendas,\u00a0s\u00e3o doa\u00e7\u00f5es internacionais.<\/p>\n<p>As condi\u00e7\u00f5es de higiene s\u00e3o prec\u00e1rias, as tendas\u00a0s\u00e3o muito suscet\u00edveis aos ventos e pouco resistentes \u00e0s chuvas. As pessoas t\u00eam acesso \u00e0 eletricidade atrav\u00e9s de carregadores de bateria com luz solar. Quem possui\u00a0parentes no acampamento recebe\u00a0visitas e alguma ajuda a mais.<\/p>\n<p>Faz muito calor de dia e frio \u00e0 noite. As pessoas n\u00e3o t\u00eam expectativa de quando v\u00e3o sair do acampamento. Quando chove, entra \u00e1gua nas barracas e \u00e9 um desespero para proteger as crian\u00e7as. Faltam telas de prote\u00e7\u00e3o contra mosquitos, esteiras para dormirem, mantas para se abrigarem do frio e a qualidade da comida n\u00e3o \u00e9 das melhores. Muitos reclamavam de alimentos repetitivos e mal cozidos.<\/p>\n<p>Uma das ONG\u00a0que encontramos no acampamento estava preocupada\u00a0com a contamina\u00e7\u00e3o da \u00e1gua. N\u00e3o havia processo de higieniza\u00e7\u00e3o das m\u00e3os nas barracas que funcionavam como banheiro. A pr\u00f3pria \u00e1gua dispensada nos banhos se misturava\u00a0com a terra do ch\u00e3o onde as crian\u00e7as brincavam.<\/p>\n<p>Apesar do futuro incerto e do presente de dificuldades, ainda \u00e9 poss\u00edvel ver o sorriso nos rostos e uma fortaleza na postura do povo mo\u00e7ambicano.<\/p>\n<p><em>*Rafael\u00a0Stedile \u00e9 fot\u00f3grafo e integra a Brigada da Solidariedade da Via Campesina, que re\u00fane militantes,\u00a0<a href=\"https:\/\/www.brasildefato.com.br\/2019\/04\/08\/rede-de-medicos-populares-organiza-brigada-a-mocambique\/\" target=\"_blank\">profissionais da sa\u00fade<\/a> e trabalhadores rurais de movimentos populares brasileiros.<\/em><\/p>\n<p class=\"editor\">Edi\u00e7\u00e3o: Vivian Fernandes<\/p>\n","protected":false},"excerpt":{"rendered":"<p>Q Grupo composto por membros de movimentos populares brasileiros est\u00e1 no pa\u00eds africano para apoiar reconstru\u00e7\u00e3o da na\u00e7\u00e3o<\/p>\n","protected":false},"author":1,"featured_media":0,"comment_status":"closed","ping_status":"open","sticky":false,"template":"","format":"standard","meta":{"_exactmetrics_skip_tracking":false,"_exactmetrics_sitenote_active":false,"_exactmetrics_sitenote_note":"","_exactmetrics_sitenote_category":0,"jetpack_post_was_ever_published":false,"_jetpack_newsletter_access":"","_jetpack_dont_email_post_to_subs":false,"_jetpack_newsletter_tier_id":0,"_jetpack_memberships_contains_paywalled_content":false,"_jetpack_memberships_contains_paid_content":false,"footnotes":"","jetpack_publicize_message":"","jetpack_publicize_feature_enabled":true,"jetpack_social_post_already_shared":true,"jetpack_social_options":{"image_generator_settings":{"template":"highway","enabled":false},"version":2}},"categories":[1],"tags":[],"class_list":["post-21300","post","type-post","status-publish","format-standard","hentry","category-notas"],"jetpack_publicize_connections":[],"jetpack_sharing_enabled":true,"jetpack_featured_media_url":"","jetpack_shortlink":"https:\/\/wp.me\/p7wKYW-5xy","jetpack-related-posts":[],"_links":{"self":[{"href":"http:\/\/blogdalucianaoliveira.com.br\/blog\/wp-json\/wp\/v2\/posts\/21300","targetHints":{"allow":["GET"]}}],"collection":[{"href":"http:\/\/blogdalucianaoliveira.com.br\/blog\/wp-json\/wp\/v2\/posts"}],"about":[{"href":"http:\/\/blogdalucianaoliveira.com.br\/blog\/wp-json\/wp\/v2\/types\/post"}],"author":[{"embeddable":true,"href":"http:\/\/blogdalucianaoliveira.com.br\/blog\/wp-json\/wp\/v2\/users\/1"}],"replies":[{"embeddable":true,"href":"http:\/\/blogdalucianaoliveira.com.br\/blog\/wp-json\/wp\/v2\/comments?post=21300"}],"version-history":[{"count":1,"href":"http:\/\/blogdalucianaoliveira.com.br\/blog\/wp-json\/wp\/v2\/posts\/21300\/revisions"}],"predecessor-version":[{"id":21302,"href":"http:\/\/blogdalucianaoliveira.com.br\/blog\/wp-json\/wp\/v2\/posts\/21300\/revisions\/21302"}],"wp:attachment":[{"href":"http:\/\/blogdalucianaoliveira.com.br\/blog\/wp-json\/wp\/v2\/media?parent=21300"}],"wp:term":[{"taxonomy":"category","embeddable":true,"href":"http:\/\/blogdalucianaoliveira.com.br\/blog\/wp-json\/wp\/v2\/categories?post=21300"},{"taxonomy":"post_tag","embeddable":true,"href":"http:\/\/blogdalucianaoliveira.com.br\/blog\/wp-json\/wp\/v2\/tags?post=21300"}],"curies":[{"name":"wp","href":"https:\/\/api.w.org\/{rel}","templated":true}]}}