{"id":21309,"date":"2019-04-17T16:07:59","date_gmt":"2019-04-17T20:07:59","guid":{"rendered":"http:\/\/blogdalucianaoliveira.com.br\/blog\/?p=21309"},"modified":"2019-04-17T16:07:59","modified_gmt":"2019-04-17T20:07:59","slug":"a-pedido-de-heleno-moro-libera-forca-nacional-em-brasilia-contra-protestos","status":"publish","type":"post","link":"http:\/\/blogdalucianaoliveira.com.br\/blog\/2019\/04\/17\/a-pedido-de-heleno-moro-libera-forca-nacional-em-brasilia-contra-protestos\/","title":{"rendered":"A PEDIDO DE HELENO, MORO LIBERA FOR\u00c7A NACIONAL EM BRAS\u00cdLIA CONTRA PROTESTOS"},"content":{"rendered":"<p><img data-recalc-dims=\"1\" loading=\"lazy\" decoding=\"async\" data-attachment-id=\"21310\" data-permalink=\"http:\/\/blogdalucianaoliveira.com.br\/blog\/2019\/04\/17\/a-pedido-de-heleno-moro-libera-forca-nacional-em-brasilia-contra-protestos\/9e4c9810-705a-4a6e-920d-9f8eeb958b1d\/\" data-orig-file=\"https:\/\/i0.wp.com\/blogdalucianaoliveira.com.br\/blog\/wp-content\/uploads\/2019\/04\/9E4C9810-705A-4A6E-920D-9F8EEB958B1D.jpeg?fit=480%2C240\" data-orig-size=\"480,240\" data-comments-opened=\"0\" data-image-meta=\"{&quot;aperture&quot;:&quot;0&quot;,&quot;credit&quot;:&quot;&quot;,&quot;camera&quot;:&quot;&quot;,&quot;caption&quot;:&quot;&quot;,&quot;created_timestamp&quot;:&quot;0&quot;,&quot;copyright&quot;:&quot;&quot;,&quot;focal_length&quot;:&quot;0&quot;,&quot;iso&quot;:&quot;0&quot;,&quot;shutter_speed&quot;:&quot;0&quot;,&quot;title&quot;:&quot;&quot;,&quot;orientation&quot;:&quot;0&quot;}\" data-image-title=\"9E4C9810-705A-4A6E-920D-9F8EEB958B1D\" data-image-description=\"\" data-image-caption=\"\" data-medium-file=\"https:\/\/i0.wp.com\/blogdalucianaoliveira.com.br\/blog\/wp-content\/uploads\/2019\/04\/9E4C9810-705A-4A6E-920D-9F8EEB958B1D.jpeg?fit=300%2C150\" data-large-file=\"https:\/\/i0.wp.com\/blogdalucianaoliveira.com.br\/blog\/wp-content\/uploads\/2019\/04\/9E4C9810-705A-4A6E-920D-9F8EEB958B1D.jpeg?fit=480%2C240\" src=\"https:\/\/i0.wp.com\/blogdalucianaoliveira.com.br\/blog\/wp-content\/uploads\/2019\/04\/9E4C9810-705A-4A6E-920D-9F8EEB958B1D.jpeg?resize=480%2C240\" alt=\"9E4C9810-705A-4A6E-920D-9F8EEB958B1D\" width=\"480\" height=\"240\" class=\"alignnone size-full wp-image-21310\" srcset=\"https:\/\/i0.wp.com\/blogdalucianaoliveira.com.br\/blog\/wp-content\/uploads\/2019\/04\/9E4C9810-705A-4A6E-920D-9F8EEB958B1D.jpeg?w=480 480w, https:\/\/i0.wp.com\/blogdalucianaoliveira.com.br\/blog\/wp-content\/uploads\/2019\/04\/9E4C9810-705A-4A6E-920D-9F8EEB958B1D.jpeg?resize=300%2C150 300w\" sizes=\"auto, (max-width: 480px) 100vw, 480px\" \/><\/p>\n<p>247 &#8211; O ministro da Justi\u00e7a, Sergio Moro, autorizou o uso da For\u00e7a Nacional de Seguran\u00e7a na pra\u00e7a dos Tr\u00eas Poderes e na Esplanada dos Minist\u00e9rios, em Bras\u00edlia, por 33 dias, a partir desta quarta-feira (17). <\/p>\n<p>A medida foi solicitada pelo Gabinete de Seguran\u00e7a Institucional (GSI), comandado pelo general Augusto Heleno. A iniciativa de Moro foi consequ\u00eancia das manifesta\u00e7\u00f5es ind\u00edgenas previstas para a pr\u00f3xima semana.<!--more--><\/p>\n<p>Os protestos fazem parte do Acampamento Terra Livre (ATL), uma marcha de ind\u00edgenas de diversas partes do Brasil \u00e0 capital federal que ocorre h\u00e1 15 anos. Neste ano, o acampamento est\u00e1 previsto para acontecer entre os dias 24 e 26 de abril. Em 19 de abril, celebra-se o Dia do \u00cdndio.<\/p>\n<p>O presidente Jair Bolsonaro criticou na semana passada o acampamento de ind\u00edgenas em Bras\u00edlia. Durante uma transmiss\u00e3o ao vivo via Facebook, o chefe do Planalto se referiu ao evento como &#8220;encontr\u00e3o&#8221; e disse que quem iria pagar a conta seria o &#8220;contribuinte.<\/p>\n<p>A respons\u00e1vel pela organiza\u00e7\u00e3o do evento, a l\u00edder ind\u00edgena S\u00f4nia Guajajara, desmentiu a declara\u00e7\u00e3o do presidente. &#8220;Gente! Bolsonaro fez uma live agora, e continua incitando a sociedade contra os povos ind\u00edgenas falou &#8220;semana que vem ter\u00e1 10 mil indios aqui em Bras\u00edlia pago com o recurso de voc\u00eas&#8221; ele quer dizer dinheiro p\u00fablico, grande mentira!O Acampamento Terra Livre \u00e9 custeado por n\u00f3s!&#8221;, disse ela no Twitter.<\/p>\n<p>A a\u00e7\u00e3o de Moro prev\u00ea &#8220;a defesa dos bens e dos pr\u00f3prios da Uni\u00e3o, na Esplanada dos Minist\u00e9rios, em Bras\u00edlia, em car\u00e1ter epis\u00f3dico e planejado&#8221;. De acordo com o ministro, o prazo para uso dos agentes de seguran\u00e7a poder\u00e1 ser ampliado. <\/p>\n<p><img data-recalc-dims=\"1\" loading=\"lazy\" decoding=\"async\" data-attachment-id=\"21311\" data-permalink=\"http:\/\/blogdalucianaoliveira.com.br\/blog\/2019\/04\/17\/a-pedido-de-heleno-moro-libera-forca-nacional-em-brasilia-contra-protestos\/988d1b1e-bf53-4593-8d1d-052ba0249cb9\/\" data-orig-file=\"https:\/\/i0.wp.com\/blogdalucianaoliveira.com.br\/blog\/wp-content\/uploads\/2019\/04\/988D1B1E-BF53-4593-8D1D-052BA0249CB9.jpeg?fit=750%2C436\" data-orig-size=\"750,436\" data-comments-opened=\"0\" data-image-meta=\"{&quot;aperture&quot;:&quot;0&quot;,&quot;credit&quot;:&quot;&quot;,&quot;camera&quot;:&quot;&quot;,&quot;caption&quot;:&quot;&quot;,&quot;created_timestamp&quot;:&quot;0&quot;,&quot;copyright&quot;:&quot;&quot;,&quot;focal_length&quot;:&quot;0&quot;,&quot;iso&quot;:&quot;0&quot;,&quot;shutter_speed&quot;:&quot;0&quot;,&quot;title&quot;:&quot;&quot;,&quot;orientation&quot;:&quot;0&quot;}\" data-image-title=\"988D1B1E-BF53-4593-8D1D-052BA0249CB9\" data-image-description=\"\" data-image-caption=\"\" data-medium-file=\"https:\/\/i0.wp.com\/blogdalucianaoliveira.com.br\/blog\/wp-content\/uploads\/2019\/04\/988D1B1E-BF53-4593-8D1D-052BA0249CB9.jpeg?fit=300%2C174\" data-large-file=\"https:\/\/i0.wp.com\/blogdalucianaoliveira.com.br\/blog\/wp-content\/uploads\/2019\/04\/988D1B1E-BF53-4593-8D1D-052BA0249CB9.jpeg?fit=600%2C349\" src=\"https:\/\/i0.wp.com\/blogdalucianaoliveira.com.br\/blog\/wp-content\/uploads\/2019\/04\/988D1B1E-BF53-4593-8D1D-052BA0249CB9.jpeg?resize=600%2C349\" alt=\"988D1B1E-BF53-4593-8D1D-052BA0249CB9\" width=\"600\" height=\"349\" class=\"alignnone size-full wp-image-21311\" srcset=\"https:\/\/i0.wp.com\/blogdalucianaoliveira.com.br\/blog\/wp-content\/uploads\/2019\/04\/988D1B1E-BF53-4593-8D1D-052BA0249CB9.jpeg?w=750 750w, https:\/\/i0.wp.com\/blogdalucianaoliveira.com.br\/blog\/wp-content\/uploads\/2019\/04\/988D1B1E-BF53-4593-8D1D-052BA0249CB9.jpeg?resize=300%2C174 300w, https:\/\/i0.wp.com\/blogdalucianaoliveira.com.br\/blog\/wp-content\/uploads\/2019\/04\/988D1B1E-BF53-4593-8D1D-052BA0249CB9.jpeg?resize=516%2C300 516w\" sizes=\"auto, (max-width: 600px) 100vw, 600px\" \/><\/p>\n","protected":false},"excerpt":{"rendered":"<p>247 &#8211; O ministro da Justi\u00e7a, Sergio Moro, autorizou o uso da For\u00e7a Nacional de Seguran\u00e7a na pra\u00e7a dos Tr\u00eas Poderes e na Esplanada dos Minist\u00e9rios, em Bras\u00edlia, por 33 dias, a partir desta quarta-feira (17). A medida foi solicitada pelo Gabinete de Seguran\u00e7a Institucional (GSI), comandado pelo general Augusto Heleno. A iniciativa de Moro&#8230;<a class=\"more-link\" href=\"http:\/\/blogdalucianaoliveira.com.br\/blog\/2019\/04\/17\/a-pedido-de-heleno-moro-libera-forca-nacional-em-brasilia-contra-protestos\/\">Continue a leitura <span class=\"meta-nav\">&raquo;<\/span><\/a><\/p>\n","protected":false},"author":1,"featured_media":0,"comment_status":"closed","ping_status":"open","sticky":false,"template":"","format":"standard","meta":{"_exactmetrics_skip_tracking":false,"_exactmetrics_sitenote_active":false,"_exactmetrics_sitenote_note":"","_exactmetrics_sitenote_category":0,"jetpack_post_was_ever_published":false,"_jetpack_newsletter_access":"","_jetpack_dont_email_post_to_subs":false,"_jetpack_newsletter_tier_id":0,"_jetpack_memberships_contains_paywalled_content":false,"_jetpack_memberships_contains_paid_content":false,"footnotes":"","jetpack_publicize_message":"","jetpack_publicize_feature_enabled":true,"jetpack_social_post_already_shared":true,"jetpack_social_options":{"image_generator_settings":{"template":"highway","enabled":false},"version":2}},"categories":[1],"tags":[],"class_list":["post-21309","post","type-post","status-publish","format-standard","hentry","category-notas"],"jetpack_publicize_connections":[],"jetpack_sharing_enabled":true,"jetpack_featured_media_url":"","jetpack_shortlink":"https:\/\/wp.me\/p7wKYW-5xH","jetpack-related-posts":[],"_links":{"self":[{"href":"http:\/\/blogdalucianaoliveira.com.br\/blog\/wp-json\/wp\/v2\/posts\/21309","targetHints":{"allow":["GET"]}}],"collection":[{"href":"http:\/\/blogdalucianaoliveira.com.br\/blog\/wp-json\/wp\/v2\/posts"}],"about":[{"href":"http:\/\/blogdalucianaoliveira.com.br\/blog\/wp-json\/wp\/v2\/types\/post"}],"author":[{"embeddable":true,"href":"http:\/\/blogdalucianaoliveira.com.br\/blog\/wp-json\/wp\/v2\/users\/1"}],"replies":[{"embeddable":true,"href":"http:\/\/blogdalucianaoliveira.com.br\/blog\/wp-json\/wp\/v2\/comments?post=21309"}],"version-history":[{"count":1,"href":"http:\/\/blogdalucianaoliveira.com.br\/blog\/wp-json\/wp\/v2\/posts\/21309\/revisions"}],"predecessor-version":[{"id":21312,"href":"http:\/\/blogdalucianaoliveira.com.br\/blog\/wp-json\/wp\/v2\/posts\/21309\/revisions\/21312"}],"wp:attachment":[{"href":"http:\/\/blogdalucianaoliveira.com.br\/blog\/wp-json\/wp\/v2\/media?parent=21309"}],"wp:term":[{"taxonomy":"category","embeddable":true,"href":"http:\/\/blogdalucianaoliveira.com.br\/blog\/wp-json\/wp\/v2\/categories?post=21309"},{"taxonomy":"post_tag","embeddable":true,"href":"http:\/\/blogdalucianaoliveira.com.br\/blog\/wp-json\/wp\/v2\/tags?post=21309"}],"curies":[{"name":"wp","href":"https:\/\/api.w.org\/{rel}","templated":true}]}}