{"id":21316,"date":"2019-04-18T09:58:47","date_gmt":"2019-04-18T13:58:47","guid":{"rendered":"http:\/\/blogdalucianaoliveira.com.br\/blog\/?p=21316"},"modified":"2019-04-18T09:58:47","modified_gmt":"2019-04-18T13:58:47","slug":"globo-ataca-stf-no-caso-da-censura","status":"publish","type":"post","link":"http:\/\/blogdalucianaoliveira.com.br\/blog\/2019\/04\/18\/globo-ataca-stf-no-caso-da-censura\/","title":{"rendered":"GLOBO ATACA STF NO CASO DA &#8216;CENSURA&#8217;"},"content":{"rendered":"<p><img data-recalc-dims=\"1\" loading=\"lazy\" decoding=\"async\" data-attachment-id=\"21317\" data-permalink=\"http:\/\/blogdalucianaoliveira.com.br\/blog\/2019\/04\/18\/globo-ataca-stf-no-caso-da-censura\/tofo\/\" data-orig-file=\"https:\/\/i0.wp.com\/blogdalucianaoliveira.com.br\/blog\/wp-content\/uploads\/2019\/04\/tofo.jpg?fit=1000%2C357\" data-orig-size=\"1000,357\" data-comments-opened=\"0\" data-image-meta=\"{&quot;aperture&quot;:&quot;0&quot;,&quot;credit&quot;:&quot;&quot;,&quot;camera&quot;:&quot;&quot;,&quot;caption&quot;:&quot;&quot;,&quot;created_timestamp&quot;:&quot;0&quot;,&quot;copyright&quot;:&quot;&quot;,&quot;focal_length&quot;:&quot;0&quot;,&quot;iso&quot;:&quot;0&quot;,&quot;shutter_speed&quot;:&quot;0&quot;,&quot;title&quot;:&quot;&quot;,&quot;orientation&quot;:&quot;0&quot;}\" data-image-title=\"tofo\" data-image-description=\"\" data-image-caption=\"\" data-medium-file=\"https:\/\/i0.wp.com\/blogdalucianaoliveira.com.br\/blog\/wp-content\/uploads\/2019\/04\/tofo.jpg?fit=300%2C107\" data-large-file=\"https:\/\/i0.wp.com\/blogdalucianaoliveira.com.br\/blog\/wp-content\/uploads\/2019\/04\/tofo.jpg?fit=600%2C214\" class=\"alignnone size-full wp-image-21317\" src=\"https:\/\/i0.wp.com\/blogdalucianaoliveira.com.br\/blog\/wp-content\/uploads\/2019\/04\/tofo.jpg?resize=600%2C214\" alt=\"tofo\" width=\"600\" height=\"214\" srcset=\"https:\/\/i0.wp.com\/blogdalucianaoliveira.com.br\/blog\/wp-content\/uploads\/2019\/04\/tofo.jpg?w=1000 1000w, https:\/\/i0.wp.com\/blogdalucianaoliveira.com.br\/blog\/wp-content\/uploads\/2019\/04\/tofo.jpg?resize=300%2C107 300w, https:\/\/i0.wp.com\/blogdalucianaoliveira.com.br\/blog\/wp-content\/uploads\/2019\/04\/tofo.jpg?resize=768%2C274 768w, https:\/\/i0.wp.com\/blogdalucianaoliveira.com.br\/blog\/wp-content\/uploads\/2019\/04\/tofo.jpg?resize=800%2C286 800w\" sizes=\"auto, (max-width: 600px) 100vw, 600px\" \/><\/p>\n<p>247 &#8211; Em editorial publicado nesta quinta-feira (18), o jornal O Globo afirma que &#8220;o an\u00fancio feito em mar\u00e7o, pelo presidente do Supremo, ministro Dias Toffoli, de que decidira instaurar inqu\u00e9rito para investigar \u201cnot\u00edcias fraudulentas (fake news), denuncia\u00e7\u00f5es caluniosas, amea\u00e7as (&#8230;) que atingem a honorabilidade do Supremo, de seus membros e familiares\u201d foi logo acompanhado de temores de que a iniciativa poderia levar a Corte a uma crise&#8221;.<!--more--><\/p>\n<p>&#8220;Ao decidir que o pr\u00f3prio Supremo cumprir\u00e1 este papel, numa interpreta\u00e7\u00e3o tamb\u00e9m pol\u00eamica do regimento interno da Corte, Dias Toffoli criou a situa\u00e7\u00e3o esdr\u00faxula de que a Corte que investiga denunciar\u00e1 e julgar\u00e1. Algo t\u00edpico de regimes ditatoriais. O certo \u00e9 que confrontos dentro do STF e choques institucionais com a PGR s\u00e3o negativos para todos, e logo quando devem chegar ao Judici\u00e1rio demandas contra reformas vitais para o pa\u00eds&#8221;, diz.<\/p>\n<p>&#8220;O agravamento de tudo deu-se com a decis\u00e3o tomada por Moraes de determinar que a revista &#8216;Cruso\u00e9&#8217; e o site &#8216;O Antagonista&#8217; retirassem do ar a not\u00edcia de que Marcelo Odebrecht, em sua dela\u00e7\u00e3o premiada, identificara como o pr\u00f3prio Dias Toffoli o &#8216;amigo do amigo do meu pai&#8217;, citado na Lava-Jato&#8221;, continua.<\/p>\n<p>O jornal refor\u00e7a que Toffoli &#8220;j\u00e1 nomeou para conduzir o inqu\u00e9rito o ministro Alexandre de Moraes, atropelando mais uma norma dos tribunais, a do sorteio de quem ir\u00e1 presidir as investiga\u00e7\u00f5es, para garantir isen\u00e7\u00e3o e independ\u00eancia, princ\u00edpios p\u00e9treos da Justi\u00e7a&#8221;.<\/p>\n<p>O Globo diz, ainda, que o &#8220;ministro Marco Aur\u00e9lio Mello, logo depois do an\u00fancio de Toffoli, se colocou contra a medida. Pois, por determina\u00e7\u00e3o constitucional, cabe ao MP acusar e ao Judici\u00e1rio, julgar&#8221;.<\/p>\n","protected":false},"excerpt":{"rendered":"<p>247 &#8211; Em editorial publicado nesta quinta-feira (18), o jornal O Globo afirma que &#8220;o an\u00fancio feito em mar\u00e7o, pelo presidente do Supremo, ministro Dias Toffoli, de que decidira instaurar inqu\u00e9rito para investigar \u201cnot\u00edcias fraudulentas (fake news), denuncia\u00e7\u00f5es caluniosas, amea\u00e7as (&#8230;) que atingem a honorabilidade do Supremo, de seus membros e familiares\u201d foi logo acompanhado&#8230;<a class=\"more-link\" href=\"http:\/\/blogdalucianaoliveira.com.br\/blog\/2019\/04\/18\/globo-ataca-stf-no-caso-da-censura\/\">Continue a leitura <span class=\"meta-nav\">&raquo;<\/span><\/a><\/p>\n","protected":false},"author":1,"featured_media":0,"comment_status":"closed","ping_status":"open","sticky":false,"template":"","format":"standard","meta":{"_exactmetrics_skip_tracking":false,"_exactmetrics_sitenote_active":false,"_exactmetrics_sitenote_note":"","_exactmetrics_sitenote_category":0,"jetpack_post_was_ever_published":false,"_jetpack_newsletter_access":"","_jetpack_dont_email_post_to_subs":false,"_jetpack_newsletter_tier_id":0,"_jetpack_memberships_contains_paywalled_content":false,"_jetpack_memberships_contains_paid_content":false,"footnotes":"","jetpack_publicize_message":"","jetpack_publicize_feature_enabled":true,"jetpack_social_post_already_shared":true,"jetpack_social_options":{"image_generator_settings":{"template":"highway","enabled":false},"version":2}},"categories":[1],"tags":[],"class_list":["post-21316","post","type-post","status-publish","format-standard","hentry","category-notas"],"jetpack_publicize_connections":[],"jetpack_sharing_enabled":true,"jetpack_featured_media_url":"","jetpack_shortlink":"https:\/\/wp.me\/p7wKYW-5xO","jetpack-related-posts":[],"_links":{"self":[{"href":"http:\/\/blogdalucianaoliveira.com.br\/blog\/wp-json\/wp\/v2\/posts\/21316","targetHints":{"allow":["GET"]}}],"collection":[{"href":"http:\/\/blogdalucianaoliveira.com.br\/blog\/wp-json\/wp\/v2\/posts"}],"about":[{"href":"http:\/\/blogdalucianaoliveira.com.br\/blog\/wp-json\/wp\/v2\/types\/post"}],"author":[{"embeddable":true,"href":"http:\/\/blogdalucianaoliveira.com.br\/blog\/wp-json\/wp\/v2\/users\/1"}],"replies":[{"embeddable":true,"href":"http:\/\/blogdalucianaoliveira.com.br\/blog\/wp-json\/wp\/v2\/comments?post=21316"}],"version-history":[{"count":1,"href":"http:\/\/blogdalucianaoliveira.com.br\/blog\/wp-json\/wp\/v2\/posts\/21316\/revisions"}],"predecessor-version":[{"id":21318,"href":"http:\/\/blogdalucianaoliveira.com.br\/blog\/wp-json\/wp\/v2\/posts\/21316\/revisions\/21318"}],"wp:attachment":[{"href":"http:\/\/blogdalucianaoliveira.com.br\/blog\/wp-json\/wp\/v2\/media?parent=21316"}],"wp:term":[{"taxonomy":"category","embeddable":true,"href":"http:\/\/blogdalucianaoliveira.com.br\/blog\/wp-json\/wp\/v2\/categories?post=21316"},{"taxonomy":"post_tag","embeddable":true,"href":"http:\/\/blogdalucianaoliveira.com.br\/blog\/wp-json\/wp\/v2\/tags?post=21316"}],"curies":[{"name":"wp","href":"https:\/\/api.w.org\/{rel}","templated":true}]}}