{"id":21325,"date":"2019-04-18T12:38:03","date_gmt":"2019-04-18T16:38:03","guid":{"rendered":"http:\/\/blogdalucianaoliveira.com.br\/blog\/?p=21325"},"modified":"2019-04-18T12:39:00","modified_gmt":"2019-04-18T16:39:00","slug":"vao-atirar-nos-indigenas-em-brasilia-para-todo-mundo-ver","status":"publish","type":"post","link":"http:\/\/blogdalucianaoliveira.com.br\/blog\/2019\/04\/18\/vao-atirar-nos-indigenas-em-brasilia-para-todo-mundo-ver\/","title":{"rendered":"V\u00e3o atirar nos ind\u00edgenas em Bras\u00edlia, para todo mundo ver?"},"content":{"rendered":"<p><img data-recalc-dims=\"1\" loading=\"lazy\" decoding=\"async\" data-attachment-id=\"21326\" data-permalink=\"http:\/\/blogdalucianaoliveira.com.br\/blog\/2019\/04\/18\/vao-atirar-nos-indigenas-em-brasilia-para-todo-mundo-ver\/b454669a-5291-4302-b7b4-0b59741a9f76\/\" data-orig-file=\"https:\/\/i0.wp.com\/blogdalucianaoliveira.com.br\/blog\/wp-content\/uploads\/2019\/04\/B454669A-5291-4302-B7B4-0B59741A9F76.jpeg?fit=1080%2C530\" data-orig-size=\"1080,530\" data-comments-opened=\"0\" data-image-meta=\"{&quot;aperture&quot;:&quot;0&quot;,&quot;credit&quot;:&quot;&quot;,&quot;camera&quot;:&quot;&quot;,&quot;caption&quot;:&quot;&quot;,&quot;created_timestamp&quot;:&quot;0&quot;,&quot;copyright&quot;:&quot;&quot;,&quot;focal_length&quot;:&quot;0&quot;,&quot;iso&quot;:&quot;0&quot;,&quot;shutter_speed&quot;:&quot;0&quot;,&quot;title&quot;:&quot;&quot;,&quot;orientation&quot;:&quot;0&quot;}\" data-image-title=\"B454669A-5291-4302-B7B4-0B59741A9F76\" data-image-description=\"\" data-image-caption=\"\" data-medium-file=\"https:\/\/i0.wp.com\/blogdalucianaoliveira.com.br\/blog\/wp-content\/uploads\/2019\/04\/B454669A-5291-4302-B7B4-0B59741A9F76.jpeg?fit=300%2C147\" data-large-file=\"https:\/\/i0.wp.com\/blogdalucianaoliveira.com.br\/blog\/wp-content\/uploads\/2019\/04\/B454669A-5291-4302-B7B4-0B59741A9F76.jpeg?fit=600%2C295\" class=\"alignnone size-full wp-image-21326\" src=\"https:\/\/i0.wp.com\/blogdalucianaoliveira.com.br\/blog\/wp-content\/uploads\/2019\/04\/B454669A-5291-4302-B7B4-0B59741A9F76.jpeg?resize=600%2C294\" alt=\"B454669A-5291-4302-B7B4-0B59741A9F76\" width=\"600\" height=\"294\" srcset=\"https:\/\/i0.wp.com\/blogdalucianaoliveira.com.br\/blog\/wp-content\/uploads\/2019\/04\/B454669A-5291-4302-B7B4-0B59741A9F76.jpeg?w=1080 1080w, https:\/\/i0.wp.com\/blogdalucianaoliveira.com.br\/blog\/wp-content\/uploads\/2019\/04\/B454669A-5291-4302-B7B4-0B59741A9F76.jpeg?resize=300%2C147 300w, https:\/\/i0.wp.com\/blogdalucianaoliveira.com.br\/blog\/wp-content\/uploads\/2019\/04\/B454669A-5291-4302-B7B4-0B59741A9F76.jpeg?resize=768%2C377 768w, https:\/\/i0.wp.com\/blogdalucianaoliveira.com.br\/blog\/wp-content\/uploads\/2019\/04\/B454669A-5291-4302-B7B4-0B59741A9F76.jpeg?resize=1024%2C503 1024w, https:\/\/i0.wp.com\/blogdalucianaoliveira.com.br\/blog\/wp-content\/uploads\/2019\/04\/B454669A-5291-4302-B7B4-0B59741A9F76.jpeg?resize=611%2C300 611w\" sizes=\"auto, (max-width: 600px) 100vw, 600px\" \/><\/p>\n<p>Movimento Ind\u00edgena &#8211; S\u00e3o 16 anos de Acampamento Terra Livre (ATL), a maior marcha ind\u00edgena nacional, pac\u00edfica, leg\u00edtima e cultural na \u00faltima semana de abril em Bras\u00edlia. Acontece que dessa vez, os ind\u00edgenas ser\u00e3o recebidos pela For\u00e7a Nacional. Bolsonaro pediu e o Ministro da Justi\u00e7a Sergio Moro autorizou o uso da For\u00e7a Nacional de Seguran\u00e7a, a partir de hoje, em toda capital federal.<!--more--><\/p>\n<p>Segundo o Gabinete de Seguran\u00e7a Institucional, a For\u00e7a Nacional j\u00e1 est\u00e1 de prontid\u00e3o. A APIB \u2013 Articula\u00e7\u00e3o dos Povos Ind\u00edgenas do Brasil \u2013 j\u00e1 divulgou uma resposta sobre a medida:<\/p>\n<p>\u201cParem de incitar o povo contra n\u00f3s! N\u00e3o somos violentos, violento \u00e9 atacar o direito sagrado a livre manifesta\u00e7\u00e3o com tropas armadas, o direito de ir e vir de tantas brasileiras e brasileiros que andaram e andam por essas terras desde muito antes de 1500. O ATL \u00e9 um encontro de lideran\u00e7as ind\u00edgenas nacionais e internacionais que visa a troca de experi\u00eancias culturais e a luta pela garantia dos nossos direitos constitucionais, como a demarca\u00e7\u00e3o dos nossos territ\u00f3rios, acesso \u00e0 sa\u00fade, a educa\u00e7\u00e3o e a participa\u00e7\u00e3o social ind\u00edgena\u201d.<cite><br \/>\n<strong>NOTA DA APIB SOBRE O USO DE FOR\u00c7A CONTRA O ATL<\/strong><\/cite><\/p>\n<p>Este ano, a mobiliza\u00e7\u00e3o questiona o desmonte da pol\u00edtica indigenista com a transfer\u00eancia da FUNAI para o Minist\u00e9rio da Mulher, a entrega da demarca\u00e7\u00e3o ind\u00edgena e licenciamento ambiental para o Minist\u00e9rio da Agricultura sob comando de ruralistas, a negocia\u00e7\u00e3o de empreendimentos de mineradoras estrangeiras em terras ind\u00edgenas, a libera\u00e7\u00e3o de porte de armas no campo frente a intensifica\u00e7\u00e3o de conflitos territoriais. A pauta ind\u00edgena \u00e9 de todo defensor da natureza e da rica biodiversidade brasileira. Queremos que a nossa Constitui\u00e7\u00e3o seja respeitada.<\/p>\n<p>A moradora de Alter do Ch\u00e3o Leila Ver\u00e7osa, que acompanhou as duas \u00faltimas edi\u00e7\u00f5es do ATL, diz temer muito pelos ind\u00edgenas esse ano. \u201cEu fui e acompanhei todos os dias. Vi eles levarem muita bomba de g\u00e1s e machucarem ao se aproximarem da Esplanada dos Minist\u00e9rios. Eles manifestam com as indument\u00e1rias de guerra e isso causa apreens\u00e3o nos militares e com isso eles \u201ct\u00eam\u201d motivos para atirar contra, com esses armamentos de dispers\u00e3o como essas bombas. Problema \u00e9 que com a tal \u201cviolenta emo\u00e7\u00e3o\u201d do pacote do Moro eles podem atirar pra matar se virem os ind\u00edgenas se aproximarem armados, mesmo que seja em miss\u00e3o de paz\u2026 Ent\u00e3o, provavelmente, penso eu, que ter\u00e3o que caminhar sem esses fac\u00f5es, e sem os arcos e flechas para garantirem seguran\u00e7a na caminhada deles at\u00e9 a Esplanada, ou podem nem conseguir se aproximarem para, enfim, realizarem o contato com os representantes pol\u00edticos de l\u00e1. E pior, podem mesmo morrer atingidos pelos militares. \u00c9 preocupante!\u201d<\/p>\n","protected":false},"excerpt":{"rendered":"<p>Movimento Ind\u00edgena &#8211; S\u00e3o 16 anos de Acampamento Terra Livre (ATL), a maior marcha ind\u00edgena nacional, pac\u00edfica, leg\u00edtima e cultural na \u00faltima semana de abril em Bras\u00edlia. Acontece que dessa vez, os ind\u00edgenas ser\u00e3o recebidos pela For\u00e7a Nacional. Bolsonaro pediu e o Ministro da Justi\u00e7a Sergio Moro autorizou o uso da For\u00e7a Nacional de Seguran\u00e7a,&#8230;<a class=\"more-link\" href=\"http:\/\/blogdalucianaoliveira.com.br\/blog\/2019\/04\/18\/vao-atirar-nos-indigenas-em-brasilia-para-todo-mundo-ver\/\">Continue a leitura <span class=\"meta-nav\">&raquo;<\/span><\/a><\/p>\n","protected":false},"author":1,"featured_media":0,"comment_status":"closed","ping_status":"open","sticky":false,"template":"","format":"standard","meta":{"_exactmetrics_skip_tracking":false,"_exactmetrics_sitenote_active":false,"_exactmetrics_sitenote_note":"","_exactmetrics_sitenote_category":0,"jetpack_post_was_ever_published":false,"_jetpack_newsletter_access":"","_jetpack_dont_email_post_to_subs":false,"_jetpack_newsletter_tier_id":0,"_jetpack_memberships_contains_paywalled_content":false,"_jetpack_memberships_contains_paid_content":false,"footnotes":"","jetpack_publicize_message":"","jetpack_publicize_feature_enabled":true,"jetpack_social_post_already_shared":true,"jetpack_social_options":{"image_generator_settings":{"template":"highway","enabled":false},"version":2}},"categories":[1],"tags":[],"class_list":["post-21325","post","type-post","status-publish","format-standard","hentry","category-notas"],"jetpack_publicize_connections":[],"jetpack_sharing_enabled":true,"jetpack_featured_media_url":"","jetpack_shortlink":"https:\/\/wp.me\/p7wKYW-5xX","jetpack-related-posts":[],"_links":{"self":[{"href":"http:\/\/blogdalucianaoliveira.com.br\/blog\/wp-json\/wp\/v2\/posts\/21325","targetHints":{"allow":["GET"]}}],"collection":[{"href":"http:\/\/blogdalucianaoliveira.com.br\/blog\/wp-json\/wp\/v2\/posts"}],"about":[{"href":"http:\/\/blogdalucianaoliveira.com.br\/blog\/wp-json\/wp\/v2\/types\/post"}],"author":[{"embeddable":true,"href":"http:\/\/blogdalucianaoliveira.com.br\/blog\/wp-json\/wp\/v2\/users\/1"}],"replies":[{"embeddable":true,"href":"http:\/\/blogdalucianaoliveira.com.br\/blog\/wp-json\/wp\/v2\/comments?post=21325"}],"version-history":[{"count":2,"href":"http:\/\/blogdalucianaoliveira.com.br\/blog\/wp-json\/wp\/v2\/posts\/21325\/revisions"}],"predecessor-version":[{"id":21328,"href":"http:\/\/blogdalucianaoliveira.com.br\/blog\/wp-json\/wp\/v2\/posts\/21325\/revisions\/21328"}],"wp:attachment":[{"href":"http:\/\/blogdalucianaoliveira.com.br\/blog\/wp-json\/wp\/v2\/media?parent=21325"}],"wp:term":[{"taxonomy":"category","embeddable":true,"href":"http:\/\/blogdalucianaoliveira.com.br\/blog\/wp-json\/wp\/v2\/categories?post=21325"},{"taxonomy":"post_tag","embeddable":true,"href":"http:\/\/blogdalucianaoliveira.com.br\/blog\/wp-json\/wp\/v2\/tags?post=21325"}],"curies":[{"name":"wp","href":"https:\/\/api.w.org\/{rel}","templated":true}]}}