{"id":21333,"date":"2019-04-18T18:18:56","date_gmt":"2019-04-18T22:18:56","guid":{"rendered":"http:\/\/blogdalucianaoliveira.com.br\/blog\/?p=21333"},"modified":"2019-04-18T18:18:56","modified_gmt":"2019-04-18T22:18:56","slug":"stf-libera-entrevistas-de-lula-na-prisao","status":"publish","type":"post","link":"http:\/\/blogdalucianaoliveira.com.br\/blog\/2019\/04\/18\/stf-libera-entrevistas-de-lula-na-prisao\/","title":{"rendered":"STF LIBERA ENTREVISTAS DE LULA NA PRIS\u00c3O"},"content":{"rendered":"<p><img data-recalc-dims=\"1\" loading=\"lazy\" decoding=\"async\" data-attachment-id=\"21330\" data-permalink=\"http:\/\/blogdalucianaoliveira.com.br\/blog\/f267d2e3-f04b-4cff-adc9-a63384512e0f\/\" data-orig-file=\"https:\/\/i0.wp.com\/blogdalucianaoliveira.com.br\/blog\/wp-content\/uploads\/2019\/04\/F267D2E3-F04B-4CFF-ADC9-A63384512E0F.jpeg?fit=480%2C240\" data-orig-size=\"480,240\" data-comments-opened=\"0\" data-image-meta=\"{&quot;aperture&quot;:&quot;0&quot;,&quot;credit&quot;:&quot;&quot;,&quot;camera&quot;:&quot;&quot;,&quot;caption&quot;:&quot;&quot;,&quot;created_timestamp&quot;:&quot;0&quot;,&quot;copyright&quot;:&quot;&quot;,&quot;focal_length&quot;:&quot;0&quot;,&quot;iso&quot;:&quot;0&quot;,&quot;shutter_speed&quot;:&quot;0&quot;,&quot;title&quot;:&quot;&quot;,&quot;orientation&quot;:&quot;0&quot;}\" data-image-title=\"F267D2E3-F04B-4CFF-ADC9-A63384512E0F\" data-image-description=\"\" data-image-caption=\"\" data-medium-file=\"https:\/\/i0.wp.com\/blogdalucianaoliveira.com.br\/blog\/wp-content\/uploads\/2019\/04\/F267D2E3-F04B-4CFF-ADC9-A63384512E0F.jpeg?fit=300%2C150\" data-large-file=\"https:\/\/i0.wp.com\/blogdalucianaoliveira.com.br\/blog\/wp-content\/uploads\/2019\/04\/F267D2E3-F04B-4CFF-ADC9-A63384512E0F.jpeg?fit=480%2C240\" class=\"alignnone size-full wp-image-21330\" src=\"https:\/\/i0.wp.com\/blogdalucianaoliveira.com.br\/blog\/wp-content\/uploads\/2019\/04\/F267D2E3-F04B-4CFF-ADC9-A63384512E0F.jpeg?resize=480%2C240\" alt=\"F267D2E3-F04B-4CFF-ADC9-A63384512E0F\" width=\"480\" height=\"240\" srcset=\"https:\/\/i0.wp.com\/blogdalucianaoliveira.com.br\/blog\/wp-content\/uploads\/2019\/04\/F267D2E3-F04B-4CFF-ADC9-A63384512E0F.jpeg?w=480 480w, https:\/\/i0.wp.com\/blogdalucianaoliveira.com.br\/blog\/wp-content\/uploads\/2019\/04\/F267D2E3-F04B-4CFF-ADC9-A63384512E0F.jpeg?resize=300%2C150 300w\" sizes=\"auto, (max-width: 480px) 100vw, 480px\" \/><\/p>\n<p>247 &#8211; O STF (Supremo Tribunal Federal) vai liberar o ex-presidente Lula para dar entrevistas aos ve\u00edculos que pediram autoriza\u00e7\u00e3o para falar com ele na pris\u00e3o, como Florestan Fernandes J\u00fanior, do El Pa\u00eds, que faz parte da rede Jornalistas pela Democracia, e M\u00f4nica Bergamo, da Folha de S.Paulo. A decis\u00e3o foi noticiada por M\u00f4nica Bergamo em sua coluna.<!--more--><\/p>\n<p>As entrevistas de Lula foram barradas em car\u00e1ter liminar em setembro do ano passado pelo ministro Luiz Fux, que suspendeu uma autoriza\u00e7\u00e3o que havia sido concedida pelo ministro Ricardo Lewandowski. O presidente do Supremo, Dias Toffoli, tamb\u00e9m proibiu a entrevista.<\/p>\n<p>Ainda nesta quinta-feira 18, o El Pa\u00eds publicou artigo dos jornalistas Florestan Fernandes J\u00fanior e Carla Jim\u00e9nez em que cobravam a libera\u00e7\u00e3o do STF para a entrevista. Os jornalistas lembram que em meio a este consenso em torno da liberdade jornal\u00edstica, por conta da decis\u00e3o do ministro Alexandre de Moraes, em parceria com Toffoli, de mandar tirar do ar reportagem da revista Cruso\u00e9, do site O Antagonista.<\/p>\n<p>&#8220;Por duas vezes, em setembro e outubro do ano passado, esse direito foi conferido em despacho do ministro do STF Ricardo Lewandowski. E, por duas vezes, foi negado pelos tamb\u00e9m ministros do STF Luiz Fux e Antonio Dias Toffoli. Os dois alegaram, na \u00e9poca, que a entrevista de Lula poderia confundir o processo eleitoral, levando eleitores pouco atentos a acreditar que Lula seria candidato&#8221;, dizem.<\/p>\n<p>A decis\u00e3o \u00e9 tomada pouco tempo depois do recuo do ministro Alexandre de Moraes sobre a censura ao Antagonista. &#8220;Comprovou-se que o documento sigiloso citado realmente existe, apesar de n\u00e3o corresponder \u00e0 verdade o fato que teria sido enviado anteriormente \u00e0 PGR para investiga\u00e7\u00e3o&#8221;, anotou o ministro ao revogar sua decis\u00e3o.<\/p>\n","protected":false},"excerpt":{"rendered":"<p>247 &#8211; O STF (Supremo Tribunal Federal) vai liberar o ex-presidente Lula para dar entrevistas aos ve\u00edculos que pediram autoriza\u00e7\u00e3o para falar com ele na pris\u00e3o, como Florestan Fernandes J\u00fanior, do El Pa\u00eds, que faz parte da rede Jornalistas pela Democracia, e M\u00f4nica Bergamo, da Folha de S.Paulo. A decis\u00e3o foi noticiada por M\u00f4nica Bergamo&#8230;<a class=\"more-link\" href=\"http:\/\/blogdalucianaoliveira.com.br\/blog\/2019\/04\/18\/stf-libera-entrevistas-de-lula-na-prisao\/\">Continue a leitura <span class=\"meta-nav\">&raquo;<\/span><\/a><\/p>\n","protected":false},"author":1,"featured_media":0,"comment_status":"closed","ping_status":"open","sticky":false,"template":"","format":"standard","meta":{"_exactmetrics_skip_tracking":false,"_exactmetrics_sitenote_active":false,"_exactmetrics_sitenote_note":"","_exactmetrics_sitenote_category":0,"jetpack_post_was_ever_published":false,"_jetpack_newsletter_access":"","_jetpack_dont_email_post_to_subs":false,"_jetpack_newsletter_tier_id":0,"_jetpack_memberships_contains_paywalled_content":false,"_jetpack_memberships_contains_paid_content":false,"footnotes":"","jetpack_publicize_message":"","jetpack_publicize_feature_enabled":true,"jetpack_social_post_already_shared":true,"jetpack_social_options":{"image_generator_settings":{"template":"highway","enabled":false},"version":2}},"categories":[1],"tags":[],"class_list":["post-21333","post","type-post","status-publish","format-standard","hentry","category-notas"],"jetpack_publicize_connections":[],"jetpack_sharing_enabled":true,"jetpack_featured_media_url":"","jetpack_shortlink":"https:\/\/wp.me\/p7wKYW-5y5","jetpack-related-posts":[],"_links":{"self":[{"href":"http:\/\/blogdalucianaoliveira.com.br\/blog\/wp-json\/wp\/v2\/posts\/21333","targetHints":{"allow":["GET"]}}],"collection":[{"href":"http:\/\/blogdalucianaoliveira.com.br\/blog\/wp-json\/wp\/v2\/posts"}],"about":[{"href":"http:\/\/blogdalucianaoliveira.com.br\/blog\/wp-json\/wp\/v2\/types\/post"}],"author":[{"embeddable":true,"href":"http:\/\/blogdalucianaoliveira.com.br\/blog\/wp-json\/wp\/v2\/users\/1"}],"replies":[{"embeddable":true,"href":"http:\/\/blogdalucianaoliveira.com.br\/blog\/wp-json\/wp\/v2\/comments?post=21333"}],"version-history":[{"count":1,"href":"http:\/\/blogdalucianaoliveira.com.br\/blog\/wp-json\/wp\/v2\/posts\/21333\/revisions"}],"predecessor-version":[{"id":21334,"href":"http:\/\/blogdalucianaoliveira.com.br\/blog\/wp-json\/wp\/v2\/posts\/21333\/revisions\/21334"}],"wp:attachment":[{"href":"http:\/\/blogdalucianaoliveira.com.br\/blog\/wp-json\/wp\/v2\/media?parent=21333"}],"wp:term":[{"taxonomy":"category","embeddable":true,"href":"http:\/\/blogdalucianaoliveira.com.br\/blog\/wp-json\/wp\/v2\/categories?post=21333"},{"taxonomy":"post_tag","embeddable":true,"href":"http:\/\/blogdalucianaoliveira.com.br\/blog\/wp-json\/wp\/v2\/tags?post=21333"}],"curies":[{"name":"wp","href":"https:\/\/api.w.org\/{rel}","templated":true}]}}