{"id":21336,"date":"2019-04-19T16:25:10","date_gmt":"2019-04-19T20:25:10","guid":{"rendered":"http:\/\/blogdalucianaoliveira.com.br\/blog\/?p=21336"},"modified":"2019-04-19T16:25:10","modified_gmt":"2019-04-19T20:25:10","slug":"inimigo-de-indio-e-inimigo-meu","status":"publish","type":"post","link":"http:\/\/blogdalucianaoliveira.com.br\/blog\/2019\/04\/19\/inimigo-de-indio-e-inimigo-meu\/","title":{"rendered":"\u201cInimigo de \u00edndio \u00e9 inimigo meu!\u201d"},"content":{"rendered":"<p><img data-recalc-dims=\"1\" loading=\"lazy\" decoding=\"async\" data-attachment-id=\"21337\" data-permalink=\"http:\/\/blogdalucianaoliveira.com.br\/blog\/2019\/04\/19\/inimigo-de-indio-e-inimigo-meu\/dad8ad39-c4d3-4c64-b2f3-32d0538b676c\/\" data-orig-file=\"https:\/\/i0.wp.com\/blogdalucianaoliveira.com.br\/blog\/wp-content\/uploads\/2019\/04\/DAD8AD39-C4D3-4C64-B2F3-32D0538B676C.jpeg?fit=768%2C513\" data-orig-size=\"768,513\" data-comments-opened=\"0\" data-image-meta=\"{&quot;aperture&quot;:&quot;0&quot;,&quot;credit&quot;:&quot;&quot;,&quot;camera&quot;:&quot;&quot;,&quot;caption&quot;:&quot;&quot;,&quot;created_timestamp&quot;:&quot;0&quot;,&quot;copyright&quot;:&quot;&quot;,&quot;focal_length&quot;:&quot;0&quot;,&quot;iso&quot;:&quot;0&quot;,&quot;shutter_speed&quot;:&quot;0&quot;,&quot;title&quot;:&quot;&quot;,&quot;orientation&quot;:&quot;0&quot;}\" data-image-title=\"DAD8AD39-C4D3-4C64-B2F3-32D0538B676C\" data-image-description=\"\" data-image-caption=\"\" data-medium-file=\"https:\/\/i0.wp.com\/blogdalucianaoliveira.com.br\/blog\/wp-content\/uploads\/2019\/04\/DAD8AD39-C4D3-4C64-B2F3-32D0538B676C.jpeg?fit=300%2C200\" data-large-file=\"https:\/\/i0.wp.com\/blogdalucianaoliveira.com.br\/blog\/wp-content\/uploads\/2019\/04\/DAD8AD39-C4D3-4C64-B2F3-32D0538B676C.jpeg?fit=600%2C401\" src=\"https:\/\/i0.wp.com\/blogdalucianaoliveira.com.br\/blog\/wp-content\/uploads\/2019\/04\/DAD8AD39-C4D3-4C64-B2F3-32D0538B676C.jpeg?resize=600%2C401\" alt=\"DAD8AD39-C4D3-4C64-B2F3-32D0538B676C\" width=\"600\" height=\"401\" class=\"alignnone size-full wp-image-21337\" srcset=\"https:\/\/i0.wp.com\/blogdalucianaoliveira.com.br\/blog\/wp-content\/uploads\/2019\/04\/DAD8AD39-C4D3-4C64-B2F3-32D0538B676C.jpeg?w=768 768w, https:\/\/i0.wp.com\/blogdalucianaoliveira.com.br\/blog\/wp-content\/uploads\/2019\/04\/DAD8AD39-C4D3-4C64-B2F3-32D0538B676C.jpeg?resize=300%2C200 300w, https:\/\/i0.wp.com\/blogdalucianaoliveira.com.br\/blog\/wp-content\/uploads\/2019\/04\/DAD8AD39-C4D3-4C64-B2F3-32D0538B676C.jpeg?resize=449%2C300 449w\" sizes=\"auto, (max-width: 600px) 100vw, 600px\" \/><\/p>\n<p>No Conex\u00e3o Planeta &#8211; O primeiro Congresso Indigenista Interamericano aconteceu em 1940, na cidade do M\u00e9xico. Contou com a participa\u00e7\u00e3o de diversas autoridades governamentais de pa\u00edses da Am\u00e9rica e v\u00e1rios lideres ind\u00edgenas que foram obviamente convidados para participar de reuni\u00f5es sobre temas importantes, entre estes a demarca\u00e7\u00e3o de terras. Mas eles n\u00e3o compareceram nos primeiros dias do evento. Desconfiados e temerosos pois h\u00e1 s\u00e9culos vinham sendo perseguidos e massacrados, demoraram alguns dias para entrar em cena.<!--more--><\/p>\n<p>Depois de alguns encontros e reflex\u00f5es, que acompanham de longe, perceberam que se tratava de um momento hist\u00f3rico e que sua participa\u00e7\u00e3o era imprescind\u00edvel. Isso aconteceu em 19 de abril daquele ano. E, por este motivo, o dia passou a ser considerado como uma data comemorativa: o Dia do \u00cdndio.<\/p>\n<p>Faz 79 anos. E, neste momento, num certo pa\u00eds chamado Brasil, n\u00e3o se tem muito o que comemorar neste dia.<\/p>\n<p>O governo federal, com enfeites e engodos, tenta tirar todos os direitos at\u00e9 aqui alcan\u00e7ados com muito sangue e l\u00e1grimas. Colocando seus interesses acima dos interesses da na\u00e7\u00e3o, o presidente iniciou uma campanha para erradicar os ind\u00edgenas do solo nacional. Preconceito racial e \u00f3dio para os povos tradicionais \u00e9 a sua marca. <\/p>\n<p>Aqui, tentando escrever sobre este assunto, me perco em pensamentos raivosos sobre os principais temas em quest\u00e3o:<br \/>\n\u2013 Demarca\u00e7\u00e3o de terras<br \/>\n\u2013 Garimpo em \u00e1reas ind\u00edgenas: querem mudar o nome desta atividade degradante para minera\u00e7\u00e3o<br \/>\n\u2013 Agroneg\u00f3cio e os venenos nos alimentos<br \/>\n\u2013 Integra\u00e7\u00e3o do \u00edndio \u00e0 sociedade\u2026<\/p>\n<p>S\u00e3o tantas as atrocidades que eu me desvio do caminho inicial rapidamente, sem conseguir destacar qualquer possibilidade de comemorar esta data que, na sua origem, simboliza conquista de direitos.<\/p>\n<p>No entanto, se olharmos para o passado, podemos ver que, sim, temos o direito e o dever de celebrar, pois n\u00e3o faz muitas d\u00e9cadas, as popula\u00e7\u00f5es ind\u00edgenas sofreram na pele sua dizima\u00e7\u00e3o. Entre os anos 60 e 80, in\u00fameras etnias foram massacradas e quase desapareceram. A ditadura matou cerca de 8 mil ind\u00edgenas, de formas diversas.<\/p>\n<p>\u00c9 verdade que, de l\u00e1 para c\u00e1, houve um aumento expressivo desses povos tradicionais. O \u00edndio ganhou voz e passou a ter um rosto. Depois de 500 anos de morda\u00e7a, ele se levantou e mostrou sua import\u00e2ncia na prote\u00e7\u00e3o, n\u00e3o apenas de seu territ\u00f3rio, mas tamb\u00e9m na preserva\u00e7\u00e3o da natureza para toda humanidade. <\/p>\n<p>General Philip Henry Sheridan (1831\/1888), que promoveu o genoc\u00eddio de ind\u00edgenas durante a conquista do Oeste Americano, criou a infeliz frase \u00edndio bom \u00e9 \u00edndio morto. Pois eu cunhei uma frase tamb\u00e9m. Foi durante o percurso de trabalho com os ind\u00edgenas brasileiros, que iniciei h\u00e1 mais de trinta anos. Infelizmente, eu a tenho usado cada vez com mais freq\u00fc\u00eancia, mas, ao contr\u00e1rio da frase de Sheridan, a minha est\u00e1 cheia de humanidade e de coragem e, por isso, convido voc\u00ea a adot\u00e1-la tamb\u00e9m, nestes tempos t\u00e3o sombrios: Inimigo de \u00edndio \u00e9 inimigo meu.<\/p>\n<p>Estou pronto para a luta. Quem est\u00e1 comigo?<\/p>\n<p>Foto: Renato Soares \/ Edi\u00e7\u00e3o: M\u00f4nica Nunes<\/p>\n","protected":false},"excerpt":{"rendered":"<p>No Conex\u00e3o Planeta &#8211; O primeiro Congresso Indigenista Interamericano aconteceu em 1940, na cidade do M\u00e9xico. Contou com a participa\u00e7\u00e3o de diversas autoridades governamentais de pa\u00edses da Am\u00e9rica e v\u00e1rios lideres ind\u00edgenas que foram obviamente convidados para participar de reuni\u00f5es sobre temas importantes, entre estes a demarca\u00e7\u00e3o de terras. Mas eles n\u00e3o compareceram nos primeiros&#8230;<a class=\"more-link\" href=\"http:\/\/blogdalucianaoliveira.com.br\/blog\/2019\/04\/19\/inimigo-de-indio-e-inimigo-meu\/\">Continue a leitura <span class=\"meta-nav\">&raquo;<\/span><\/a><\/p>\n","protected":false},"author":1,"featured_media":0,"comment_status":"closed","ping_status":"open","sticky":false,"template":"","format":"standard","meta":{"_exactmetrics_skip_tracking":false,"_exactmetrics_sitenote_active":false,"_exactmetrics_sitenote_note":"","_exactmetrics_sitenote_category":0,"jetpack_post_was_ever_published":false,"_jetpack_newsletter_access":"","_jetpack_dont_email_post_to_subs":false,"_jetpack_newsletter_tier_id":0,"_jetpack_memberships_contains_paywalled_content":false,"_jetpack_memberships_contains_paid_content":false,"footnotes":"","jetpack_publicize_message":"","jetpack_publicize_feature_enabled":true,"jetpack_social_post_already_shared":true,"jetpack_social_options":{"image_generator_settings":{"template":"highway","enabled":false},"version":2}},"categories":[1],"tags":[],"class_list":["post-21336","post","type-post","status-publish","format-standard","hentry","category-notas"],"jetpack_publicize_connections":[],"jetpack_sharing_enabled":true,"jetpack_featured_media_url":"","jetpack_shortlink":"https:\/\/wp.me\/p7wKYW-5y8","jetpack-related-posts":[],"_links":{"self":[{"href":"http:\/\/blogdalucianaoliveira.com.br\/blog\/wp-json\/wp\/v2\/posts\/21336","targetHints":{"allow":["GET"]}}],"collection":[{"href":"http:\/\/blogdalucianaoliveira.com.br\/blog\/wp-json\/wp\/v2\/posts"}],"about":[{"href":"http:\/\/blogdalucianaoliveira.com.br\/blog\/wp-json\/wp\/v2\/types\/post"}],"author":[{"embeddable":true,"href":"http:\/\/blogdalucianaoliveira.com.br\/blog\/wp-json\/wp\/v2\/users\/1"}],"replies":[{"embeddable":true,"href":"http:\/\/blogdalucianaoliveira.com.br\/blog\/wp-json\/wp\/v2\/comments?post=21336"}],"version-history":[{"count":1,"href":"http:\/\/blogdalucianaoliveira.com.br\/blog\/wp-json\/wp\/v2\/posts\/21336\/revisions"}],"predecessor-version":[{"id":21338,"href":"http:\/\/blogdalucianaoliveira.com.br\/blog\/wp-json\/wp\/v2\/posts\/21336\/revisions\/21338"}],"wp:attachment":[{"href":"http:\/\/blogdalucianaoliveira.com.br\/blog\/wp-json\/wp\/v2\/media?parent=21336"}],"wp:term":[{"taxonomy":"category","embeddable":true,"href":"http:\/\/blogdalucianaoliveira.com.br\/blog\/wp-json\/wp\/v2\/categories?post=21336"},{"taxonomy":"post_tag","embeddable":true,"href":"http:\/\/blogdalucianaoliveira.com.br\/blog\/wp-json\/wp\/v2\/tags?post=21336"}],"curies":[{"name":"wp","href":"https:\/\/api.w.org\/{rel}","templated":true}]}}