{"id":21339,"date":"2019-04-19T16:30:38","date_gmt":"2019-04-19T20:30:38","guid":{"rendered":"http:\/\/blogdalucianaoliveira.com.br\/blog\/?p=21339"},"modified":"2019-04-19T16:30:38","modified_gmt":"2019-04-19T20:30:38","slug":"fux-lula-e-o-queiroz","status":"publish","type":"post","link":"http:\/\/blogdalucianaoliveira.com.br\/blog\/2019\/04\/19\/fux-lula-e-o-queiroz\/","title":{"rendered":"Fux, Lula e o Queiroz"},"content":{"rendered":"<p><img data-recalc-dims=\"1\" loading=\"lazy\" decoding=\"async\" data-attachment-id=\"21340\" data-permalink=\"http:\/\/blogdalucianaoliveira.com.br\/blog\/2019\/04\/19\/fux-lula-e-o-queiroz\/af584544-304f-4ed5-bb2b-bb0e6e88d0ab\/\" data-orig-file=\"https:\/\/i0.wp.com\/blogdalucianaoliveira.com.br\/blog\/wp-content\/uploads\/2019\/04\/AF584544-304F-4ED5-BB2B-BB0E6E88D0AB.jpeg?fit=750%2C504\" data-orig-size=\"750,504\" data-comments-opened=\"0\" data-image-meta=\"{&quot;aperture&quot;:&quot;0&quot;,&quot;credit&quot;:&quot;&quot;,&quot;camera&quot;:&quot;&quot;,&quot;caption&quot;:&quot;&quot;,&quot;created_timestamp&quot;:&quot;0&quot;,&quot;copyright&quot;:&quot;&quot;,&quot;focal_length&quot;:&quot;0&quot;,&quot;iso&quot;:&quot;0&quot;,&quot;shutter_speed&quot;:&quot;0&quot;,&quot;title&quot;:&quot;&quot;,&quot;orientation&quot;:&quot;0&quot;}\" data-image-title=\"AF584544-304F-4ED5-BB2B-BB0E6E88D0AB\" data-image-description=\"\" data-image-caption=\"\" data-medium-file=\"https:\/\/i0.wp.com\/blogdalucianaoliveira.com.br\/blog\/wp-content\/uploads\/2019\/04\/AF584544-304F-4ED5-BB2B-BB0E6E88D0AB.jpeg?fit=300%2C202\" data-large-file=\"https:\/\/i0.wp.com\/blogdalucianaoliveira.com.br\/blog\/wp-content\/uploads\/2019\/04\/AF584544-304F-4ED5-BB2B-BB0E6E88D0AB.jpeg?fit=600%2C403\" src=\"https:\/\/i0.wp.com\/blogdalucianaoliveira.com.br\/blog\/wp-content\/uploads\/2019\/04\/AF584544-304F-4ED5-BB2B-BB0E6E88D0AB.jpeg?resize=600%2C403\" alt=\"AF584544-304F-4ED5-BB2B-BB0E6E88D0AB\" width=\"600\" height=\"403\" class=\"alignnone size-full wp-image-21340\" srcset=\"https:\/\/i0.wp.com\/blogdalucianaoliveira.com.br\/blog\/wp-content\/uploads\/2019\/04\/AF584544-304F-4ED5-BB2B-BB0E6E88D0AB.jpeg?w=750 750w, https:\/\/i0.wp.com\/blogdalucianaoliveira.com.br\/blog\/wp-content\/uploads\/2019\/04\/AF584544-304F-4ED5-BB2B-BB0E6E88D0AB.jpeg?resize=300%2C202 300w, https:\/\/i0.wp.com\/blogdalucianaoliveira.com.br\/blog\/wp-content\/uploads\/2019\/04\/AF584544-304F-4ED5-BB2B-BB0E6E88D0AB.jpeg?resize=446%2C300 446w\" sizes=\"auto, (max-width: 600px) 100vw, 600px\" \/><\/p>\n<p>No DCM, por MOIS\u00c9S MENDES &#8211; N\u00e3o se sabe at\u00e9 agora o que Luiz Fux pensa do fim da morda\u00e7a que ele imp\u00f4s a Lula, impedido de conceder entrevista a Monica Bergamo, da Folha. Fux, t\u00e3o falante, est\u00e1 calado.<!--more--><\/p>\n<p>N\u00e3o vamos esquecer que, ao mesmo tempo em que censurava Lula, Fux tentou impedir o andamento do processo contra Fabr\u00edcio Queiroz no Minist\u00e9rio P\u00fablico do Rio.<\/p>\n<p>Fux estava de plant\u00e3o no Supremo e foi muito atencioso ao apelo de Flavio Bolsonaro, ex-patr\u00e3o do sujeito. O processo s\u00f3 voltou a andar porque o ministro Marco Aur\u00e9lio cassou a decis\u00e3o favor\u00e1vel \u00e0 dupla amiga das mil\u00edcias.<\/p>\n<p>\u00c9 prov\u00e1vel que Lula seja finalmente entrevistado. Mas quem garante que Queiroz ser\u00e1 um dia obrigado a falar? Lula queria ser ouvido por Monica Bergamo e Fux n\u00e3o deixava.<\/p>\n<p>O Minist\u00e9rio P\u00fablico queria ouvir Queiroz, e Fux tentou impedir. Mesmo com o processo destravado, Queiroz nunca prestou depoimento sobre o caso da caixinha com dinheiro de assessores de Flavio Bolsonaro, que beneficiou at\u00e9 a primeira-dama.<\/p>\n<p>Ser\u00e1 linda a P\u00e1scoa do Queiroz.<\/p>\n","protected":false},"excerpt":{"rendered":"<p>No DCM, por MOIS\u00c9S MENDES &#8211; N\u00e3o se sabe at\u00e9 agora o que Luiz Fux pensa do fim da morda\u00e7a que ele imp\u00f4s a Lula, impedido de conceder entrevista a Monica Bergamo, da Folha. Fux, t\u00e3o falante, est\u00e1 calado.<\/p>\n","protected":false},"author":1,"featured_media":0,"comment_status":"closed","ping_status":"open","sticky":false,"template":"","format":"standard","meta":{"_exactmetrics_skip_tracking":false,"_exactmetrics_sitenote_active":false,"_exactmetrics_sitenote_note":"","_exactmetrics_sitenote_category":0,"jetpack_post_was_ever_published":false,"_jetpack_newsletter_access":"","_jetpack_dont_email_post_to_subs":false,"_jetpack_newsletter_tier_id":0,"_jetpack_memberships_contains_paywalled_content":false,"_jetpack_memberships_contains_paid_content":false,"footnotes":"","jetpack_publicize_message":"","jetpack_publicize_feature_enabled":true,"jetpack_social_post_already_shared":true,"jetpack_social_options":{"image_generator_settings":{"template":"highway","enabled":false},"version":2}},"categories":[1],"tags":[],"class_list":["post-21339","post","type-post","status-publish","format-standard","hentry","category-notas"],"jetpack_publicize_connections":[],"jetpack_sharing_enabled":true,"jetpack_featured_media_url":"","jetpack_shortlink":"https:\/\/wp.me\/p7wKYW-5yb","jetpack-related-posts":[],"_links":{"self":[{"href":"http:\/\/blogdalucianaoliveira.com.br\/blog\/wp-json\/wp\/v2\/posts\/21339","targetHints":{"allow":["GET"]}}],"collection":[{"href":"http:\/\/blogdalucianaoliveira.com.br\/blog\/wp-json\/wp\/v2\/posts"}],"about":[{"href":"http:\/\/blogdalucianaoliveira.com.br\/blog\/wp-json\/wp\/v2\/types\/post"}],"author":[{"embeddable":true,"href":"http:\/\/blogdalucianaoliveira.com.br\/blog\/wp-json\/wp\/v2\/users\/1"}],"replies":[{"embeddable":true,"href":"http:\/\/blogdalucianaoliveira.com.br\/blog\/wp-json\/wp\/v2\/comments?post=21339"}],"version-history":[{"count":1,"href":"http:\/\/blogdalucianaoliveira.com.br\/blog\/wp-json\/wp\/v2\/posts\/21339\/revisions"}],"predecessor-version":[{"id":21341,"href":"http:\/\/blogdalucianaoliveira.com.br\/blog\/wp-json\/wp\/v2\/posts\/21339\/revisions\/21341"}],"wp:attachment":[{"href":"http:\/\/blogdalucianaoliveira.com.br\/blog\/wp-json\/wp\/v2\/media?parent=21339"}],"wp:term":[{"taxonomy":"category","embeddable":true,"href":"http:\/\/blogdalucianaoliveira.com.br\/blog\/wp-json\/wp\/v2\/categories?post=21339"},{"taxonomy":"post_tag","embeddable":true,"href":"http:\/\/blogdalucianaoliveira.com.br\/blog\/wp-json\/wp\/v2\/tags?post=21339"}],"curies":[{"name":"wp","href":"https:\/\/api.w.org\/{rel}","templated":true}]}}