{"id":21350,"date":"2019-04-21T14:31:30","date_gmt":"2019-04-21T18:31:30","guid":{"rendered":"http:\/\/blogdalucianaoliveira.com.br\/blog\/?p=21350"},"modified":"2019-04-21T14:31:30","modified_gmt":"2019-04-21T18:31:30","slug":"10-afirmacoes-de-bolsonaro-que-vao-contra-o-que-a-pascoa-representa","status":"publish","type":"post","link":"http:\/\/blogdalucianaoliveira.com.br\/blog\/2019\/04\/21\/10-afirmacoes-de-bolsonaro-que-vao-contra-o-que-a-pascoa-representa\/","title":{"rendered":"10 afirma\u00e7\u00f5es de Bolsonaro que v\u00e3o contra o que a P\u00e1scoa representa"},"content":{"rendered":"<p><img data-recalc-dims=\"1\" loading=\"lazy\" decoding=\"async\" data-attachment-id=\"21351\" data-permalink=\"http:\/\/blogdalucianaoliveira.com.br\/blog\/2019\/04\/21\/10-afirmacoes-de-bolsonaro-que-vao-contra-o-que-a-pascoa-representa\/bb56f313-d23e-4f1c-94ba-557e6029236a\/\" data-orig-file=\"https:\/\/i0.wp.com\/blogdalucianaoliveira.com.br\/blog\/wp-content\/uploads\/2019\/04\/BB56F313-D23E-4F1C-94BA-557E6029236A.png?fit=768%2C462\" data-orig-size=\"768,462\" data-comments-opened=\"0\" data-image-meta=\"{&quot;aperture&quot;:&quot;0&quot;,&quot;credit&quot;:&quot;&quot;,&quot;camera&quot;:&quot;&quot;,&quot;caption&quot;:&quot;&quot;,&quot;created_timestamp&quot;:&quot;0&quot;,&quot;copyright&quot;:&quot;&quot;,&quot;focal_length&quot;:&quot;0&quot;,&quot;iso&quot;:&quot;0&quot;,&quot;shutter_speed&quot;:&quot;0&quot;,&quot;title&quot;:&quot;&quot;,&quot;orientation&quot;:&quot;0&quot;}\" data-image-title=\"BB56F313-D23E-4F1C-94BA-557E6029236A\" data-image-description=\"\" data-image-caption=\"\" data-medium-file=\"https:\/\/i0.wp.com\/blogdalucianaoliveira.com.br\/blog\/wp-content\/uploads\/2019\/04\/BB56F313-D23E-4F1C-94BA-557E6029236A.png?fit=300%2C180\" data-large-file=\"https:\/\/i0.wp.com\/blogdalucianaoliveira.com.br\/blog\/wp-content\/uploads\/2019\/04\/BB56F313-D23E-4F1C-94BA-557E6029236A.png?fit=600%2C361\" class=\"alignnone size-full wp-image-21351\" src=\"https:\/\/i0.wp.com\/blogdalucianaoliveira.com.br\/blog\/wp-content\/uploads\/2019\/04\/BB56F313-D23E-4F1C-94BA-557E6029236A.png?resize=600%2C361\" alt=\"BB56F313-D23E-4F1C-94BA-557E6029236A\" width=\"600\" height=\"361\" srcset=\"https:\/\/i0.wp.com\/blogdalucianaoliveira.com.br\/blog\/wp-content\/uploads\/2019\/04\/BB56F313-D23E-4F1C-94BA-557E6029236A.png?w=768 768w, https:\/\/i0.wp.com\/blogdalucianaoliveira.com.br\/blog\/wp-content\/uploads\/2019\/04\/BB56F313-D23E-4F1C-94BA-557E6029236A.png?resize=300%2C180 300w, https:\/\/i0.wp.com\/blogdalucianaoliveira.com.br\/blog\/wp-content\/uploads\/2019\/04\/BB56F313-D23E-4F1C-94BA-557E6029236A.png?resize=499%2C300 499w\" sizes=\"auto, (max-width: 600px) 100vw, 600px\" \/><\/p>\n<p>Ao defender a tortura, Bolsonaro se esquece que, antes de ressuscitar, Jesus foi brutalmente torturado pelos poderosos da \u00e9poca<!--more--><\/p>\n<p>Na Carta Capital<\/p>\n<p>Neste domingo 21 \u00e9 comemorada a principal data do cristianismo: a P\u00e1scoa. O dia que muitos acreditam ser o momento em que o maior personagem da hist\u00f3ria da humanidade ressuscitou depois de ter sido brutalmente torturado e crucificado.<br \/>\nA cruz que Jesus Cristo foi morto virou um dos maiores s\u00edmbolos de f\u00e9 da nossa hist\u00f3ria. A B\u00edblia, livro escrito por seus disc\u00edpulos, conta a trajet\u00f3ria de Cristo e mostra que ele era um defensor dos direitos humanos, das minorias e foi considerado pelos poderosos da \u00e9poca como um traidor. Eles temiam tamb\u00e9m a agita\u00e7\u00e3o popular que o filho de Deus promovia contra a elite da \u00e9poca.<\/p>\n<p>O presidente Jair Bolsonaro se diz crist\u00e3o. Usou em sua campanha jarg\u00f5es que citavam Jesus e afirmou que seu governo seguiria considerando \u201cDeus acima de todos\u201d. O que o pesselista n\u00e3o entendeu \u00e9 que Jesus, o qual ele \u00e9 t\u00e3o devoto, foi uma v\u00edtima de um discurso igual ao seu.<\/p>\n<p>Defensor da tortura, da ditadura militar, e da morte de presidi\u00e1rios, Bolsonaro representa o pensamento radical quando se trata de seguran\u00e7a p\u00fablica e direitos humanos. O presidente sempre foi claro sobre seu posicionamento dizendo que \u201cbandido bom \u00e9 bandido morto\u201d, indo contra a tudo que Jesus pregava.<\/p>\n<p>\u201cAmai a vossos inimigos, bendizei os que vos maldizem, fazei bem aos que vos odeiam, e orai pelos que vos maltratam e vos perseguem; para que sejais filhos do vosso Pai que est\u00e1 nos c\u00e9us\u201d, disse Cristo.<\/p>\n<p>Mesmo defendendo a tortura, a qual Jesus foi v\u00edtima, Bolsonaro publicou em seu Twitter uma foto da cruz junto de um dizer b\u00edblico em homenagem \u00e0 sexta-feira santa.<\/p>\n<p>&nbsp;<\/p>\n<p>Confira as 10 frases de Bolsonaro que v\u00e3o contra o esp\u00edrito da P\u00e1scoa:<\/p>\n<h2><strong>1- Bolsonaro defende o uso da tortura<\/strong><\/h2>\n<p>Em sua pr\u00e9-campanha em 2018, o presidente deu uma entrevista para o Jornal da Band defendendo o uso da tortura em alguns casos. Outro momento, em 1999, o ent\u00e3o deputado tamb\u00e9m deu uma entrevista dizendo ser favor\u00e1vel \u00e0 tortura.<\/p>\n<div class=\"fluidvids\"><iframe loading=\"lazy\" class=\"fluidvids-item\" src=\"https:\/\/www.youtube.com\/embed\/G5TiUmiF6ls?feature=oembed\" width=\"1060\" height=\"596\" frameborder=\"0\" allowfullscreen=\"allowfullscreen\" data-fluidvids=\"loaded\" data-mce-fragment=\"1\"><\/iframe><\/div>\n<h2><strong>2- \u201cBandido bom \u00e9 bandido morto\u201d<\/strong><\/h2>\n<p>Bolsonaro sempre deixou claro essa sua posi\u00e7\u00e3o. Em um evento realizado em 2016, o ent\u00e3o parlamentar disse que a pol\u00edcia servia para matar e que bandido bom era bandido morto.<\/p>\n<div class=\"fluidvids\"><iframe loading=\"lazy\" class=\"fluidvids-item\" src=\"https:\/\/www.youtube.com\/embed\/SthiUdn0Cbo?feature=oembed\" width=\"1060\" height=\"596\" frameborder=\"0\" allowfullscreen=\"allowfullscreen\" data-fluidvids=\"loaded\" data-mce-fragment=\"1\"><\/iframe><\/div>\n<h2><strong>3- \u201cEu queria que a pol\u00edcia matasse 200 mil vagabundos\u201d<\/strong><\/h2>\n<p>Em 2017, na comiss\u00e3o de seguran\u00e7a p\u00fablica da C\u00e2mara dos Depurados, Bolsonaro defendeu a atua\u00e7\u00e3o da Pol\u00edcia Militar e disse que eles deveriam matar mais.<\/p>\n<div class=\"fluidvids\"><iframe loading=\"lazy\" class=\"fluidvids-item\" src=\"https:\/\/www.youtube.com\/embed\/euTNCWHXaTM?feature=oembed\" width=\"1060\" height=\"795\" frameborder=\"0\" allowfullscreen=\"allowfullscreen\" data-fluidvids=\"loaded\" data-mce-fragment=\"1\"><\/iframe><\/div>\n<h2><strong>4- \u201cGastaram muito chumbo com Lamarca. Ele deveria ter sido morto a coronhada\u201d<\/strong><\/h2>\n<p><span class=\"autor\">Jair Bolsonaro, deputado federal em\u00a0<\/span><span class=\"data\">1996, fez essa afirma\u00e7\u00e3o\u00a0<\/span>sobre a possibilidade de a Uni\u00e3o vir a indenizar a fam\u00edlia do ex-capit\u00e3o do Ex\u00e9rcito e guerrilheiro Carlos Lamarca, morto em 1971 pela ditadura militar.<\/p>\n<div class=\"fluidvids\"><iframe loading=\"lazy\" class=\"fluidvids-item\" src=\"https:\/\/www.youtube.com\/embed\/IXEDlATaHhQ?feature=oembed\" width=\"1060\" height=\"795\" frameborder=\"0\" allowfullscreen=\"allowfullscreen\" data-fluidvids=\"loaded\" data-mce-fragment=\"1\"><\/iframe><\/div>\n<h2><strong>5 \u2013 \u201cViol\u00eancia se combate com viol\u00eancia\u201d<\/strong><\/h2>\n<p>Em entrevista na C\u00e2mara dos Deputados, Bolsonaro comentou uma pesquisa sobre viol\u00eancia policial e diz que a pol\u00edcia precisa matar mais, pois viol\u00eancia se combate com viol\u00eancia.<\/p>\n<div class=\"fluidvids\"><iframe loading=\"lazy\" class=\"fluidvids-item\" src=\"https:\/\/www.youtube.com\/embed\/rmN9tOukuNA?feature=oembed\" width=\"1060\" height=\"596\" frameborder=\"0\" allowfullscreen=\"allowfullscreen\" data-fluidvids=\"loaded\" data-mce-fragment=\"1\"><\/iframe><\/div>\n<h2><strong>6- \u201cN\u00e3o te estupro porque voc\u00ea n\u00e3o merece\u201d<\/strong><\/h2>\n<p>Em uma discuss\u00e3o com a deputada Maria do Ros\u00e1rio (PT), em 2006, Bolsonaro afirmou que n\u00e3o estuprava a parlamentar porque ela n\u00e3o merecia.<\/p>\n<div class=\"fluidvids\"><iframe loading=\"lazy\" class=\"fluidvids-item\" src=\"https:\/\/www.youtube.com\/embed\/RAuUtFRguxQ?feature=oembed\" width=\"1060\" height=\"795\" frameborder=\"0\" allowfullscreen=\"allowfullscreen\" data-fluidvids=\"loaded\" data-mce-fragment=\"1\"><\/iframe><\/div>\n<h2><strong>7 \u2013\u00a0Ter filho gay \u00e9 falta de porrada!<\/strong><\/h2>\n<p>Em uma entrevista dada em 2010, Bolsonaro comenta que ser gay \u00e9 falta de porrada.<\/p>\n<div class=\"fluidvids\"><iframe loading=\"lazy\" class=\"fluidvids-item\" src=\"https:\/\/www.youtube.com\/embed\/QJNy08VoLZs?feature=oembed\" width=\"1060\" height=\"795\" frameborder=\"0\" allowfullscreen=\"allowfullscreen\" data-fluidvids=\"loaded\" data-mce-fragment=\"1\"><\/iframe><\/div>\n<h2><strong>8 \u2013\u00a0Pinochet fez o que tinha que fazer<\/strong><\/h2>\n<p>Em entrevista a um programa da Rede Tv, Bolsonaro afirma que o Brasil nunca passou por uma ditadura, e que o ditador Pinochet, acusado de matar mais de 40 mil no Chile, fez o que tinha que fazer.<\/p>\n<div class=\"fluidvids\"><iframe loading=\"lazy\" class=\"fluidvids-item\" src=\"https:\/\/www.youtube.com\/embed\/I6OGVYqB9Sw?feature=oembed\" width=\"1060\" height=\"795\" frameborder=\"0\" allowfullscreen=\"allowfullscreen\" data-fluidvids=\"loaded\" data-mce-fragment=\"1\"><\/iframe><\/div>\n<h2><strong>9 \u2013 \u201cRefugiados s\u00e3o a esc\u00f3ria do mundo\u201d<\/strong><\/h2>\n<p>Em uma entrevista em 2015, Bolsonaro diz que a pol\u00edcia precisa matar integrantes de movimentos sociais que fazem ocupa\u00e7\u00e3o em terras e que esses est\u00e3o sendo infiltrados por refugiados. \u201cToda essa esc\u00f3ria do mundo\u201d, disse o presidente.<\/p>\n<div class=\"fluidvids\"><iframe loading=\"lazy\" class=\"fluidvids-item\" src=\"https:\/\/www.youtube.com\/embed\/MVbogBdDziE?feature=oembed\" width=\"1060\" height=\"795\" frameborder=\"0\" allowfullscreen=\"allowfullscreen\" data-fluidvids=\"loaded\" data-mce-fragment=\"1\"><\/iframe><\/div>\n<h2><strong>10 \u2013 \u201cA B\u00edblia prega armamento\u201d<\/strong><\/h2>\n<p>No debate presidencial realizada na Rede Tv, em outubro de 2018, Bolsonaro disse \u00e0 ent\u00e3o candidata Marina Silva que a B\u00edblia prega armamento.\u00a0\u00a0\u201cLeia o Livro de Paulo\u201d, pronunciou ele no final do embate sobre direitos das mulheres e viol\u00eancia.<\/p>\n<p><img data-recalc-dims=\"1\" loading=\"lazy\" decoding=\"async\" class=\"alignnone wp-image-69941 size-full\" src=\"https:\/\/i0.wp.com\/www.cartacapital.com.br\/wp-content\/uploads\/2019\/04\/5c33875d260000e205851d83.jpeg?resize=600%2C300&#038;ssl=1\" sizes=\"auto, (max-width: 630px) 100vw, 630px\" srcset=\"https:\/\/www.cartacapital.com.br\/wp-content\/uploads\/2019\/04\/5c33875d260000e205851d83.jpeg 630w, https:\/\/www.cartacapital.com.br\/wp-content\/uploads\/2019\/04\/5c33875d260000e205851d83-300x150.jpeg 300w\" alt=\"\" width=\"600\" height=\"300\" data-cfsrc=\"https:\/\/www.cartacapital.com.br\/wp-content\/uploads\/2019\/04\/5c33875d260000e205851d83.jpeg\" \/><\/p>\n<p>&nbsp;<\/p>\n<p>&nbsp;<\/p>\n","protected":false},"excerpt":{"rendered":"<p>Ao defender a tortura, Bolsonaro se esquece que, antes de ressuscitar, Jesus foi brutalmente torturado pelos poderosos da \u00e9poca<\/p>\n","protected":false},"author":1,"featured_media":0,"comment_status":"closed","ping_status":"open","sticky":false,"template":"","format":"standard","meta":{"_exactmetrics_skip_tracking":false,"_exactmetrics_sitenote_active":false,"_exactmetrics_sitenote_note":"","_exactmetrics_sitenote_category":0,"jetpack_post_was_ever_published":false,"_jetpack_newsletter_access":"","_jetpack_dont_email_post_to_subs":false,"_jetpack_newsletter_tier_id":0,"_jetpack_memberships_contains_paywalled_content":false,"_jetpack_memberships_contains_paid_content":false,"footnotes":"","jetpack_publicize_message":"","jetpack_publicize_feature_enabled":true,"jetpack_social_post_already_shared":true,"jetpack_social_options":{"image_generator_settings":{"template":"highway","enabled":false},"version":2}},"categories":[1],"tags":[],"class_list":["post-21350","post","type-post","status-publish","format-standard","hentry","category-notas"],"jetpack_publicize_connections":[],"jetpack_sharing_enabled":true,"jetpack_featured_media_url":"","jetpack_shortlink":"https:\/\/wp.me\/p7wKYW-5ym","jetpack-related-posts":[],"_links":{"self":[{"href":"http:\/\/blogdalucianaoliveira.com.br\/blog\/wp-json\/wp\/v2\/posts\/21350","targetHints":{"allow":["GET"]}}],"collection":[{"href":"http:\/\/blogdalucianaoliveira.com.br\/blog\/wp-json\/wp\/v2\/posts"}],"about":[{"href":"http:\/\/blogdalucianaoliveira.com.br\/blog\/wp-json\/wp\/v2\/types\/post"}],"author":[{"embeddable":true,"href":"http:\/\/blogdalucianaoliveira.com.br\/blog\/wp-json\/wp\/v2\/users\/1"}],"replies":[{"embeddable":true,"href":"http:\/\/blogdalucianaoliveira.com.br\/blog\/wp-json\/wp\/v2\/comments?post=21350"}],"version-history":[{"count":1,"href":"http:\/\/blogdalucianaoliveira.com.br\/blog\/wp-json\/wp\/v2\/posts\/21350\/revisions"}],"predecessor-version":[{"id":21352,"href":"http:\/\/blogdalucianaoliveira.com.br\/blog\/wp-json\/wp\/v2\/posts\/21350\/revisions\/21352"}],"wp:attachment":[{"href":"http:\/\/blogdalucianaoliveira.com.br\/blog\/wp-json\/wp\/v2\/media?parent=21350"}],"wp:term":[{"taxonomy":"category","embeddable":true,"href":"http:\/\/blogdalucianaoliveira.com.br\/blog\/wp-json\/wp\/v2\/categories?post=21350"},{"taxonomy":"post_tag","embeddable":true,"href":"http:\/\/blogdalucianaoliveira.com.br\/blog\/wp-json\/wp\/v2\/tags?post=21350"}],"curies":[{"name":"wp","href":"https:\/\/api.w.org\/{rel}","templated":true}]}}