{"id":21353,"date":"2019-04-22T11:01:45","date_gmt":"2019-04-22T15:01:45","guid":{"rendered":"http:\/\/blogdalucianaoliveira.com.br\/blog\/?p=21353"},"modified":"2019-04-22T11:13:40","modified_gmt":"2019-04-22T15:13:40","slug":"tudo-a-ver-o-nome-de-marielle-simbolizar-o-corpo-e-sangue-de-cristo","status":"publish","type":"post","link":"http:\/\/blogdalucianaoliveira.com.br\/blog\/2019\/04\/22\/tudo-a-ver-o-nome-de-marielle-simbolizar-o-corpo-e-sangue-de-cristo\/","title":{"rendered":"Tudo a ver o nome de Marielle simbolizar o corpo e sangue de Cristo"},"content":{"rendered":"<p><img data-recalc-dims=\"1\" loading=\"lazy\" decoding=\"async\" data-attachment-id=\"21354\" data-permalink=\"http:\/\/blogdalucianaoliveira.com.br\/blog\/2019\/04\/22\/tudo-a-ver-o-nome-de-marielle-simbolizar-o-corpo-e-sangue-de-cristo\/tapete-2\/\" data-orig-file=\"https:\/\/i0.wp.com\/blogdalucianaoliveira.com.br\/blog\/wp-content\/uploads\/2019\/04\/tapete.jpg?fit=1000%2C705\" data-orig-size=\"1000,705\" data-comments-opened=\"0\" data-image-meta=\"{&quot;aperture&quot;:&quot;0&quot;,&quot;credit&quot;:&quot;&quot;,&quot;camera&quot;:&quot;&quot;,&quot;caption&quot;:&quot;&quot;,&quot;created_timestamp&quot;:&quot;0&quot;,&quot;copyright&quot;:&quot;&quot;,&quot;focal_length&quot;:&quot;0&quot;,&quot;iso&quot;:&quot;0&quot;,&quot;shutter_speed&quot;:&quot;0&quot;,&quot;title&quot;:&quot;&quot;,&quot;orientation&quot;:&quot;0&quot;}\" data-image-title=\"tapete\" data-image-description=\"\" data-image-caption=\"\" data-medium-file=\"https:\/\/i0.wp.com\/blogdalucianaoliveira.com.br\/blog\/wp-content\/uploads\/2019\/04\/tapete.jpg?fit=300%2C212\" data-large-file=\"https:\/\/i0.wp.com\/blogdalucianaoliveira.com.br\/blog\/wp-content\/uploads\/2019\/04\/tapete.jpg?fit=600%2C423\" src=\"https:\/\/i0.wp.com\/blogdalucianaoliveira.com.br\/blog\/wp-content\/uploads\/2019\/04\/tapete.jpg?resize=600%2C423\" alt=\"tapete\" width=\"600\" height=\"423\" class=\"alignnone size-full wp-image-21354\" srcset=\"https:\/\/i0.wp.com\/blogdalucianaoliveira.com.br\/blog\/wp-content\/uploads\/2019\/04\/tapete.jpg?w=1000 1000w, https:\/\/i0.wp.com\/blogdalucianaoliveira.com.br\/blog\/wp-content\/uploads\/2019\/04\/tapete.jpg?resize=300%2C212 300w, https:\/\/i0.wp.com\/blogdalucianaoliveira.com.br\/blog\/wp-content\/uploads\/2019\/04\/tapete.jpg?resize=768%2C541 768w, https:\/\/i0.wp.com\/blogdalucianaoliveira.com.br\/blog\/wp-content\/uploads\/2019\/04\/tapete.jpg?resize=426%2C300 426w\" sizes=\"auto, (max-width: 600px) 100vw, 600px\" \/><\/p>\n<p>Por que a Guarda Civil Municipal de Ouro Preto pisoteou um tapete de serragem que homenageava a vereadora assassinada, Marielle Franco, em celebra\u00e7\u00e3o da P\u00e1scoa na regi\u00e3o central de Minas Gerais?<\/p>\n<p>A \u2018justificativa\u2019 seria de que o cunho pol\u00edtico autorizou a censura.<\/p>\n<p>D\u00e1 para acreditar nisso?<\/p>\n<p>Fosse o nome do ex-coronel, Brilhante Ustra, condenado por tortura durante a ditadura e exaltado pelo presidente Jair Bolsonaro e seus seguidores, os guardas teriam desfeito o desenho?<!--more--><\/p>\n<p>N\u00e3o.<\/p>\n<p>E n\u00e3o, porque se o presidente gozou de plena liberdade para se expressar a favor da tortura e desdenhar do assassinato de uma vereadora que defendia os direitos dos oprimidos, o guarda da esquina tamb\u00e9m pode.<\/p>\n<p>Os guardas n\u00e3o cumpriram com dever legal ao impor a censura, mas agiram por flagrante motiva\u00e7\u00e3o ideol\u00f3gica, na contram\u00e3o da garantia constitucional que ordena plena a liberdade de express\u00e3o.<\/p>\n<p>O fizeram, porque se sentem autorizados pelo presidente que a todo custo quer estandardizar o seu pensamento b\u00e1rbaro.<\/p>\n<p>Bolsonaro estimula a for\u00e7a em detrimento da lei, \u00e9 o mal exemplo.<\/p>\n<p>A rea\u00e7\u00e3o do Comando da Guarda Civil Municipal \u00e0s cr\u00edticas pela censura, \u00e9 flagrante submiss\u00e3o a \u2018nova velha ordem\u2019 de reprimir o certo para que triunfe o errado.<\/p>\n<p>\u201cQuanto ao epis\u00f3dio onde os agentes municipais desmancham desenhos de cunho pol\u00edtico entre outros que nenhuma rela\u00e7\u00e3o possuem com os &#8220;tapetes devocionais&#8221;, informamos que a liberdade de express\u00e3o n\u00e3o \u00e9 absoluta ainda mais quando outros direitos est\u00e3o sendo afetados\u201d, diz nota do Comando.<\/p>\n<p>De novo, o fato nos remete ao que disse Pedro Aleixo, vice-presidente civil do general Costa e Silva, sobre o perigo do Ato Institucional n. 5 na ditadura, que suspendeu direitos fundamentais para barrar a rea\u00e7\u00f5es de quem n\u00e3o estava alinhado com o governo.<\/p>\n<p>\u201cPresidente, o problema de uma lei assim n\u00e3o \u00e9 o senhor, nem os que com o senhor governam o pa\u00eds; o problema \u00e9 o guarda da esquina\u201d, disse.<\/p>\n<p>O potencial destrutivo do mal exemplo de Bolsonaro, dispensa autoriza\u00e7\u00e3o formal.<\/p>\n<p>Ele empodera os maus naturalmente. Foi escolhido por comandos de \u00f3dio em gatilhos mentais disparados antes, durante e ap\u00f3s as elei\u00e7\u00f5es presidenciais.<\/p>\n<p>Chocante seria o nome dele num tapete de celebra\u00e7\u00e3o crist\u00e3, o que felizmente, ningu\u00e9m ousou fazer.<\/p>\n<p>Se fizessem, os guardas tamb\u00e9m n\u00e3o o pisoteariam.<\/p>\n<p>Marielle era mulher digna e comprometida com o bem-estar coletivo, foi calada a balas por defender as minorias por quem Jesus Cristo tamb\u00e9m doou a vida.<\/p>\n<p>Ela lutou como o filho de Deus contra bandidos poderosos para que todos tivessem vida plena.<\/p>\n<p>Em tempos de \u00f3dio galopante, sua fama se espalhou como a de &#8216;Um Certo Galileu&#8217; que tinha tanto amor.<\/p>\n","protected":false},"excerpt":{"rendered":"<p>Por que a Guarda Civil Municipal de Ouro Preto pisoteou um tapete de serragem que homenageava a vereadora assassinada, Marielle Franco, em celebra\u00e7\u00e3o da P\u00e1scoa na regi\u00e3o central de Minas Gerais? A \u2018justificativa\u2019 seria de que o cunho pol\u00edtico autorizou a censura. D\u00e1 para acreditar nisso? Fosse o nome do ex-coronel, Brilhante Ustra, condenado por&#8230;<a class=\"more-link\" href=\"http:\/\/blogdalucianaoliveira.com.br\/blog\/2019\/04\/22\/tudo-a-ver-o-nome-de-marielle-simbolizar-o-corpo-e-sangue-de-cristo\/\">Continue a leitura <span class=\"meta-nav\">&raquo;<\/span><\/a><\/p>\n","protected":false},"author":1,"featured_media":0,"comment_status":"closed","ping_status":"open","sticky":false,"template":"","format":"standard","meta":{"_exactmetrics_skip_tracking":false,"_exactmetrics_sitenote_active":false,"_exactmetrics_sitenote_note":"","_exactmetrics_sitenote_category":0,"jetpack_post_was_ever_published":false,"_jetpack_newsletter_access":"","_jetpack_dont_email_post_to_subs":false,"_jetpack_newsletter_tier_id":0,"_jetpack_memberships_contains_paywalled_content":false,"_jetpack_memberships_contains_paid_content":false,"footnotes":"","jetpack_publicize_message":"","jetpack_publicize_feature_enabled":true,"jetpack_social_post_already_shared":true,"jetpack_social_options":{"image_generator_settings":{"template":"highway","enabled":false},"version":2}},"categories":[1],"tags":[],"class_list":["post-21353","post","type-post","status-publish","format-standard","hentry","category-notas"],"jetpack_publicize_connections":[],"jetpack_sharing_enabled":true,"jetpack_featured_media_url":"","jetpack_shortlink":"https:\/\/wp.me\/p7wKYW-5yp","jetpack-related-posts":[],"_links":{"self":[{"href":"http:\/\/blogdalucianaoliveira.com.br\/blog\/wp-json\/wp\/v2\/posts\/21353","targetHints":{"allow":["GET"]}}],"collection":[{"href":"http:\/\/blogdalucianaoliveira.com.br\/blog\/wp-json\/wp\/v2\/posts"}],"about":[{"href":"http:\/\/blogdalucianaoliveira.com.br\/blog\/wp-json\/wp\/v2\/types\/post"}],"author":[{"embeddable":true,"href":"http:\/\/blogdalucianaoliveira.com.br\/blog\/wp-json\/wp\/v2\/users\/1"}],"replies":[{"embeddable":true,"href":"http:\/\/blogdalucianaoliveira.com.br\/blog\/wp-json\/wp\/v2\/comments?post=21353"}],"version-history":[{"count":6,"href":"http:\/\/blogdalucianaoliveira.com.br\/blog\/wp-json\/wp\/v2\/posts\/21353\/revisions"}],"predecessor-version":[{"id":21360,"href":"http:\/\/blogdalucianaoliveira.com.br\/blog\/wp-json\/wp\/v2\/posts\/21353\/revisions\/21360"}],"wp:attachment":[{"href":"http:\/\/blogdalucianaoliveira.com.br\/blog\/wp-json\/wp\/v2\/media?parent=21353"}],"wp:term":[{"taxonomy":"category","embeddable":true,"href":"http:\/\/blogdalucianaoliveira.com.br\/blog\/wp-json\/wp\/v2\/categories?post=21353"},{"taxonomy":"post_tag","embeddable":true,"href":"http:\/\/blogdalucianaoliveira.com.br\/blog\/wp-json\/wp\/v2\/tags?post=21353"}],"curies":[{"name":"wp","href":"https:\/\/api.w.org\/{rel}","templated":true}]}}