{"id":21361,"date":"2019-04-22T11:23:39","date_gmt":"2019-04-22T15:23:39","guid":{"rendered":"http:\/\/blogdalucianaoliveira.com.br\/blog\/?p=21361"},"modified":"2019-04-22T11:23:39","modified_gmt":"2019-04-22T15:23:39","slug":"impressao-e-que-o-brasil-e-dirigido-por-um-maniaco-diz-ft","status":"publish","type":"post","link":"http:\/\/blogdalucianaoliveira.com.br\/blog\/2019\/04\/22\/impressao-e-que-o-brasil-e-dirigido-por-um-maniaco-diz-ft\/","title":{"rendered":"&#8220;IMPRESS\u00c3O \u00c9 QUE O BRASIL \u00c9 DIRIGIDO POR UM MAN\u00cdACO&#8217;, DIZ FT"},"content":{"rendered":"<p><img data-recalc-dims=\"1\" loading=\"lazy\" decoding=\"async\" data-attachment-id=\"21362\" data-permalink=\"http:\/\/blogdalucianaoliveira.com.br\/blog\/2019\/04\/22\/impressao-e-que-o-brasil-e-dirigido-por-um-maniaco-diz-ft\/mani-3\/\" data-orig-file=\"https:\/\/i0.wp.com\/blogdalucianaoliveira.com.br\/blog\/wp-content\/uploads\/2019\/04\/mani.jpg?fit=1000%2C357\" data-orig-size=\"1000,357\" data-comments-opened=\"0\" data-image-meta=\"{&quot;aperture&quot;:&quot;0&quot;,&quot;credit&quot;:&quot;&quot;,&quot;camera&quot;:&quot;&quot;,&quot;caption&quot;:&quot;&quot;,&quot;created_timestamp&quot;:&quot;0&quot;,&quot;copyright&quot;:&quot;&quot;,&quot;focal_length&quot;:&quot;0&quot;,&quot;iso&quot;:&quot;0&quot;,&quot;shutter_speed&quot;:&quot;0&quot;,&quot;title&quot;:&quot;&quot;,&quot;orientation&quot;:&quot;0&quot;}\" data-image-title=\"mani\" data-image-description=\"\" data-image-caption=\"\" data-medium-file=\"https:\/\/i0.wp.com\/blogdalucianaoliveira.com.br\/blog\/wp-content\/uploads\/2019\/04\/mani.jpg?fit=300%2C107\" data-large-file=\"https:\/\/i0.wp.com\/blogdalucianaoliveira.com.br\/blog\/wp-content\/uploads\/2019\/04\/mani.jpg?fit=600%2C214\" src=\"https:\/\/i0.wp.com\/blogdalucianaoliveira.com.br\/blog\/wp-content\/uploads\/2019\/04\/mani.jpg?resize=600%2C214\" alt=\"mani\" width=\"600\" height=\"214\" class=\"alignnone size-full wp-image-21362\" srcset=\"https:\/\/i0.wp.com\/blogdalucianaoliveira.com.br\/blog\/wp-content\/uploads\/2019\/04\/mani.jpg?w=1000 1000w, https:\/\/i0.wp.com\/blogdalucianaoliveira.com.br\/blog\/wp-content\/uploads\/2019\/04\/mani.jpg?resize=300%2C107 300w, https:\/\/i0.wp.com\/blogdalucianaoliveira.com.br\/blog\/wp-content\/uploads\/2019\/04\/mani.jpg?resize=768%2C274 768w, https:\/\/i0.wp.com\/blogdalucianaoliveira.com.br\/blog\/wp-content\/uploads\/2019\/04\/mani.jpg?resize=800%2C286 800w\" sizes=\"auto, (max-width: 600px) 100vw, 600px\" \/><\/p>\n<p>247 &#8211; Por meio de um editorial intitulado &#8220;A promessa e os perigos do Brasil de Bolsonaro&#8221;, o jornal brit\u00e2nico Financial Times ressaltou que &#8220;os tu\u00edtes e pronunciamentos de Bolsonaro arriscam criar a impress\u00e3o de que o Brasil \u00e9 agora dirigido por um man\u00edaco que ataca gays, odeia \u00e1rvores e ama as armas, que \u00e9 nost\u00e1lgico dos dias de ditadura militar&#8221;. Apesar das cr\u00edticas, o FT defende o neoliberalismo da equipe econ\u00f4mica e o projeto de reforma da Previd\u00eancia elaborado pelo ministro da Economia, Paulo Guedes.<!--more--><\/p>\n<p>Segundo o FT, \u00e9 preciso que o mercado financeiro defenda Guedes contra o pr\u00f3prio presidente Jair Bolsonaro e a &#8220;fac\u00e7\u00e3o de populistas, que inclui os ministros do Exterior e da educa\u00e7\u00e3o e seus pr\u00f3prios filhos&#8221;. O editorial ressalta que &#8220;se essas pessoas \u2014acima de tudo, Paulo Guedes\u2014 forem bem-sucedidas em avan\u00e7ar seus programas, poderiam fazer muito bem ao Brasil&#8221;.<\/p>\n<p>&#8220;Num cen\u00e1rio otimista, os pronunciamentos mais ousados de Bolsonaro poderiam ent\u00e3o ser dispensados como esfor\u00e7o de desviar os olhos da multid\u00e3o, enquanto o verdadeiro trabalho est\u00e1 na verdade acontecendo nos bastidores&#8221;, avalia o texto.<\/p>\n","protected":false},"excerpt":{"rendered":"<p>247 &#8211; Por meio de um editorial intitulado &#8220;A promessa e os perigos do Brasil de Bolsonaro&#8221;, o jornal brit\u00e2nico Financial Times ressaltou que &#8220;os tu\u00edtes e pronunciamentos de Bolsonaro arriscam criar a impress\u00e3o de que o Brasil \u00e9 agora dirigido por um man\u00edaco que ataca gays, odeia \u00e1rvores e ama as armas, que \u00e9&#8230;<a class=\"more-link\" href=\"http:\/\/blogdalucianaoliveira.com.br\/blog\/2019\/04\/22\/impressao-e-que-o-brasil-e-dirigido-por-um-maniaco-diz-ft\/\">Continue a leitura <span class=\"meta-nav\">&raquo;<\/span><\/a><\/p>\n","protected":false},"author":1,"featured_media":0,"comment_status":"closed","ping_status":"open","sticky":false,"template":"","format":"standard","meta":{"_exactmetrics_skip_tracking":false,"_exactmetrics_sitenote_active":false,"_exactmetrics_sitenote_note":"","_exactmetrics_sitenote_category":0,"jetpack_post_was_ever_published":false,"_jetpack_newsletter_access":"","_jetpack_dont_email_post_to_subs":false,"_jetpack_newsletter_tier_id":0,"_jetpack_memberships_contains_paywalled_content":false,"_jetpack_memberships_contains_paid_content":false,"footnotes":"","jetpack_publicize_message":"","jetpack_publicize_feature_enabled":true,"jetpack_social_post_already_shared":true,"jetpack_social_options":{"image_generator_settings":{"template":"highway","enabled":false},"version":2}},"categories":[1],"tags":[],"class_list":["post-21361","post","type-post","status-publish","format-standard","hentry","category-notas"],"jetpack_publicize_connections":[],"jetpack_sharing_enabled":true,"jetpack_featured_media_url":"","jetpack_shortlink":"https:\/\/wp.me\/p7wKYW-5yx","jetpack-related-posts":[],"_links":{"self":[{"href":"http:\/\/blogdalucianaoliveira.com.br\/blog\/wp-json\/wp\/v2\/posts\/21361","targetHints":{"allow":["GET"]}}],"collection":[{"href":"http:\/\/blogdalucianaoliveira.com.br\/blog\/wp-json\/wp\/v2\/posts"}],"about":[{"href":"http:\/\/blogdalucianaoliveira.com.br\/blog\/wp-json\/wp\/v2\/types\/post"}],"author":[{"embeddable":true,"href":"http:\/\/blogdalucianaoliveira.com.br\/blog\/wp-json\/wp\/v2\/users\/1"}],"replies":[{"embeddable":true,"href":"http:\/\/blogdalucianaoliveira.com.br\/blog\/wp-json\/wp\/v2\/comments?post=21361"}],"version-history":[{"count":1,"href":"http:\/\/blogdalucianaoliveira.com.br\/blog\/wp-json\/wp\/v2\/posts\/21361\/revisions"}],"predecessor-version":[{"id":21363,"href":"http:\/\/blogdalucianaoliveira.com.br\/blog\/wp-json\/wp\/v2\/posts\/21361\/revisions\/21363"}],"wp:attachment":[{"href":"http:\/\/blogdalucianaoliveira.com.br\/blog\/wp-json\/wp\/v2\/media?parent=21361"}],"wp:term":[{"taxonomy":"category","embeddable":true,"href":"http:\/\/blogdalucianaoliveira.com.br\/blog\/wp-json\/wp\/v2\/categories?post=21361"},{"taxonomy":"post_tag","embeddable":true,"href":"http:\/\/blogdalucianaoliveira.com.br\/blog\/wp-json\/wp\/v2\/tags?post=21361"}],"curies":[{"name":"wp","href":"https:\/\/api.w.org\/{rel}","templated":true}]}}