{"id":21364,"date":"2019-04-22T11:44:05","date_gmt":"2019-04-22T15:44:05","guid":{"rendered":"http:\/\/blogdalucianaoliveira.com.br\/blog\/?p=21364"},"modified":"2019-04-22T11:44:05","modified_gmt":"2019-04-22T15:44:05","slug":"na-mira-de-bolsonaro-encontro-indigena-deve-reunir-5-000-em-brasilia","status":"publish","type":"post","link":"http:\/\/blogdalucianaoliveira.com.br\/blog\/2019\/04\/22\/na-mira-de-bolsonaro-encontro-indigena-deve-reunir-5-000-em-brasilia\/","title":{"rendered":"Na mira de Bolsonaro, encontro ind\u00edgena deve reunir 5.000 em Bras\u00edlia"},"content":{"rendered":"<p><img data-recalc-dims=\"1\" loading=\"lazy\" decoding=\"async\" data-attachment-id=\"21365\" data-permalink=\"http:\/\/blogdalucianaoliveira.com.br\/blog\/2019\/04\/22\/na-mira-de-bolsonaro-encontro-indigena-deve-reunir-5-000-em-brasilia\/terr\/\" data-orig-file=\"https:\/\/i0.wp.com\/blogdalucianaoliveira.com.br\/blog\/wp-content\/uploads\/2019\/04\/terr.jpg?fit=1080%2C675\" data-orig-size=\"1080,675\" data-comments-opened=\"0\" data-image-meta=\"{&quot;aperture&quot;:&quot;0&quot;,&quot;credit&quot;:&quot;&quot;,&quot;camera&quot;:&quot;&quot;,&quot;caption&quot;:&quot;&quot;,&quot;created_timestamp&quot;:&quot;0&quot;,&quot;copyright&quot;:&quot;&quot;,&quot;focal_length&quot;:&quot;0&quot;,&quot;iso&quot;:&quot;0&quot;,&quot;shutter_speed&quot;:&quot;0&quot;,&quot;title&quot;:&quot;&quot;,&quot;orientation&quot;:&quot;0&quot;}\" data-image-title=\"terr\" data-image-description=\"\" data-image-caption=\"\" data-medium-file=\"https:\/\/i0.wp.com\/blogdalucianaoliveira.com.br\/blog\/wp-content\/uploads\/2019\/04\/terr.jpg?fit=300%2C188\" data-large-file=\"https:\/\/i0.wp.com\/blogdalucianaoliveira.com.br\/blog\/wp-content\/uploads\/2019\/04\/terr.jpg?fit=600%2C375\" src=\"https:\/\/i0.wp.com\/blogdalucianaoliveira.com.br\/blog\/wp-content\/uploads\/2019\/04\/terr.jpg?resize=600%2C375\" alt=\"terr\" width=\"600\" height=\"375\" class=\"alignnone size-full wp-image-21365\" srcset=\"https:\/\/i0.wp.com\/blogdalucianaoliveira.com.br\/blog\/wp-content\/uploads\/2019\/04\/terr.jpg?w=1080 1080w, https:\/\/i0.wp.com\/blogdalucianaoliveira.com.br\/blog\/wp-content\/uploads\/2019\/04\/terr.jpg?resize=300%2C188 300w, https:\/\/i0.wp.com\/blogdalucianaoliveira.com.br\/blog\/wp-content\/uploads\/2019\/04\/terr.jpg?resize=768%2C480 768w, https:\/\/i0.wp.com\/blogdalucianaoliveira.com.br\/blog\/wp-content\/uploads\/2019\/04\/terr.jpg?resize=1024%2C640 1024w, https:\/\/i0.wp.com\/blogdalucianaoliveira.com.br\/blog\/wp-content\/uploads\/2019\/04\/terr.jpg?resize=480%2C300 480w\" sizes=\"auto, (max-width: 600px) 100vw, 600px\" \/><\/p>\n<p>Realizado desde 2004, o Acampamento Terra Livre, maior encontro de l\u00edderes ind\u00edgenas do pa\u00eds, ocorrer\u00e1 neste ano pela primeira vez na capital federal em um cen\u00e1rio de animosidade.<!--more--><\/p>\n<p>Folha Uol, por Gustavo Uribe<\/p>\n<p>Na semana passada, o presidente Jair Bolsonaro (PSL) chamou a reuni\u00e3o anual de um \u201cencontr\u00e3o\u201d e disse que ser\u00e1 o contribuinte quem pagar\u00e1 as despesas com transporte e hospedagem dos \u00edndios.<\/p>\n<p>\u201cN\u00f3s queremos o melhor para o \u00edndio brasileiro, que \u00e9 t\u00e3o ser humano quanto qualquer um que est\u00e1 aqui na frente de voc\u00eas agora. Mas essa farra vai deixar de existir no nosso governo\u201d, disse o presidente, em live nas redes sociais.<\/p>\n<p>Na \u00faltima quarta-feira (17), com receio desse encontro, o governo federal autorizou que a For\u00e7a Nacional realize a seguran\u00e7a da Esplanada dos Minist\u00e9rios e da Pra\u00e7a dos Tr\u00eas Poderes em per\u00edodo coincidente ao evento ind\u00edgena.<\/p>\n<p>\u201c\u00c9 a primeira vez que ocorre comportamento antecipado de tentar impedir a chegada das delega\u00e7\u00f5es. \u00c9 uma forma clara de impedir uma manifesta\u00e7\u00e3o\u201d, disse a coordenadora-executiva da APIB (Articula\u00e7\u00e3o dos Povos Ind\u00edgenas do Brasil), Sonia Guajajara.<\/p>\n<p>A expectativa \u00e9 a de que o encontro re\u00fana de 4.000 a 5.000 ind\u00edgenas, em um acampamento montado na Esplanada. Os participantes come\u00e7am a chegar em Bras\u00edlia na noite de ter\u00e7a-feira (23) e permanecem at\u00e9 sexta-feira (26).<\/p>\n<p>\u201cN\u00f3s pretendemos instalar o acampamento na Esplanada dos Minist\u00e9rios mesmo, porque n\u00e3o h\u00e1 motivo de a gente se esconder, j\u00e1 que s\u00e3o eles quem est\u00e3o nos amea\u00e7ando\u201d, afirma Sonia Guajajara.<\/p>\n<p>Segundo ela, Bolsonaro est\u00e1 equivocado ao dizer que ser\u00e1 o contribuinte quem pagar\u00e1 despesas, como hospedagem e transporte, uma vez que o encontro ind\u00edgena \u00e9 financiado todos anos por uma campanha de arrecada\u00e7\u00e3o.<\/p>\n<p>\u201cN\u00f3s nunca tivemos financiamento com dinheiro p\u00fablico ou apoio de governo federal. Em todos os anos, fazemos uma campanha de arrecada\u00e7\u00e3o para promover o encontro e instalar o acampamento.\u201d<\/p>\n<p>Como todos os anos, o prop\u00f3sito do encontro \u00e9 fortalecer a identidade ind\u00edgena e unificar o discurso. Com as mudan\u00e7as implementadas pela gest\u00e3o atual, no entanto, a lista de reivindica\u00e7\u00f5es aumentou.<\/p>\n<p>Neste ano, o movimento ir\u00e1 protestar contra a transfer\u00eancia da Funai da pasta da Justi\u00e7a para a de Direitos Humanos e a mudan\u00e7a da atribui\u00e7\u00e3o de demarca\u00e7\u00e3o de terras ind\u00edgenas para a Agricultura.<\/p>\n<p>A mobiliza\u00e7\u00e3o tamb\u00e9m \u00e9 contr\u00e1ria a parte do atendimento \u00e0 sa\u00fade ind\u00edgena ser repassada a estados e munic\u00edpios e ao discurso do presidente de integrar comunidades ind\u00edgenas \u00e0 sociedade. \u201cEles dizem que temos de ser integrados para sermos cidad\u00e3os, mas n\u00e3o pedimos isso\u201d, disse Guajajara.<\/p>\n","protected":false},"excerpt":{"rendered":"<p>Realizado desde 2004, o Acampamento Terra Livre, maior encontro de l\u00edderes ind\u00edgenas do pa\u00eds, ocorrer\u00e1 neste ano pela primeira vez na capital federal em um cen\u00e1rio de animosidade.<\/p>\n","protected":false},"author":1,"featured_media":0,"comment_status":"closed","ping_status":"open","sticky":false,"template":"","format":"standard","meta":{"_exactmetrics_skip_tracking":false,"_exactmetrics_sitenote_active":false,"_exactmetrics_sitenote_note":"","_exactmetrics_sitenote_category":0,"jetpack_post_was_ever_published":false,"_jetpack_newsletter_access":"","_jetpack_dont_email_post_to_subs":false,"_jetpack_newsletter_tier_id":0,"_jetpack_memberships_contains_paywalled_content":false,"_jetpack_memberships_contains_paid_content":false,"footnotes":"","jetpack_publicize_message":"","jetpack_publicize_feature_enabled":true,"jetpack_social_post_already_shared":true,"jetpack_social_options":{"image_generator_settings":{"template":"highway","enabled":false},"version":2}},"categories":[1],"tags":[],"class_list":["post-21364","post","type-post","status-publish","format-standard","hentry","category-notas"],"jetpack_publicize_connections":[],"jetpack_sharing_enabled":true,"jetpack_featured_media_url":"","jetpack_shortlink":"https:\/\/wp.me\/p7wKYW-5yA","jetpack-related-posts":[],"_links":{"self":[{"href":"http:\/\/blogdalucianaoliveira.com.br\/blog\/wp-json\/wp\/v2\/posts\/21364","targetHints":{"allow":["GET"]}}],"collection":[{"href":"http:\/\/blogdalucianaoliveira.com.br\/blog\/wp-json\/wp\/v2\/posts"}],"about":[{"href":"http:\/\/blogdalucianaoliveira.com.br\/blog\/wp-json\/wp\/v2\/types\/post"}],"author":[{"embeddable":true,"href":"http:\/\/blogdalucianaoliveira.com.br\/blog\/wp-json\/wp\/v2\/users\/1"}],"replies":[{"embeddable":true,"href":"http:\/\/blogdalucianaoliveira.com.br\/blog\/wp-json\/wp\/v2\/comments?post=21364"}],"version-history":[{"count":1,"href":"http:\/\/blogdalucianaoliveira.com.br\/blog\/wp-json\/wp\/v2\/posts\/21364\/revisions"}],"predecessor-version":[{"id":21366,"href":"http:\/\/blogdalucianaoliveira.com.br\/blog\/wp-json\/wp\/v2\/posts\/21364\/revisions\/21366"}],"wp:attachment":[{"href":"http:\/\/blogdalucianaoliveira.com.br\/blog\/wp-json\/wp\/v2\/media?parent=21364"}],"wp:term":[{"taxonomy":"category","embeddable":true,"href":"http:\/\/blogdalucianaoliveira.com.br\/blog\/wp-json\/wp\/v2\/categories?post=21364"},{"taxonomy":"post_tag","embeddable":true,"href":"http:\/\/blogdalucianaoliveira.com.br\/blog\/wp-json\/wp\/v2\/tags?post=21364"}],"curies":[{"name":"wp","href":"https:\/\/api.w.org\/{rel}","templated":true}]}}