{"id":21370,"date":"2019-04-23T17:44:33","date_gmt":"2019-04-23T21:44:33","guid":{"rendered":"http:\/\/blogdalucianaoliveira.com.br\/blog\/?p=21370"},"modified":"2019-04-23T17:44:33","modified_gmt":"2019-04-23T21:44:33","slug":"vamos-seguir-resistindo-o-recado-dos-povos-da-floresta","status":"publish","type":"post","link":"http:\/\/blogdalucianaoliveira.com.br\/blog\/2019\/04\/23\/vamos-seguir-resistindo-o-recado-dos-povos-da-floresta\/","title":{"rendered":"\u201cVamos seguir resistindo\u201d: o recado dos povos da floresta"},"content":{"rendered":"<p><img data-recalc-dims=\"1\" loading=\"lazy\" decoding=\"async\" data-attachment-id=\"21371\" data-permalink=\"http:\/\/blogdalucianaoliveira.com.br\/blog\/2019\/04\/23\/vamos-seguir-resistindo-o-recado-dos-povos-da-floresta\/ae38d667-762a-453a-a04c-ad3dc8b00606\/\" data-orig-file=\"https:\/\/i0.wp.com\/blogdalucianaoliveira.com.br\/blog\/wp-content\/uploads\/2019\/04\/AE38D667-762A-453A-A04C-AD3DC8B00606.jpeg?fit=360%2C257\" data-orig-size=\"360,257\" data-comments-opened=\"0\" data-image-meta=\"{&quot;aperture&quot;:&quot;0&quot;,&quot;credit&quot;:&quot;&quot;,&quot;camera&quot;:&quot;&quot;,&quot;caption&quot;:&quot;&quot;,&quot;created_timestamp&quot;:&quot;0&quot;,&quot;copyright&quot;:&quot;&quot;,&quot;focal_length&quot;:&quot;0&quot;,&quot;iso&quot;:&quot;0&quot;,&quot;shutter_speed&quot;:&quot;0&quot;,&quot;title&quot;:&quot;&quot;,&quot;orientation&quot;:&quot;0&quot;}\" data-image-title=\"AE38D667-762A-453A-A04C-AD3DC8B00606\" data-image-description=\"\" data-image-caption=\"\" data-medium-file=\"https:\/\/i0.wp.com\/blogdalucianaoliveira.com.br\/blog\/wp-content\/uploads\/2019\/04\/AE38D667-762A-453A-A04C-AD3DC8B00606.jpeg?fit=300%2C214\" data-large-file=\"https:\/\/i0.wp.com\/blogdalucianaoliveira.com.br\/blog\/wp-content\/uploads\/2019\/04\/AE38D667-762A-453A-A04C-AD3DC8B00606.jpeg?fit=360%2C257\" class=\"alignnone size-full wp-image-21371\" src=\"https:\/\/i0.wp.com\/blogdalucianaoliveira.com.br\/blog\/wp-content\/uploads\/2019\/04\/AE38D667-762A-453A-A04C-AD3DC8B00606.jpeg?resize=360%2C257\" alt=\"AE38D667-762A-453A-A04C-AD3DC8B00606\" width=\"360\" height=\"257\" srcset=\"https:\/\/i0.wp.com\/blogdalucianaoliveira.com.br\/blog\/wp-content\/uploads\/2019\/04\/AE38D667-762A-453A-A04C-AD3DC8B00606.jpeg?w=360 360w, https:\/\/i0.wp.com\/blogdalucianaoliveira.com.br\/blog\/wp-content\/uploads\/2019\/04\/AE38D667-762A-453A-A04C-AD3DC8B00606.jpeg?resize=300%2C214 300w\" sizes=\"auto, (max-width: 360px) 100vw, 360px\" \/><\/p>\n<p>Em campanha lan\u00e7ada para comemorar seus 25 anos, Instituto Socioambiental d\u00e1 voz a ind\u00edgenas e popula\u00e7\u00f5es tradicionais em meio a ataques do Governo Bolsonaro a ONGs<!--more--><\/p>\n<p>No El Pa\u00eds, por Marina Rossi<\/p>\n<p>\u201cVamos seguir resistindo\u201d. Essa \u00e9 a principal mensagem que a campanha #PovosDaFloresta pretende passar. Por meio de um v\u00eddeo veiculado na internet, TV e cinemas, 25 lideran\u00e7as ind\u00edgenas, quilombolas e ribeirinhas tentam chamar aten\u00e7\u00e3o para a luta pela prote\u00e7\u00e3o ambiental e em defesa dos direitos dessas comunidades. A iniciativa \u00e9 do Instituto Socioambiental (ISA), que completa 25 anos neste ano.<\/p>\n<p dir=\"ltr\">No v\u00eddeo, est\u00e3o no alvo os garimpeiros, grileiros e demais invasores de terra. \u201cSe a floresta, ou a natureza de maneira geral, \u00e9 nosso passaporte enquanto pa\u00eds para algum futuro, os povos que vivem nela s\u00e3o seus verdadeiros guardi\u00f5es\u201d, diz Andr\u00e9 Villas-B\u00f4as, secret\u00e1rio-executivo do ISA. \u201cTemos que valorizar a enorme contribui\u00e7\u00e3o dessas comunidades para o equil\u00edbrio ecol\u00f3gico do planeta\u201d.<\/p>\n<section id=\"sumario_1|html\" class=\"sumario_html centro\"><a name=\"sumario_1\"><\/a><\/p>\n<div class=\"sumario__interior\">\n<div class=\"sumario-texto\">\n<p><iframe loading=\"lazy\" src=\"https:\/\/www.youtube.com\/embed\/AKSgvH0ESH4\" width=\"560\" height=\"315\" frameborder=\"0\" allowfullscreen=\"allowfullscreen\" data-mce-fragment=\"1\"><\/iframe><\/p>\n<\/div>\n<\/div>\n<\/section>\n<p dir=\"ltr\">A campanha, que come\u00e7ou a ser veiculada nesta ter\u00e7a-feira, \u00e9 lan\u00e7ada em um dos momentos mais tensos para as Organiza\u00e7\u00f5es N\u00e3o Governamentais no Brasil. Em um v\u00eddeo na \u00faltima semana, o presidente <a href=\"https:\/\/brasil.elpais.com\/tag\/jair_messias_bolsonaro\" target=\"_blank\">Jair Bolsonaro<\/a> reiterou, mais uma vez, sua ofensiva a essas organiza\u00e7\u00f5es. Ao lado de lideran\u00e7as ind\u00edgenas, o presidente afirmou que \u201ctodas as ONGs, todos os que trabalham contra voc\u00eas, s\u00e3o nossos inimigos\u201d. Bolsonaro defendia o uso de terras ind\u00edgenas para o agroneg\u00f3cio e a minera\u00e7\u00e3o. \u201cO garimpo \u00e9 uma atividade legal tamb\u00e9m. Onde n\u00e3o \u00e9 legal, se legaliza\u201d, afirmou o presidente<\/p>\n<p dir=\"ltr\">Desde as elei\u00e7\u00f5es, Bolsonaro vem atacando ONGs e \u00f3rg\u00e3os fiscalizadores. Um de seus primeiros feitos como presidente, ainda no dia 3 de janeiro, <a href=\"https:\/\/brasil.elpais.com\/brasil\/2019\/01\/02\/politica\/1546454574_434358.html\" target=\"_blank\">foi assinar uma Medida Provis\u00f3ria<\/a> que inclu\u00eda nas atribui\u00e7\u00f5es da Secretaria de Governo o\u00a0 monitoramento e coordena\u00e7\u00e3o de ONGs e organismos internacionais. Comandada pelo general Carlos Alberto Santos Cruz, a Secretaria de Governo deve, de acordo com o texto, &#8220;supervisionar, coordenar, monitorar e acompanhar as atividades e as a\u00e7\u00f5es dos organismos internacionais e das organiza\u00e7\u00f5es n\u00e3o governamentais no territ\u00f3rio nacional&#8221;.<\/p>\n<div id=\"elpais_gpt-MPU2\" class=\"publi_luto_vertical publiLoad\" data-google-query-id=\"CNKgo8iX5-ECFdRgwQodBaUMQQ\"><\/div>\n<p>&nbsp;<\/p>\n","protected":false},"excerpt":{"rendered":"<p>Em campanha lan\u00e7ada para comemorar seus 25 anos, Instituto Socioambiental d\u00e1 voz a ind\u00edgenas e popula\u00e7\u00f5es tradicionais em meio a ataques do Governo Bolsonaro a ONGs<\/p>\n","protected":false},"author":1,"featured_media":0,"comment_status":"closed","ping_status":"open","sticky":false,"template":"","format":"standard","meta":{"_exactmetrics_skip_tracking":false,"_exactmetrics_sitenote_active":false,"_exactmetrics_sitenote_note":"","_exactmetrics_sitenote_category":0,"jetpack_post_was_ever_published":false,"_jetpack_newsletter_access":"","_jetpack_dont_email_post_to_subs":false,"_jetpack_newsletter_tier_id":0,"_jetpack_memberships_contains_paywalled_content":false,"_jetpack_memberships_contains_paid_content":false,"footnotes":"","jetpack_publicize_message":"","jetpack_publicize_feature_enabled":true,"jetpack_social_post_already_shared":true,"jetpack_social_options":{"image_generator_settings":{"template":"highway","enabled":false},"version":2}},"categories":[1],"tags":[],"class_list":["post-21370","post","type-post","status-publish","format-standard","hentry","category-notas"],"jetpack_publicize_connections":[],"jetpack_sharing_enabled":true,"jetpack_featured_media_url":"","jetpack_shortlink":"https:\/\/wp.me\/p7wKYW-5yG","jetpack-related-posts":[],"_links":{"self":[{"href":"http:\/\/blogdalucianaoliveira.com.br\/blog\/wp-json\/wp\/v2\/posts\/21370","targetHints":{"allow":["GET"]}}],"collection":[{"href":"http:\/\/blogdalucianaoliveira.com.br\/blog\/wp-json\/wp\/v2\/posts"}],"about":[{"href":"http:\/\/blogdalucianaoliveira.com.br\/blog\/wp-json\/wp\/v2\/types\/post"}],"author":[{"embeddable":true,"href":"http:\/\/blogdalucianaoliveira.com.br\/blog\/wp-json\/wp\/v2\/users\/1"}],"replies":[{"embeddable":true,"href":"http:\/\/blogdalucianaoliveira.com.br\/blog\/wp-json\/wp\/v2\/comments?post=21370"}],"version-history":[{"count":1,"href":"http:\/\/blogdalucianaoliveira.com.br\/blog\/wp-json\/wp\/v2\/posts\/21370\/revisions"}],"predecessor-version":[{"id":21372,"href":"http:\/\/blogdalucianaoliveira.com.br\/blog\/wp-json\/wp\/v2\/posts\/21370\/revisions\/21372"}],"wp:attachment":[{"href":"http:\/\/blogdalucianaoliveira.com.br\/blog\/wp-json\/wp\/v2\/media?parent=21370"}],"wp:term":[{"taxonomy":"category","embeddable":true,"href":"http:\/\/blogdalucianaoliveira.com.br\/blog\/wp-json\/wp\/v2\/categories?post=21370"},{"taxonomy":"post_tag","embeddable":true,"href":"http:\/\/blogdalucianaoliveira.com.br\/blog\/wp-json\/wp\/v2\/tags?post=21370"}],"curies":[{"name":"wp","href":"https:\/\/api.w.org\/{rel}","templated":true}]}}