{"id":21373,"date":"2019-04-23T18:58:40","date_gmt":"2019-04-23T22:58:40","guid":{"rendered":"http:\/\/blogdalucianaoliveira.com.br\/blog\/?p=21373"},"modified":"2019-04-23T18:58:40","modified_gmt":"2019-04-23T22:58:40","slug":"stj-confirma-sentenca-imunda-e-reduz-pena","status":"publish","type":"post","link":"http:\/\/blogdalucianaoliveira.com.br\/blog\/2019\/04\/23\/stj-confirma-sentenca-imunda-e-reduz-pena\/","title":{"rendered":"STJ confirma senten\u00e7a imunda e reduz pena"},"content":{"rendered":"<p><img data-recalc-dims=\"1\" loading=\"lazy\" decoding=\"async\" data-attachment-id=\"21374\" data-permalink=\"http:\/\/blogdalucianaoliveira.com.br\/blog\/2019\/04\/23\/stj-confirma-sentenca-imunda-e-reduz-pena\/31c80175-1f6c-4768-b4d3-ad7931d57ff0\/\" data-orig-file=\"https:\/\/i0.wp.com\/blogdalucianaoliveira.com.br\/blog\/wp-content\/uploads\/2019\/04\/31C80175-1F6C-4768-B4D3-AD7931D57FF0.jpeg?fit=960%2C960\" data-orig-size=\"960,960\" data-comments-opened=\"0\" data-image-meta=\"{&quot;aperture&quot;:&quot;0&quot;,&quot;credit&quot;:&quot;&quot;,&quot;camera&quot;:&quot;&quot;,&quot;caption&quot;:&quot;&quot;,&quot;created_timestamp&quot;:&quot;0&quot;,&quot;copyright&quot;:&quot;&quot;,&quot;focal_length&quot;:&quot;0&quot;,&quot;iso&quot;:&quot;0&quot;,&quot;shutter_speed&quot;:&quot;0&quot;,&quot;title&quot;:&quot;&quot;,&quot;orientation&quot;:&quot;1&quot;}\" data-image-title=\"31C80175-1F6C-4768-B4D3-AD7931D57FF0\" data-image-description=\"\" data-image-caption=\"\" data-medium-file=\"https:\/\/i0.wp.com\/blogdalucianaoliveira.com.br\/blog\/wp-content\/uploads\/2019\/04\/31C80175-1F6C-4768-B4D3-AD7931D57FF0.jpeg?fit=300%2C300\" data-large-file=\"https:\/\/i0.wp.com\/blogdalucianaoliveira.com.br\/blog\/wp-content\/uploads\/2019\/04\/31C80175-1F6C-4768-B4D3-AD7931D57FF0.jpeg?fit=600%2C600\" class=\"alignnone size-full wp-image-21374\" src=\"https:\/\/i0.wp.com\/blogdalucianaoliveira.com.br\/blog\/wp-content\/uploads\/2019\/04\/31C80175-1F6C-4768-B4D3-AD7931D57FF0.jpeg?resize=600%2C600\" alt=\"31C80175-1F6C-4768-B4D3-AD7931D57FF0\" width=\"600\" height=\"600\" srcset=\"https:\/\/i0.wp.com\/blogdalucianaoliveira.com.br\/blog\/wp-content\/uploads\/2019\/04\/31C80175-1F6C-4768-B4D3-AD7931D57FF0.jpeg?w=960 960w, https:\/\/i0.wp.com\/blogdalucianaoliveira.com.br\/blog\/wp-content\/uploads\/2019\/04\/31C80175-1F6C-4768-B4D3-AD7931D57FF0.jpeg?resize=150%2C150 150w, https:\/\/i0.wp.com\/blogdalucianaoliveira.com.br\/blog\/wp-content\/uploads\/2019\/04\/31C80175-1F6C-4768-B4D3-AD7931D57FF0.jpeg?resize=300%2C300 300w, https:\/\/i0.wp.com\/blogdalucianaoliveira.com.br\/blog\/wp-content\/uploads\/2019\/04\/31C80175-1F6C-4768-B4D3-AD7931D57FF0.jpeg?resize=768%2C768 768w\" sizes=\"auto, (max-width: 600px) 100vw, 600px\" \/><\/p>\n<p>Sim, tamb\u00e9m acho (e muitos acham) que o STJ deveria ter acolhido recurso da defesa do ex-presidente Lula para absolv\u00ea-lo de condena\u00e7\u00e3o imunda do ex-juiz S\u00e9rgio Moro.<\/p>\n<p>O juiz que ap\u00f3s condenar Lula sem provas, largou a magistratura pra virar ministro de governo repleto de investigados e com presidente que defende mil\u00edcias. <\/p>\n<p>Fede essa condena\u00e7\u00e3o, mas n\u00e3o a todos incomoda. <\/p>\n<p>A mim, sim. <\/p>\n<p>E cada um com o seu nariz e consci\u00eancia.<!--more--> <\/p>\n<p>Agora, em decis\u00e3o un\u00e2nime, a 5\u00aa Turma do STJ manteve a condena\u00e7\u00e3o de Lula, mas reduziu a pena para 8 anos e 10 meses, o que pode permitir que v\u00e1 pra casa ainda este ano. <\/p>\n<p>Isso, se novamente em tempo recorde outra condena\u00e7\u00e3o imunda n\u00e3o for julgada em segunda inst\u00e2ncia. <\/p>\n<p>S\u00e3o processos repletos de v\u00edcios e julgamentos pol\u00edticos. <\/p>\n<p>E aos que aplaudem, s\u00f3 me resta desejar que recebam tratamento como o de Lula no judici\u00e1rio, seja pelo que for.<\/p>\n<p>Se o STF restabelecer a presun\u00e7\u00e3o de inoc\u00eancia como garantia constitucional que impede pris\u00e3o at\u00e9 que termine o processo, Lula sai antes de adquirir direito a regime semi-aberto. <\/p>\n<p>Se&#8230;<br \/>\nQuem sabe?<br \/>\nS\u00e3o tempos de flagrante e desesperante inseguran\u00e7a jur\u00eddica.<\/p>\n","protected":false},"excerpt":{"rendered":"<p>Sim, tamb\u00e9m acho (e muitos acham) que o STJ deveria ter acolhido recurso da defesa do ex-presidente Lula para absolv\u00ea-lo de condena\u00e7\u00e3o imunda do ex-juiz S\u00e9rgio Moro. O juiz que ap\u00f3s condenar Lula sem provas, largou a magistratura pra virar ministro de governo repleto de investigados e com presidente que defende mil\u00edcias. Fede essa condena\u00e7\u00e3o,&#8230;<a class=\"more-link\" href=\"http:\/\/blogdalucianaoliveira.com.br\/blog\/2019\/04\/23\/stj-confirma-sentenca-imunda-e-reduz-pena\/\">Continue a leitura <span class=\"meta-nav\">&raquo;<\/span><\/a><\/p>\n","protected":false},"author":1,"featured_media":0,"comment_status":"closed","ping_status":"open","sticky":false,"template":"","format":"standard","meta":{"_exactmetrics_skip_tracking":false,"_exactmetrics_sitenote_active":false,"_exactmetrics_sitenote_note":"","_exactmetrics_sitenote_category":0,"jetpack_post_was_ever_published":false,"_jetpack_newsletter_access":"","_jetpack_dont_email_post_to_subs":false,"_jetpack_newsletter_tier_id":0,"_jetpack_memberships_contains_paywalled_content":false,"_jetpack_memberships_contains_paid_content":false,"footnotes":"","jetpack_publicize_message":"","jetpack_publicize_feature_enabled":true,"jetpack_social_post_already_shared":true,"jetpack_social_options":{"image_generator_settings":{"template":"highway","enabled":false},"version":2}},"categories":[1],"tags":[],"class_list":["post-21373","post","type-post","status-publish","format-standard","hentry","category-notas"],"jetpack_publicize_connections":[],"jetpack_sharing_enabled":true,"jetpack_featured_media_url":"","jetpack_shortlink":"https:\/\/wp.me\/p7wKYW-5yJ","jetpack-related-posts":[],"_links":{"self":[{"href":"http:\/\/blogdalucianaoliveira.com.br\/blog\/wp-json\/wp\/v2\/posts\/21373","targetHints":{"allow":["GET"]}}],"collection":[{"href":"http:\/\/blogdalucianaoliveira.com.br\/blog\/wp-json\/wp\/v2\/posts"}],"about":[{"href":"http:\/\/blogdalucianaoliveira.com.br\/blog\/wp-json\/wp\/v2\/types\/post"}],"author":[{"embeddable":true,"href":"http:\/\/blogdalucianaoliveira.com.br\/blog\/wp-json\/wp\/v2\/users\/1"}],"replies":[{"embeddable":true,"href":"http:\/\/blogdalucianaoliveira.com.br\/blog\/wp-json\/wp\/v2\/comments?post=21373"}],"version-history":[{"count":1,"href":"http:\/\/blogdalucianaoliveira.com.br\/blog\/wp-json\/wp\/v2\/posts\/21373\/revisions"}],"predecessor-version":[{"id":21375,"href":"http:\/\/blogdalucianaoliveira.com.br\/blog\/wp-json\/wp\/v2\/posts\/21373\/revisions\/21375"}],"wp:attachment":[{"href":"http:\/\/blogdalucianaoliveira.com.br\/blog\/wp-json\/wp\/v2\/media?parent=21373"}],"wp:term":[{"taxonomy":"category","embeddable":true,"href":"http:\/\/blogdalucianaoliveira.com.br\/blog\/wp-json\/wp\/v2\/categories?post=21373"},{"taxonomy":"post_tag","embeddable":true,"href":"http:\/\/blogdalucianaoliveira.com.br\/blog\/wp-json\/wp\/v2\/tags?post=21373"}],"curies":[{"name":"wp","href":"https:\/\/api.w.org\/{rel}","templated":true}]}}