{"id":21376,"date":"2019-04-24T07:48:43","date_gmt":"2019-04-24T11:48:43","guid":{"rendered":"http:\/\/blogdalucianaoliveira.com.br\/blog\/?p=21376"},"modified":"2019-04-24T07:48:43","modified_gmt":"2019-04-24T11:48:43","slug":"governo-oferece-r-40-mi-em-emendas-para-deputados-que-votarem-pela-reforma","status":"publish","type":"post","link":"http:\/\/blogdalucianaoliveira.com.br\/blog\/2019\/04\/24\/governo-oferece-r-40-mi-em-emendas-para-deputados-que-votarem-pela-reforma\/","title":{"rendered":"Governo oferece R$ 40 mi em emendas para deputados que votarem pela reforma"},"content":{"rendered":"<p><img data-recalc-dims=\"1\" loading=\"lazy\" decoding=\"async\" data-attachment-id=\"21377\" data-permalink=\"http:\/\/blogdalucianaoliveira.com.br\/blog\/2019\/04\/24\/governo-oferece-r-40-mi-em-emendas-para-deputados-que-votarem-pela-reforma\/11242763-2409-4542-a5ec-5c4db04b9eeb\/\" data-orig-file=\"https:\/\/i0.wp.com\/blogdalucianaoliveira.com.br\/blog\/wp-content\/uploads\/2019\/04\/11242763-2409-4542-A5EC-5C4DB04B9EEB.jpeg?fit=768%2C512\" data-orig-size=\"768,512\" data-comments-opened=\"0\" data-image-meta=\"{&quot;aperture&quot;:&quot;0&quot;,&quot;credit&quot;:&quot;&quot;,&quot;camera&quot;:&quot;&quot;,&quot;caption&quot;:&quot;&quot;,&quot;created_timestamp&quot;:&quot;0&quot;,&quot;copyright&quot;:&quot;&quot;,&quot;focal_length&quot;:&quot;0&quot;,&quot;iso&quot;:&quot;0&quot;,&quot;shutter_speed&quot;:&quot;0&quot;,&quot;title&quot;:&quot;&quot;,&quot;orientation&quot;:&quot;0&quot;}\" data-image-title=\"11242763-2409-4542-A5EC-5C4DB04B9EEB\" data-image-description=\"\" data-image-caption=\"\" data-medium-file=\"https:\/\/i0.wp.com\/blogdalucianaoliveira.com.br\/blog\/wp-content\/uploads\/2019\/04\/11242763-2409-4542-A5EC-5C4DB04B9EEB.jpeg?fit=300%2C200\" data-large-file=\"https:\/\/i0.wp.com\/blogdalucianaoliveira.com.br\/blog\/wp-content\/uploads\/2019\/04\/11242763-2409-4542-A5EC-5C4DB04B9EEB.jpeg?fit=600%2C400\" src=\"https:\/\/i0.wp.com\/blogdalucianaoliveira.com.br\/blog\/wp-content\/uploads\/2019\/04\/11242763-2409-4542-A5EC-5C4DB04B9EEB.jpeg?resize=600%2C400\" alt=\"11242763-2409-4542-A5EC-5C4DB04B9EEB\" width=\"600\" height=\"400\" class=\"alignnone size-full wp-image-21377\" srcset=\"https:\/\/i0.wp.com\/blogdalucianaoliveira.com.br\/blog\/wp-content\/uploads\/2019\/04\/11242763-2409-4542-A5EC-5C4DB04B9EEB.jpeg?w=768 768w, https:\/\/i0.wp.com\/blogdalucianaoliveira.com.br\/blog\/wp-content\/uploads\/2019\/04\/11242763-2409-4542-A5EC-5C4DB04B9EEB.jpeg?resize=300%2C200 300w, https:\/\/i0.wp.com\/blogdalucianaoliveira.com.br\/blog\/wp-content\/uploads\/2019\/04\/11242763-2409-4542-A5EC-5C4DB04B9EEB.jpeg?resize=450%2C300 450w\" sizes=\"auto, (max-width: 600px) 100vw, 600px\" \/><\/p>\n<p>Segundo l\u00edderes, valor foi oferecido por Onyx e eleva em 65% manejo do Or\u00e7amento por congressistas<!--more--><\/p>\n<p>Na Folha <\/p>\n<p>L\u00edderes de cinco partidos governistas confirmaram \u00e0 Folha que o ministro-chefe da Casa Civil, Onyx Lorenzoni (DEM-RS), ofereceu destinar um extra de R$ 40 milh\u00f5es em emendas parlamentares at\u00e9 2022 a cada deputado federal que votar a favor da reforma da Previd\u00eancia no plen\u00e1rio da C\u00e2mara.<\/p>\n<p>A proposta foi feita na casa do presidente da C\u00e2mara, Rodrigo Maia (DEM-RJ), na semana passada.<\/p>\n<p>A estrat\u00e9gia de Onyx representa um acr\u00e9scimo de 65% no valor que cada deputado pode manejar no Or\u00e7amento federal de 2019 para obras e investimentos de infraestrutura em seus redutos eleitorais.<\/p>\n<p>Hoje, os congressistas t\u00eam direito a R$ 15,4 milh\u00f5es em emendas parlamentares. Com os R$ 10 milh\u00f5es extras por ano, esse valor pularia para R$ 25 milh\u00f5es.<\/p>\n<p>O extra viria de rubricas de fora do volume reservado para as emendas, mas, segundo os deputados, o ministro n\u00e3o entrou em detalhes sobre a fonte.<\/p>\n<p>Os deputados t\u00eam direito a emendas impositivas e, caso seja aprovada a PEC (Proposta de Emenda \u00e0 Constitui\u00e7\u00e3o) do Or\u00e7amento impositivo, a partir de 2020, tamb\u00e9m passar\u00e3o a ser de execu\u00e7\u00e3o obrigat\u00f3ria os recursos de bancada.<\/p>\n<p>Os valores propostos por Onyx, no entanto, n\u00e3o est\u00e3o dentro de nenhum desses recursos.<\/p>\n<p>Segundo t\u00e9cnicos, n\u00e3o existe a previs\u00e3o legal de \u201cemendas extraor\u00e7ament\u00e1rias\u201d, mas a pr\u00e1tica \u00e9 recorrente entre pol\u00edticos.<\/p>\n<p>A Folha confirmou a exist\u00eancia da proposta com deputados do DEM, PP, PSD, PR, PRB e Solidariedade.<\/p>\n<p>Todos passaram a informa\u00e7\u00e3o mediante a condi\u00e7\u00e3o de que n\u00e3o tivessem o nome publicado.<\/p>\n<p>A reportagem enviou questionamentos no fim da tarde e in\u00edcio da noite desta ter\u00e7a-feira (23) ao presidente da C\u00e2mara e ao ministro da Casa Civil do governo Jair Bolsonaro (PSL), mas n\u00e3o obteve resposta.<\/p>\n<p>Uma das principais promessas de campanha de Jair Bolsonaro foi colocar um fim no chamado \u201ctoma l\u00e1 d\u00e1 c\u00e1\u201d, que \u00e9 a antiga pr\u00e1tica de governos obterem apoio no Congresso em troca de cargos federais, verbas do Or\u00e7amento ou outras benesses da m\u00e1quina p\u00fablica.<\/p>\n<p>A reforma da Previd\u00eancia \u00e9 a principal proposta deste in\u00edcio de gest\u00e3o Bolsonaro. O texto foi apresentado ao Congresso Nacional no dia 20 de fevereiro.<\/p>\n<p>A proposta elaborada pela equipe econ\u00f4mica do ministro Paulo Guedes promete uma economia de mais de R$ 1 trilh\u00e3o aos cofres p\u00fablicos nos pr\u00f3ximos dez anos.<\/p>\n<p>O texto est\u00e1 em fase inicial de tramita\u00e7\u00e3o e foi votado na CCJ (Comiss\u00e3o de Constitui\u00e7\u00e3o e Justi\u00e7a) na noite desta ter\u00e7a (24).<\/p>\n<p>A proposta teve dificuldade nesta primeira fase, na qual teve a vota\u00e7\u00e3o adiada pelo menos tr\u00eas vezes: a previs\u00e3o inicial do governo era que a constitucionalidade fosse analisada at\u00e9 o meio de mar\u00e7o.<\/p>\n<p>Na CCJ, a proposta andou apenas depois de o governo ceder e fechar acordo com os partidos do centr\u00e3o para desidratar o texto j\u00e1 no primeiro colegiado. A CCJ \u00e9 respons\u00e1vel por avaliar a constitucionalidade da proposta.<\/p>\n<p>O governo e Maia defendiam que s\u00f3 se mexesse no texto na segunda fase. Ap\u00f3s a vota\u00e7\u00e3o de admissibilidade, a PEC precisa passar ainda por uma comiss\u00e3o especial, na qual ter\u00e1 analisado o m\u00e9rito de toda a proposta.<\/p>\n<p>L\u00e1, a expectativa \u00e9 que o texto seja ainda mais desidratado: j\u00e1 h\u00e1 consenso entre l\u00edderes da maioria dos partidos para que sejam alterados os pontos referentes \u00e0 aposentadoria rural e ao BPC (Benef\u00edcio de Presta\u00e7\u00e3o Continuada), pago a idosos miser\u00e1veis.<\/p>\n<p>Depois, se aprovada, a PEC ir\u00e1 ao plen\u00e1rio, onde precisar\u00e1 do apoio de pelo menos 308 deputados, em dois turnos, dos 513 deputados para seguir adiante.<\/p>\n<p>A previs\u00e3o de aliados de Maia \u00e9 que a reforma seja votada no plen\u00e1rio da Casa apenas no segundo semestre deste ano.<\/p>\n<p>Partidos do chamado centr\u00e3o \u2014PP, PR, PTB, PSD, PRB, entre outros\u2014 cobram da gest\u00e3o Bolsonaro participa\u00e7\u00e3o no governo e maior empenho na libera\u00e7\u00e3o das emendas para aprovar a medida.<\/p>\n<p>Segundo os parlamentares ouvidos pela Folha, apesar da proposta de Onyx, n\u00e3o foi celebrado um acordo.<\/p>\n<p>Alguns deles dizem desconfiar da palavra do Planalto, afirmando que nada garante que o governo ir\u00e1 cumprir a promessa pelos pr\u00f3ximos quatro anos.<\/p>\n<p>Uma ala defende a libera\u00e7\u00e3o dos recursos e v\u00ea com bons olhos a iniciativa de negocia\u00e7\u00e3o do governo.<\/p>\n<p>Segundo eles, \u00e9 natural que parlamentares busquem contrapartidas para seus estados e munic\u00edpios em vota\u00e7\u00f5es de temas dif\u00edceis.<\/p>\n<p>Angela Boldrini , Camila Mattoso e Ranier Bragon<\/p>\n","protected":false},"excerpt":{"rendered":"<p>Segundo l\u00edderes, valor foi oferecido por Onyx e eleva em 65% manejo do Or\u00e7amento por congressistas<\/p>\n","protected":false},"author":1,"featured_media":0,"comment_status":"closed","ping_status":"open","sticky":false,"template":"","format":"standard","meta":{"_exactmetrics_skip_tracking":false,"_exactmetrics_sitenote_active":false,"_exactmetrics_sitenote_note":"","_exactmetrics_sitenote_category":0,"jetpack_post_was_ever_published":false,"_jetpack_newsletter_access":"","_jetpack_dont_email_post_to_subs":false,"_jetpack_newsletter_tier_id":0,"_jetpack_memberships_contains_paywalled_content":false,"_jetpack_memberships_contains_paid_content":false,"footnotes":"","jetpack_publicize_message":"","jetpack_publicize_feature_enabled":true,"jetpack_social_post_already_shared":true,"jetpack_social_options":{"image_generator_settings":{"template":"highway","enabled":false},"version":2}},"categories":[1],"tags":[],"class_list":["post-21376","post","type-post","status-publish","format-standard","hentry","category-notas"],"jetpack_publicize_connections":[],"jetpack_sharing_enabled":true,"jetpack_featured_media_url":"","jetpack_shortlink":"https:\/\/wp.me\/p7wKYW-5yM","jetpack-related-posts":[],"_links":{"self":[{"href":"http:\/\/blogdalucianaoliveira.com.br\/blog\/wp-json\/wp\/v2\/posts\/21376","targetHints":{"allow":["GET"]}}],"collection":[{"href":"http:\/\/blogdalucianaoliveira.com.br\/blog\/wp-json\/wp\/v2\/posts"}],"about":[{"href":"http:\/\/blogdalucianaoliveira.com.br\/blog\/wp-json\/wp\/v2\/types\/post"}],"author":[{"embeddable":true,"href":"http:\/\/blogdalucianaoliveira.com.br\/blog\/wp-json\/wp\/v2\/users\/1"}],"replies":[{"embeddable":true,"href":"http:\/\/blogdalucianaoliveira.com.br\/blog\/wp-json\/wp\/v2\/comments?post=21376"}],"version-history":[{"count":1,"href":"http:\/\/blogdalucianaoliveira.com.br\/blog\/wp-json\/wp\/v2\/posts\/21376\/revisions"}],"predecessor-version":[{"id":21378,"href":"http:\/\/blogdalucianaoliveira.com.br\/blog\/wp-json\/wp\/v2\/posts\/21376\/revisions\/21378"}],"wp:attachment":[{"href":"http:\/\/blogdalucianaoliveira.com.br\/blog\/wp-json\/wp\/v2\/media?parent=21376"}],"wp:term":[{"taxonomy":"category","embeddable":true,"href":"http:\/\/blogdalucianaoliveira.com.br\/blog\/wp-json\/wp\/v2\/categories?post=21376"},{"taxonomy":"post_tag","embeddable":true,"href":"http:\/\/blogdalucianaoliveira.com.br\/blog\/wp-json\/wp\/v2\/tags?post=21376"}],"curies":[{"name":"wp","href":"https:\/\/api.w.org\/{rel}","templated":true}]}}