{"id":21382,"date":"2019-04-24T13:21:25","date_gmt":"2019-04-24T17:21:25","guid":{"rendered":"http:\/\/blogdalucianaoliveira.com.br\/blog\/?p=21382"},"modified":"2019-04-24T13:21:25","modified_gmt":"2019-04-24T17:21:25","slug":"rondonia-esta-presente-em-ato-nacional-em-defesa-dos-povos-indigenas","status":"publish","type":"post","link":"http:\/\/blogdalucianaoliveira.com.br\/blog\/2019\/04\/24\/rondonia-esta-presente-em-ato-nacional-em-defesa-dos-povos-indigenas\/","title":{"rendered":"Rond\u00f4nia est\u00e1 presente em ato nacional em defesa dos Povos Ind\u00edgenas"},"content":{"rendered":"<p><img data-recalc-dims=\"1\" loading=\"lazy\" decoding=\"async\" data-attachment-id=\"21383\" data-permalink=\"http:\/\/blogdalucianaoliveira.com.br\/blog\/2019\/04\/24\/rondonia-esta-presente-em-ato-nacional-em-defesa-dos-povos-indigenas\/e2585b64-e0a6-453b-a7c5-44c548ed1ed9\/\" data-orig-file=\"https:\/\/i0.wp.com\/blogdalucianaoliveira.com.br\/blog\/wp-content\/uploads\/2019\/04\/E2585B64-E0A6-453B-A7C5-44C548ED1ED9.jpeg?fit=1280%2C1053\" data-orig-size=\"1280,1053\" data-comments-opened=\"0\" data-image-meta=\"{&quot;aperture&quot;:&quot;0&quot;,&quot;credit&quot;:&quot;&quot;,&quot;camera&quot;:&quot;&quot;,&quot;caption&quot;:&quot;&quot;,&quot;created_timestamp&quot;:&quot;0&quot;,&quot;copyright&quot;:&quot;&quot;,&quot;focal_length&quot;:&quot;0&quot;,&quot;iso&quot;:&quot;0&quot;,&quot;shutter_speed&quot;:&quot;0&quot;,&quot;title&quot;:&quot;&quot;,&quot;orientation&quot;:&quot;0&quot;}\" data-image-title=\"E2585B64-E0A6-453B-A7C5-44C548ED1ED9\" data-image-description=\"\" data-image-caption=\"\" data-medium-file=\"https:\/\/i0.wp.com\/blogdalucianaoliveira.com.br\/blog\/wp-content\/uploads\/2019\/04\/E2585B64-E0A6-453B-A7C5-44C548ED1ED9.jpeg?fit=300%2C247\" data-large-file=\"https:\/\/i0.wp.com\/blogdalucianaoliveira.com.br\/blog\/wp-content\/uploads\/2019\/04\/E2585B64-E0A6-453B-A7C5-44C548ED1ED9.jpeg?fit=600%2C493\" src=\"https:\/\/i0.wp.com\/blogdalucianaoliveira.com.br\/blog\/wp-content\/uploads\/2019\/04\/E2585B64-E0A6-453B-A7C5-44C548ED1ED9.jpeg?resize=600%2C494\" alt=\"E2585B64-E0A6-453B-A7C5-44C548ED1ED9\" width=\"600\" height=\"494\" class=\"alignnone size-full wp-image-21383\" srcset=\"https:\/\/i0.wp.com\/blogdalucianaoliveira.com.br\/blog\/wp-content\/uploads\/2019\/04\/E2585B64-E0A6-453B-A7C5-44C548ED1ED9.jpeg?w=1280 1280w, https:\/\/i0.wp.com\/blogdalucianaoliveira.com.br\/blog\/wp-content\/uploads\/2019\/04\/E2585B64-E0A6-453B-A7C5-44C548ED1ED9.jpeg?resize=300%2C247 300w, https:\/\/i0.wp.com\/blogdalucianaoliveira.com.br\/blog\/wp-content\/uploads\/2019\/04\/E2585B64-E0A6-453B-A7C5-44C548ED1ED9.jpeg?resize=768%2C632 768w, https:\/\/i0.wp.com\/blogdalucianaoliveira.com.br\/blog\/wp-content\/uploads\/2019\/04\/E2585B64-E0A6-453B-A7C5-44C548ED1ED9.jpeg?resize=1024%2C842 1024w, https:\/\/i0.wp.com\/blogdalucianaoliveira.com.br\/blog\/wp-content\/uploads\/2019\/04\/E2585B64-E0A6-453B-A7C5-44C548ED1ED9.jpeg?resize=365%2C300 365w, https:\/\/i0.wp.com\/blogdalucianaoliveira.com.br\/blog\/wp-content\/uploads\/2019\/04\/E2585B64-E0A6-453B-A7C5-44C548ED1ED9.jpeg?w=1200 1200w\" sizes=\"auto, (max-width: 600px) 100vw, 600px\" \/><\/p>\n<p>\u00c9 tenso o clima no Acampamento Terra Livre (ATL) que come\u00e7a nesta quarta-feira em Bras\u00edlia. <\/p>\n<p>O presidente Jair Bolsonaro chamou o acampamento de \u201cencontr\u00e3o de \u00edndios\u201d e autorizou o uso da For\u00e7a Nacional pelos pr\u00f3ximos 33 dias na regi\u00e3o da Pra\u00e7a dos Tr\u00eas Poderes e da Esplanada dos Minist\u00e9rios. <!--more--><\/p>\n<p>Representantes de 12 etnias de Rond\u00f4nia participam do evento que ocorre anualmente no m\u00eas de abril, h\u00e1 15 anos. <\/p>\n<p>At\u00e9 a pr\u00f3xima sexta-feira, a agenda \u00e9 intensa e inclui den\u00fancia de invas\u00f5es que aumentam por conta dos discursos de Bolsonaro contra os povos ind\u00edgenas. <\/p>\n<p>Confira: <\/p>\n<p>*23\/04 \u2013 TER\u00c7A-FEIRA*<\/p>\n<p>_manha\/tarde\/noite_<br \/>\n\u2013 Chegada das Caravanas ind\u00edgenas em Bras\u00edlia<br \/>\n\u2013 Incid\u00eancia na C\u00e2mara em vista da MP 870<\/p>\n<p>*24\/04 \u2013 QUARTA-FEIRA*<\/p>\n<p>_manh\u00e3_<br \/>\n\u2013 Encontro das delega\u00e7\u00f5es ind\u00edgenas<br \/>\n\u2013 Instala\u00e7\u00e3o do acampamento<\/p>\n<p>_tarde_<br \/>\n\u2013 Coletiva de imprensa<br \/>\n\u2013 Abertura do ATL<br \/>\n\u2013 Leitura do documento base<br \/>\n\u2013 Sauda\u00e7\u00f5es dos movimentos sociais nacionais e internacionais<br \/>\n\u2013 Marcha para o STF<\/p>\n<p>_noite_<br \/>\n\u2013 Vig\u00edlia no STF (Cantos, dan\u00e7as e rituais)<\/p>\n<p>*25\/04 \u2013 QUINTA-FEIRA*<\/p>\n<p>_manh\u00e3_<br \/>\n\u2013 Audi\u00eancia p\u00fablica na C\u00e2mara dos Deputados: O papel dos povos ind\u00edgenas na prote\u00e7\u00e3o do meio ambiente e desenvolvimento sustent\u00e1vel e as consequ\u00eancias da MP 870\/19<br \/>\n\u2013 Cantos, dan\u00e7as e rituais<br \/>\n\u2013 Audi\u00eancia na C\u00e2mara Legislativa Distrital \u2013 Delega\u00e7\u00e3o<\/p>\n<p>_tarde_<br \/>\n\u2013 Acompanhar a Audi\u00eancia no STF \u2013 Delega\u00e7\u00e3o<br \/>\n\u2013 Plen\u00e1ria nacional das Mulheres ind\u00edgenas<br \/>\n\u2013 Plen\u00e1ria da Juventude e Comunicadores ind\u00edgenas<\/p>\n<p>_noite_<br \/>\n\u2013 Lan\u00e7amento de relat\u00f3rios<\/p>\n<p>*26\/04 \u2013 SEXTA-FEIRA*<\/p>\n<p>_manh\u00e3_<br \/>\n\u2013 Rituais ind\u00edgenas<br \/>\n\u2013 Marcha<\/p>\n<p>_tarde_<br \/>\n\u2013 Plen\u00e1ria de encerramento<br \/>\n\u2013 Aprova\u00e7\u00e3o da agenda de lutas<br \/>\n\u2013 Aprova\u00e7\u00e3o do documento final do ATL2019<\/p>\n<p>_noite_<br \/>\n\u2013 Encerramento com noite cultural, apresenta\u00e7\u00f5es ind\u00edgenas e n\u00e3o ind\u00edgenas<\/p>\n<p>*27\/04 S\u00c1BADO*<\/p>\n<p>\u2013 Retorno das delega\u00e7\u00f5es<\/p>\n","protected":false},"excerpt":{"rendered":"<p>\u00c9 tenso o clima no Acampamento Terra Livre (ATL) que come\u00e7a nesta quarta-feira em Bras\u00edlia. O presidente Jair Bolsonaro chamou o acampamento de \u201cencontr\u00e3o de \u00edndios\u201d e autorizou o uso da For\u00e7a Nacional pelos pr\u00f3ximos 33 dias na regi\u00e3o da Pra\u00e7a dos Tr\u00eas Poderes e da Esplanada dos Minist\u00e9rios.<\/p>\n","protected":false},"author":1,"featured_media":0,"comment_status":"closed","ping_status":"open","sticky":false,"template":"","format":"standard","meta":{"_exactmetrics_skip_tracking":false,"_exactmetrics_sitenote_active":false,"_exactmetrics_sitenote_note":"","_exactmetrics_sitenote_category":0,"jetpack_post_was_ever_published":false,"_jetpack_newsletter_access":"","_jetpack_dont_email_post_to_subs":false,"_jetpack_newsletter_tier_id":0,"_jetpack_memberships_contains_paywalled_content":false,"_jetpack_memberships_contains_paid_content":false,"footnotes":"","jetpack_publicize_message":"","jetpack_publicize_feature_enabled":true,"jetpack_social_post_already_shared":true,"jetpack_social_options":{"image_generator_settings":{"template":"highway","enabled":false},"version":2}},"categories":[1],"tags":[],"class_list":["post-21382","post","type-post","status-publish","format-standard","hentry","category-notas"],"jetpack_publicize_connections":[],"jetpack_sharing_enabled":true,"jetpack_featured_media_url":"","jetpack_shortlink":"https:\/\/wp.me\/p7wKYW-5yS","jetpack-related-posts":[],"_links":{"self":[{"href":"http:\/\/blogdalucianaoliveira.com.br\/blog\/wp-json\/wp\/v2\/posts\/21382","targetHints":{"allow":["GET"]}}],"collection":[{"href":"http:\/\/blogdalucianaoliveira.com.br\/blog\/wp-json\/wp\/v2\/posts"}],"about":[{"href":"http:\/\/blogdalucianaoliveira.com.br\/blog\/wp-json\/wp\/v2\/types\/post"}],"author":[{"embeddable":true,"href":"http:\/\/blogdalucianaoliveira.com.br\/blog\/wp-json\/wp\/v2\/users\/1"}],"replies":[{"embeddable":true,"href":"http:\/\/blogdalucianaoliveira.com.br\/blog\/wp-json\/wp\/v2\/comments?post=21382"}],"version-history":[{"count":1,"href":"http:\/\/blogdalucianaoliveira.com.br\/blog\/wp-json\/wp\/v2\/posts\/21382\/revisions"}],"predecessor-version":[{"id":21384,"href":"http:\/\/blogdalucianaoliveira.com.br\/blog\/wp-json\/wp\/v2\/posts\/21382\/revisions\/21384"}],"wp:attachment":[{"href":"http:\/\/blogdalucianaoliveira.com.br\/blog\/wp-json\/wp\/v2\/media?parent=21382"}],"wp:term":[{"taxonomy":"category","embeddable":true,"href":"http:\/\/blogdalucianaoliveira.com.br\/blog\/wp-json\/wp\/v2\/categories?post=21382"},{"taxonomy":"post_tag","embeddable":true,"href":"http:\/\/blogdalucianaoliveira.com.br\/blog\/wp-json\/wp\/v2\/tags?post=21382"}],"curies":[{"name":"wp","href":"https:\/\/api.w.org\/{rel}","templated":true}]}}