{"id":21385,"date":"2019-04-25T09:54:54","date_gmt":"2019-04-25T13:54:54","guid":{"rendered":"http:\/\/blogdalucianaoliveira.com.br\/blog\/?p=21385"},"modified":"2019-04-25T09:54:54","modified_gmt":"2019-04-25T13:54:54","slug":"centrais-convocam-trabalhadores-para-1o-de-maio-historico","status":"publish","type":"post","link":"http:\/\/blogdalucianaoliveira.com.br\/blog\/2019\/04\/25\/centrais-convocam-trabalhadores-para-1o-de-maio-historico\/","title":{"rendered":"Centrais convocam trabalhadores para 1\u00ba de maio hist\u00f3rico"},"content":{"rendered":"<p><img data-recalc-dims=\"1\" loading=\"lazy\" decoding=\"async\" data-attachment-id=\"21386\" data-permalink=\"http:\/\/blogdalucianaoliveira.com.br\/blog\/2019\/04\/25\/centrais-convocam-trabalhadores-para-1o-de-maio-historico\/centrais\/\" data-orig-file=\"https:\/\/i0.wp.com\/blogdalucianaoliveira.com.br\/blog\/wp-content\/uploads\/2019\/04\/centrais.png?fit=810%2C450\" data-orig-size=\"810,450\" data-comments-opened=\"0\" data-image-meta=\"{&quot;aperture&quot;:&quot;0&quot;,&quot;credit&quot;:&quot;&quot;,&quot;camera&quot;:&quot;&quot;,&quot;caption&quot;:&quot;&quot;,&quot;created_timestamp&quot;:&quot;0&quot;,&quot;copyright&quot;:&quot;&quot;,&quot;focal_length&quot;:&quot;0&quot;,&quot;iso&quot;:&quot;0&quot;,&quot;shutter_speed&quot;:&quot;0&quot;,&quot;title&quot;:&quot;&quot;,&quot;orientation&quot;:&quot;0&quot;}\" data-image-title=\"centrais\" data-image-description=\"\" data-image-caption=\"\" data-medium-file=\"https:\/\/i0.wp.com\/blogdalucianaoliveira.com.br\/blog\/wp-content\/uploads\/2019\/04\/centrais.png?fit=300%2C167\" data-large-file=\"https:\/\/i0.wp.com\/blogdalucianaoliveira.com.br\/blog\/wp-content\/uploads\/2019\/04\/centrais.png?fit=600%2C333\" src=\"https:\/\/i0.wp.com\/blogdalucianaoliveira.com.br\/blog\/wp-content\/uploads\/2019\/04\/centrais.png?resize=600%2C333\" alt=\"centrais\" width=\"600\" height=\"333\" class=\"alignnone size-full wp-image-21386\" srcset=\"https:\/\/i0.wp.com\/blogdalucianaoliveira.com.br\/blog\/wp-content\/uploads\/2019\/04\/centrais.png?w=810 810w, https:\/\/i0.wp.com\/blogdalucianaoliveira.com.br\/blog\/wp-content\/uploads\/2019\/04\/centrais.png?resize=300%2C167 300w, https:\/\/i0.wp.com\/blogdalucianaoliveira.com.br\/blog\/wp-content\/uploads\/2019\/04\/centrais.png?resize=768%2C427 768w, https:\/\/i0.wp.com\/blogdalucianaoliveira.com.br\/blog\/wp-content\/uploads\/2019\/04\/centrais.png?resize=540%2C300 540w\" sizes=\"auto, (max-width: 600px) 100vw, 600px\" \/><\/p>\n<p>No Blog Da Cidadania &#8211; Em resposta ao avan\u00e7o da tramita\u00e7\u00e3o da reforma da Previd\u00eancia do governo de Jair Bolsonaro (PSL) no Congresso Nacional, a CUT e demais centrais sindicais \u2013 For\u00e7a Sindical, CTB, Intersindical, CSP-Conlutas, Nova Central, CGTB, CSB e UGT -, al\u00e9m das frentes Brasil Popular e Povo Sem Medo, convocam os trabalhadores e trabalhadoras a ocuparem as ruas no 1\u00ba de maio em defesa da aposentadoria.<!--more--><\/p>\n<p>Nesta ter\u00e7a-feira (23), a Comiss\u00e3o de Constitui\u00e7\u00e3o e Justi\u00e7a (CCJ) da C\u00e2mara dos Deputados aprovou, por 49 votos a favor e 18 contra, o parecer do relator da reforma, deputado delegado Marcelo Freitas (PSL-MG). Os \u00fanicos que votam contra o fim do direito \u00e0 aposentadoria foram os deputados do PT, PC do B, Psol, PSB, Pros, PDT, Avante e Rede.<br \/>\nE, pela primeira vez na hist\u00f3ria, as centrais sindicais brasileiras se uniram em um ato unificado de 1\u00ba de maio, especialmente para lutar contra a reforma da Previd\u00eancia de Bolsonaro que acaba com o direito \u00e0 aposentadoria de milh\u00f5es de brasileiros e brasileiras.<\/p>\n<p>Durante o ato do Dia Internacional dos Trabalhadores, os sindicalistas v\u00e3o anunciar os pr\u00f3ximos passos da luta para impedir a aprova\u00e7\u00e3o da Proposta de Emenda \u00e0 Constitui\u00e7\u00e3o (PEC) n\u00ba 06\/2019, que trata das profundas mudan\u00e7as nas regras da aposentadoria.<\/p>\n<p>\u201cAs centrais est\u00e3o construindo a data da greve geral. Por isso, \u00e9 importante a realiza\u00e7\u00e3o de grandes atos do 1\u00ba de maio no Brasil inteiro\u201d, diz o Secret\u00e1rio-Geral da CUT, S\u00e9rgio Nobre.<\/p>\n<p>Ainda como parte da agenda de luta, explica S\u00e9rgio, as centrais sindicais j\u00e1 aprovaram a convoca\u00e7\u00e3o de um Dia Nacional de Luta no dia 15 de maio, quando ter\u00e1 in\u00edcio a greve geral dos professores e professoras.<\/p>\n<p>\u201cVamos demonstrar o nosso total apoio a greve dos professores que est\u00e1 sendo convocada para ocorrer em todo o Brasil a partir do dia 15 de maio. Ser\u00e1 uma paralisa\u00e7\u00e3o de extrema import\u00e2ncia para a constru\u00e7\u00e3o da greve geral da classe trabalhadora brasileira\u201d, afirma o Secret\u00e1rio-Geral da CUT, ressaltando que os dias 1\u00ba e 15 de maio s\u00e3o as prioridades da agenda do pr\u00f3ximo m\u00eas.<\/p>\n<p>O Secret\u00e1rio-Geral da CUT explica que, no 1\u00ba de maio, as centrais sindicais e os movimentos sociais ir\u00e3o denunciar o desmonte que o governo pretende fazer com a Previd\u00eancia p\u00fablica e solid\u00e1ria e dialogar com os trabalhadores e trabalhadoras sobre as consequ\u00eancias das privatiza\u00e7\u00f5es, do aumento do desemprego, da falta de uma pol\u00edtica econ\u00f4mica s\u00f3lida para o pa\u00eds e dos ataques ao direito de organiza\u00e7\u00e3o sindical.<\/p>\n<p>\u201cVamos esclarecer o que \u00e9 a nefasta reforma da Previd\u00eancia, mas tamb\u00e9m iremos conversar com os trabalhadores sobre as graves consequ\u00eancias das medidas adotadas pelo governo de Bolsonaro para economia, os direitos pol\u00edticos e individuais e para a soberania do Brasil\u201d, diz S\u00e9rgio.<\/p>\n<p>Em S\u00e3o Paulo, o 1\u00ba de maio Unificado ser\u00e1 no Vale do Anhangaba\u00fa, na regi\u00e3o central da capital paulista, e ter\u00e1 in\u00edcio \u00e0s 10h, com apresenta\u00e7\u00f5es art\u00edsticas e culturais. A tarde ser\u00e1 realizado o ato pol\u00edtico.<\/p>\n<p>Entre os artistas confirmados para se apresentarem est\u00e3o Leci Brand\u00e3o, Simone e Simaria, Paula Fernandes, Toninho Geraes, Mistura Popular, Maiara e Mara\u00edsa, Kell Smith, e J\u00falia e Rafaela.<\/p>\n<p>Do PT<\/p>\n","protected":false},"excerpt":{"rendered":"<p>No Blog Da Cidadania &#8211; Em resposta ao avan\u00e7o da tramita\u00e7\u00e3o da reforma da Previd\u00eancia do governo de Jair Bolsonaro (PSL) no Congresso Nacional, a CUT e demais centrais sindicais \u2013 For\u00e7a Sindical, CTB, Intersindical, CSP-Conlutas, Nova Central, CGTB, CSB e UGT -, al\u00e9m das frentes Brasil Popular e Povo Sem Medo, convocam os trabalhadores&#8230;<a class=\"more-link\" href=\"http:\/\/blogdalucianaoliveira.com.br\/blog\/2019\/04\/25\/centrais-convocam-trabalhadores-para-1o-de-maio-historico\/\">Continue a leitura <span class=\"meta-nav\">&raquo;<\/span><\/a><\/p>\n","protected":false},"author":1,"featured_media":0,"comment_status":"closed","ping_status":"open","sticky":false,"template":"","format":"standard","meta":{"_exactmetrics_skip_tracking":false,"_exactmetrics_sitenote_active":false,"_exactmetrics_sitenote_note":"","_exactmetrics_sitenote_category":0,"jetpack_post_was_ever_published":false,"_jetpack_newsletter_access":"","_jetpack_dont_email_post_to_subs":false,"_jetpack_newsletter_tier_id":0,"_jetpack_memberships_contains_paywalled_content":false,"_jetpack_memberships_contains_paid_content":false,"footnotes":"","jetpack_publicize_message":"","jetpack_publicize_feature_enabled":true,"jetpack_social_post_already_shared":true,"jetpack_social_options":{"image_generator_settings":{"template":"highway","enabled":false},"version":2}},"categories":[1],"tags":[],"class_list":["post-21385","post","type-post","status-publish","format-standard","hentry","category-notas"],"jetpack_publicize_connections":[],"jetpack_sharing_enabled":true,"jetpack_featured_media_url":"","jetpack_shortlink":"https:\/\/wp.me\/p7wKYW-5yV","jetpack-related-posts":[],"_links":{"self":[{"href":"http:\/\/blogdalucianaoliveira.com.br\/blog\/wp-json\/wp\/v2\/posts\/21385","targetHints":{"allow":["GET"]}}],"collection":[{"href":"http:\/\/blogdalucianaoliveira.com.br\/blog\/wp-json\/wp\/v2\/posts"}],"about":[{"href":"http:\/\/blogdalucianaoliveira.com.br\/blog\/wp-json\/wp\/v2\/types\/post"}],"author":[{"embeddable":true,"href":"http:\/\/blogdalucianaoliveira.com.br\/blog\/wp-json\/wp\/v2\/users\/1"}],"replies":[{"embeddable":true,"href":"http:\/\/blogdalucianaoliveira.com.br\/blog\/wp-json\/wp\/v2\/comments?post=21385"}],"version-history":[{"count":1,"href":"http:\/\/blogdalucianaoliveira.com.br\/blog\/wp-json\/wp\/v2\/posts\/21385\/revisions"}],"predecessor-version":[{"id":21387,"href":"http:\/\/blogdalucianaoliveira.com.br\/blog\/wp-json\/wp\/v2\/posts\/21385\/revisions\/21387"}],"wp:attachment":[{"href":"http:\/\/blogdalucianaoliveira.com.br\/blog\/wp-json\/wp\/v2\/media?parent=21385"}],"wp:term":[{"taxonomy":"category","embeddable":true,"href":"http:\/\/blogdalucianaoliveira.com.br\/blog\/wp-json\/wp\/v2\/categories?post=21385"},{"taxonomy":"post_tag","embeddable":true,"href":"http:\/\/blogdalucianaoliveira.com.br\/blog\/wp-json\/wp\/v2\/tags?post=21385"}],"curies":[{"name":"wp","href":"https:\/\/api.w.org\/{rel}","templated":true}]}}