{"id":21388,"date":"2019-04-25T10:01:30","date_gmt":"2019-04-25T14:01:30","guid":{"rendered":"http:\/\/blogdalucianaoliveira.com.br\/blog\/?p=21388"},"modified":"2019-04-25T10:01:30","modified_gmt":"2019-04-25T14:01:30","slug":"terapia-da-cura-gay-e-proibida-pelo-stf","status":"publish","type":"post","link":"http:\/\/blogdalucianaoliveira.com.br\/blog\/2019\/04\/25\/terapia-da-cura-gay-e-proibida-pelo-stf\/","title":{"rendered":"Terapia da \u201ccura gay\u201d \u00e9 proibida pelo STF"},"content":{"rendered":"<p><img data-recalc-dims=\"1\" loading=\"lazy\" decoding=\"async\" data-attachment-id=\"21389\" data-permalink=\"http:\/\/blogdalucianaoliveira.com.br\/blog\/2019\/04\/25\/terapia-da-cura-gay-e-proibida-pelo-stf\/cura-gay\/\" data-orig-file=\"https:\/\/i0.wp.com\/blogdalucianaoliveira.com.br\/blog\/wp-content\/uploads\/2019\/04\/cura-gay.png?fit=1196%2C720\" data-orig-size=\"1196,720\" data-comments-opened=\"0\" data-image-meta=\"{&quot;aperture&quot;:&quot;0&quot;,&quot;credit&quot;:&quot;&quot;,&quot;camera&quot;:&quot;&quot;,&quot;caption&quot;:&quot;&quot;,&quot;created_timestamp&quot;:&quot;0&quot;,&quot;copyright&quot;:&quot;&quot;,&quot;focal_length&quot;:&quot;0&quot;,&quot;iso&quot;:&quot;0&quot;,&quot;shutter_speed&quot;:&quot;0&quot;,&quot;title&quot;:&quot;&quot;,&quot;orientation&quot;:&quot;0&quot;}\" data-image-title=\"cura-gay\" data-image-description=\"\" data-image-caption=\"\" data-medium-file=\"https:\/\/i0.wp.com\/blogdalucianaoliveira.com.br\/blog\/wp-content\/uploads\/2019\/04\/cura-gay.png?fit=300%2C181\" data-large-file=\"https:\/\/i0.wp.com\/blogdalucianaoliveira.com.br\/blog\/wp-content\/uploads\/2019\/04\/cura-gay.png?fit=600%2C361\" class=\"alignnone size-full wp-image-21389\" src=\"https:\/\/i0.wp.com\/blogdalucianaoliveira.com.br\/blog\/wp-content\/uploads\/2019\/04\/cura-gay.png?resize=600%2C361\" alt=\"cura-gay\" width=\"600\" height=\"361\" srcset=\"https:\/\/i0.wp.com\/blogdalucianaoliveira.com.br\/blog\/wp-content\/uploads\/2019\/04\/cura-gay.png?w=1196 1196w, https:\/\/i0.wp.com\/blogdalucianaoliveira.com.br\/blog\/wp-content\/uploads\/2019\/04\/cura-gay.png?resize=300%2C181 300w, https:\/\/i0.wp.com\/blogdalucianaoliveira.com.br\/blog\/wp-content\/uploads\/2019\/04\/cura-gay.png?resize=768%2C462 768w, https:\/\/i0.wp.com\/blogdalucianaoliveira.com.br\/blog\/wp-content\/uploads\/2019\/04\/cura-gay.png?resize=1024%2C616 1024w, https:\/\/i0.wp.com\/blogdalucianaoliveira.com.br\/blog\/wp-content\/uploads\/2019\/04\/cura-gay.png?resize=498%2C300 498w\" sizes=\"auto, (max-width: 600px) 100vw, 600px\" \/><\/p>\n<p>Volta a valer o entendimento do Conselho Federal de Psicologia que pro\u00edbe psic\u00f3logos de oferecerem esses servi\u00e7os<!--more--><\/p>\n<p>Na Carta Capital<\/p>\n<p>A ministra do STF C\u00e1rmen L\u00facia concedeu uma liminar proibindo a terapia de revers\u00e3o sexual, popularmente conhecida como \u201ccura gay\u201d. A decis\u00e3o aconteceu no dia 9 de abril, mas s\u00f3 foi publicada nesta quarta-feira 24.<\/p>\n<p>Com a decis\u00e3o, volta a valer o entendimento do Conselho Federal de Psicologia que pro\u00edbe, desde 1999, psic\u00f3logos a oferecerem servi\u00e7os que proponham o tratamento da homossexualidade, considerando a sexualidade uma doen\u00e7a.<\/p>\n<p>Em 2018,\u00a0o juiz\u00a0federal Waldemar Claudio de Carvalho, da 14\u00aa Vara Federal no Distrito Federal, deu uma decis\u00e3o autorizando psic\u00f3logos a tratarem LGBTs como doentes, em terapias de revers\u00e3o sexual, contrariando o entendimento do Conselho de Psicologia.<\/p>\n<p><img data-recalc-dims=\"1\" loading=\"lazy\" decoding=\"async\" class=\"alignnone wp-image-70337 size-full\" src=\"https:\/\/i0.wp.com\/www.cartacapital.com.br\/wp-content\/uploads\/2019\/04\/img_797x4482018_10_16_19_30_02_33821.jpg?resize=600%2C397&#038;ssl=1\" sizes=\"auto, (max-width: 677px) 100vw, 677px\" srcset=\"https:\/\/www.cartacapital.com.br\/wp-content\/uploads\/2019\/04\/img_797x4482018_10_16_19_30_02_33821.jpg 677w, https:\/\/www.cartacapital.com.br\/wp-content\/uploads\/2019\/04\/img_797x4482018_10_16_19_30_02_33821-300x200.jpg 300w, https:\/\/www.cartacapital.com.br\/wp-content\/uploads\/2019\/04\/img_797x4482018_10_16_19_30_02_33821-128x86.jpg 128w\" alt=\"\" width=\"600\" height=\"397\" \/><\/p>\n<div id=\"D_interna_middle\" data-google-query-id=\"CKao2sCz6-ECFdRpwQoduZIGfA\"><\/div>\n<p>C\u00e1rmen L\u00facia anulou esse entendimento do juiz e defendeu que \u00e9 papel do STF julgar esse tipo de altera\u00e7\u00e3o.\u00a0\u201cNeste exame preliminar e prec\u00e1rio, pr\u00f3prio desta fase processual, parece haver usurpa\u00e7\u00e3o da compet\u00eancia deste Supremo Tribunal prevista no artigo 102 da Constitui\u00e7\u00e3o a justificar a suspens\u00e3o da tramita\u00e7\u00e3o da A\u00e7\u00e3o Popular\u201d, disse a ministra.<\/p>\n<p>Em nota, o presidente do Conselho, Rog\u00e9rio Giannini, comemorou.\u00a0\u201cDecis\u00e3o muito acertada e bem-vinda. Parabenizo todas e todos que defendem a sociedade e a psicologia brasileira\u201d, disse.<\/p>\n<div id=\"sc-t28samg\" data-smartplay-instance-id=\"0\">\n<div id=\"sc-t28samg-backdrop\">\u00a0A Organiza\u00e7\u00e3o Mundial de Sa\u00fade (OMS) deixou de classificar a homossexualidade como doen\u00e7a e a retirou da Classifica\u00e7\u00e3o Internacional de Doen\u00e7as (CID).<\/div>\n<\/div>\n<p>&nbsp;<\/p>\n","protected":false},"excerpt":{"rendered":"<p>Volta a valer o entendimento do Conselho Federal de Psicologia que pro\u00edbe psic\u00f3logos de oferecerem esses servi\u00e7os<\/p>\n","protected":false},"author":1,"featured_media":0,"comment_status":"closed","ping_status":"open","sticky":false,"template":"","format":"standard","meta":{"_exactmetrics_skip_tracking":false,"_exactmetrics_sitenote_active":false,"_exactmetrics_sitenote_note":"","_exactmetrics_sitenote_category":0,"jetpack_post_was_ever_published":false,"_jetpack_newsletter_access":"","_jetpack_dont_email_post_to_subs":false,"_jetpack_newsletter_tier_id":0,"_jetpack_memberships_contains_paywalled_content":false,"_jetpack_memberships_contains_paid_content":false,"footnotes":"","jetpack_publicize_message":"","jetpack_publicize_feature_enabled":true,"jetpack_social_post_already_shared":true,"jetpack_social_options":{"image_generator_settings":{"template":"highway","enabled":false},"version":2}},"categories":[1],"tags":[],"class_list":["post-21388","post","type-post","status-publish","format-standard","hentry","category-notas"],"jetpack_publicize_connections":[],"jetpack_sharing_enabled":true,"jetpack_featured_media_url":"","jetpack_shortlink":"https:\/\/wp.me\/p7wKYW-5yY","jetpack-related-posts":[],"_links":{"self":[{"href":"http:\/\/blogdalucianaoliveira.com.br\/blog\/wp-json\/wp\/v2\/posts\/21388","targetHints":{"allow":["GET"]}}],"collection":[{"href":"http:\/\/blogdalucianaoliveira.com.br\/blog\/wp-json\/wp\/v2\/posts"}],"about":[{"href":"http:\/\/blogdalucianaoliveira.com.br\/blog\/wp-json\/wp\/v2\/types\/post"}],"author":[{"embeddable":true,"href":"http:\/\/blogdalucianaoliveira.com.br\/blog\/wp-json\/wp\/v2\/users\/1"}],"replies":[{"embeddable":true,"href":"http:\/\/blogdalucianaoliveira.com.br\/blog\/wp-json\/wp\/v2\/comments?post=21388"}],"version-history":[{"count":1,"href":"http:\/\/blogdalucianaoliveira.com.br\/blog\/wp-json\/wp\/v2\/posts\/21388\/revisions"}],"predecessor-version":[{"id":21390,"href":"http:\/\/blogdalucianaoliveira.com.br\/blog\/wp-json\/wp\/v2\/posts\/21388\/revisions\/21390"}],"wp:attachment":[{"href":"http:\/\/blogdalucianaoliveira.com.br\/blog\/wp-json\/wp\/v2\/media?parent=21388"}],"wp:term":[{"taxonomy":"category","embeddable":true,"href":"http:\/\/blogdalucianaoliveira.com.br\/blog\/wp-json\/wp\/v2\/categories?post=21388"},{"taxonomy":"post_tag","embeddable":true,"href":"http:\/\/blogdalucianaoliveira.com.br\/blog\/wp-json\/wp\/v2\/tags?post=21388"}],"curies":[{"name":"wp","href":"https:\/\/api.w.org\/{rel}","templated":true}]}}