{"id":21391,"date":"2019-04-25T10:09:18","date_gmt":"2019-04-25T14:09:18","guid":{"rendered":"http:\/\/blogdalucianaoliveira.com.br\/blog\/?p=21391"},"modified":"2019-04-25T10:10:42","modified_gmt":"2019-04-25T14:10:42","slug":"as-caras-do-acampamento-indigena-em-brasilia","status":"publish","type":"post","link":"http:\/\/blogdalucianaoliveira.com.br\/blog\/2019\/04\/25\/as-caras-do-acampamento-indigena-em-brasilia\/","title":{"rendered":"As caras do acampamento ind\u00edgena em Bras\u00edlia"},"content":{"rendered":"<p><img data-recalc-dims=\"1\" loading=\"lazy\" decoding=\"async\" data-attachment-id=\"21392\" data-permalink=\"http:\/\/blogdalucianaoliveira.com.br\/blog\/2019\/04\/25\/as-caras-do-acampamento-indigena-em-brasilia\/terras\/\" data-orig-file=\"https:\/\/i0.wp.com\/blogdalucianaoliveira.com.br\/blog\/wp-content\/uploads\/2019\/04\/terras.jpg?fit=680%2C453\" data-orig-size=\"680,453\" data-comments-opened=\"0\" data-image-meta=\"{&quot;aperture&quot;:&quot;0&quot;,&quot;credit&quot;:&quot;&quot;,&quot;camera&quot;:&quot;&quot;,&quot;caption&quot;:&quot;&quot;,&quot;created_timestamp&quot;:&quot;0&quot;,&quot;copyright&quot;:&quot;&quot;,&quot;focal_length&quot;:&quot;0&quot;,&quot;iso&quot;:&quot;0&quot;,&quot;shutter_speed&quot;:&quot;0&quot;,&quot;title&quot;:&quot;&quot;,&quot;orientation&quot;:&quot;0&quot;}\" data-image-title=\"terras\" data-image-description=\"\" data-image-caption=\"\" data-medium-file=\"https:\/\/i0.wp.com\/blogdalucianaoliveira.com.br\/blog\/wp-content\/uploads\/2019\/04\/terras.jpg?fit=300%2C200\" data-large-file=\"https:\/\/i0.wp.com\/blogdalucianaoliveira.com.br\/blog\/wp-content\/uploads\/2019\/04\/terras.jpg?fit=600%2C400\" class=\"alignnone size-full wp-image-21392\" src=\"https:\/\/i0.wp.com\/blogdalucianaoliveira.com.br\/blog\/wp-content\/uploads\/2019\/04\/terras.jpg?resize=600%2C400\" alt=\"terras\" width=\"600\" height=\"400\" srcset=\"https:\/\/i0.wp.com\/blogdalucianaoliveira.com.br\/blog\/wp-content\/uploads\/2019\/04\/terras.jpg?w=680 680w, https:\/\/i0.wp.com\/blogdalucianaoliveira.com.br\/blog\/wp-content\/uploads\/2019\/04\/terras.jpg?resize=300%2C200 300w, https:\/\/i0.wp.com\/blogdalucianaoliveira.com.br\/blog\/wp-content\/uploads\/2019\/04\/terras.jpg?resize=450%2C300 450w\" sizes=\"auto, (max-width: 600px) 100vw, 600px\" \/><\/p>\n<p>El Pa\u00eds: Acampamento Terra Livre, que come\u00e7ou nesta quarta-feira, re\u00fane milhares de ind\u00edgenas de todo o pa\u00eds na capital federal<!--more--><\/p>\n<p>MARINA ROSSI<br \/>\nLUCAS LANDAU<\/p>\n<ul class=\"contenedor_fotos\">\n<ul class=\"contenedor_fotos\">\n<li id=\"id_gal_pasa_1\">\n<figure class=\"foto foto_w980\"><span class=\"fondo_img\"><img data-recalc-dims=\"1\" loading=\"lazy\" decoding=\"async\" id=\"foto_gal_1\" class=\"horizontal\" src=\"https:\/\/i0.wp.com\/ep00.epimg.net\/brasil\/imagenes\/2019\/04\/25\/album\/1556146174_880905_1556147040_album_normal.jpg?resize=600%2C400&#038;ssl=1\" alt=\"Evanilda Terena, 37, do Mato Grosso do Sul: &quot;Sou professora, pedagoga e coordenadora do movimento de mulheres ind\u00edgenas do Mato Grosso do Sul. Como mulher, posso dizer que a sa\u00fade \u00e9 a nossa pauta mais importante. As m\u00e3es ficam em casa, porque precisam cuidar dos filhos doentes. Por isso estamos aqui. S\u00f3 que com esse governo n\u00e3o tem conversa. Dizem que os terena t\u00eam mais coragem, mas n\u00e3o \u00e9 coragem, \u00e9 necessidade&quot;.\" width=\"600\" height=\"400\" \/><\/span><figcaption class=\"foto-pie\"><span class=\"foto-texto\">Evanilda Terena, 37, do Mato Grosso do Sul: &#8220;Sou professora, pedagoga e coordenadora do movimento de mulheres ind\u00edgenas do Mato Grosso do Sul. Como mulher, posso dizer que a sa\u00fade \u00e9 a nossa pauta mais importante. As m\u00e3es ficam em casa, porque precisam cuidar dos filhos doentes. Por isso estamos aqui. S\u00f3 que com esse governo n\u00e3o tem conversa. Dizem que os terena t\u00eam mais coragem, mas n\u00e3o \u00e9 coragem, \u00e9 necessidade&#8221;.<\/span><span class=\"foto-firma\"><span class=\"foto-autor\">LUCAS LANDAU<\/span><\/span><\/figcaption><\/figure>\n<figure class=\"foto foto_w980\"><img data-recalc-dims=\"1\" loading=\"lazy\" decoding=\"async\" data-attachment-id=\"21393\" data-permalink=\"http:\/\/blogdalucianaoliveira.com.br\/blog\/2019\/04\/25\/as-caras-do-acampamento-indigena-em-brasilia\/bota-2\/\" data-orig-file=\"https:\/\/i0.wp.com\/blogdalucianaoliveira.com.br\/blog\/wp-content\/uploads\/2019\/04\/bota.jpg?fit=980%2C653\" data-orig-size=\"980,653\" data-comments-opened=\"0\" data-image-meta=\"{&quot;aperture&quot;:&quot;0&quot;,&quot;credit&quot;:&quot;&quot;,&quot;camera&quot;:&quot;&quot;,&quot;caption&quot;:&quot;&quot;,&quot;created_timestamp&quot;:&quot;0&quot;,&quot;copyright&quot;:&quot;&quot;,&quot;focal_length&quot;:&quot;0&quot;,&quot;iso&quot;:&quot;0&quot;,&quot;shutter_speed&quot;:&quot;0&quot;,&quot;title&quot;:&quot;&quot;,&quot;orientation&quot;:&quot;0&quot;}\" data-image-title=\"bota\" data-image-description=\"\" data-image-caption=\"\" data-medium-file=\"https:\/\/i0.wp.com\/blogdalucianaoliveira.com.br\/blog\/wp-content\/uploads\/2019\/04\/bota.jpg?fit=300%2C200\" data-large-file=\"https:\/\/i0.wp.com\/blogdalucianaoliveira.com.br\/blog\/wp-content\/uploads\/2019\/04\/bota.jpg?fit=600%2C400\" class=\"alignnone size-full wp-image-21393\" src=\"https:\/\/i0.wp.com\/blogdalucianaoliveira.com.br\/blog\/wp-content\/uploads\/2019\/04\/bota.jpg?resize=600%2C400\" alt=\"bota\" width=\"600\" height=\"400\" srcset=\"https:\/\/i0.wp.com\/blogdalucianaoliveira.com.br\/blog\/wp-content\/uploads\/2019\/04\/bota.jpg?w=980 980w, https:\/\/i0.wp.com\/blogdalucianaoliveira.com.br\/blog\/wp-content\/uploads\/2019\/04\/bota.jpg?resize=300%2C200 300w, https:\/\/i0.wp.com\/blogdalucianaoliveira.com.br\/blog\/wp-content\/uploads\/2019\/04\/bota.jpg?resize=768%2C512 768w, https:\/\/i0.wp.com\/blogdalucianaoliveira.com.br\/blog\/wp-content\/uploads\/2019\/04\/bota.jpg?resize=450%2C300 450w\" sizes=\"auto, (max-width: 600px) 100vw, 600px\" \/><figcaption class=\"foto-pie\"><span class=\"foto-texto\">Bitat\u00e9 Uru Eu Wau Wau, 18, de Rond\u00f4nia: &#8220;Depois que esse presidente se elegeu, a nossa situa\u00e7\u00e3o que j\u00e1 era grave, ficou ainda pior. O enfraquecimento da Funai faz parte da estrat\u00e9gia&#8221;.<\/span><span class=\"foto-firma\"><span class=\"foto-autor\">LUCAS LANDAU<\/span><\/span><\/figcaption><\/figure>\n<\/li>\n<li id=\"id_gal_pasa_3\">\n<figure class=\"foto foto_w980\"><span class=\"fondo_img\"><img data-recalc-dims=\"1\" loading=\"lazy\" decoding=\"async\" id=\"foto_gal_3\" class=\"horizontal\" src=\"https:\/\/i0.wp.com\/ep00.epimg.net\/brasil\/imagenes\/2019\/04\/25\/album\/1556146174_880905_1556147041_album_normal.jpg?resize=600%2C400&#038;ssl=1\" alt=\"Janio Kaiow\u00e1, 22, do Mato Grosso do Sul: &quot;A gente sempre vai defender o que \u00e9 nosso. E sem territ\u00f3rio, n\u00e3o tem sa\u00fade, n\u00e3o tem educa\u00e7\u00e3o. Acho que esse governo est\u00e1 sendo muito radical, mas n\u00f3s n\u00e3o vamos desistir de lutar&quot;.\" width=\"600\" height=\"400\" \/><\/span><figcaption class=\"foto-pie\"><span class=\"foto-texto\">Janio Kaiow\u00e1, 22, do Mato Grosso do Sul: &#8220;A gente sempre vai defender o que \u00e9 nosso. E sem territ\u00f3rio, n\u00e3o tem sa\u00fade, n\u00e3o tem educa\u00e7\u00e3o. Acho que esse governo est\u00e1 sendo muito radical, mas n\u00f3s n\u00e3o vamos desistir de lutar&#8221;.<\/span><\/figcaption><\/figure>\n<\/li>\n<\/ul>\n<\/ul>\n<div id=\"elpais_gpt-MPU1\" class=\"publi_luto_vertical\" data-google-query-id=\"CKiMk5q06-ECFcJgwQodvxYK9Q\">\n<div id=\"articulo-galeria\" class=\"articulo-galeria\">\n<div class=\"articulo-galeria__interior\">\n<div class=\"articulo-galeria-listado\">\n<ul class=\"contenedor_fotos\">\n<ul class=\"contenedor_fotos\">\n<li id=\"id_gal_pasa_4\">\n<figure class=\"foto foto_w980\"><span class=\"fondo_img\"><img data-recalc-dims=\"1\" loading=\"lazy\" decoding=\"async\" id=\"foto_gal_4\" class=\"horizontal\" src=\"https:\/\/i0.wp.com\/ep00.epimg.net\/brasil\/imagenes\/2019\/04\/25\/album\/1556146174_880905_1556147036_album_normal.jpg?resize=600%2C400&#038;ssl=1\" alt=\"Apu\u00e3 Patax\u00f3, 24, do Maranh\u00e3o: &quot;Viemos protestar por muitas raz\u00f5es. At\u00e9 a reforma da Previd\u00eancia vai interferir nas nossas vidas. Para mim, \u00e9 uma vergonha falar que dia 19 de abril \u00e9 dia do \u00edndio. Somos \u00edndios 24 horas por dia&quot;. Apu\u00e3 vive no Maranh\u00e3o.\" width=\"600\" height=\"400\" \/><\/span><figcaption class=\"foto-pie\"><span class=\"foto-texto\">Apu\u00e3 Patax\u00f3, 24, do Maranh\u00e3o: &#8220;Viemos protestar por muitas raz\u00f5es. At\u00e9 a reforma da Previd\u00eancia vai interferir nas nossas vidas. Para mim, \u00e9 uma vergonha falar que dia 19 de abril \u00e9 dia do \u00edndio. Somos \u00edndios 24 horas por dia&#8221;. Apu\u00e3 vive no Maranh\u00e3o.<\/span><span class=\"foto-firma\"><span class=\"foto-autor\">LUCAS LANDAU<\/span><\/span><\/figcaption><\/figure>\n<\/li>\n<li id=\"id_gal_pasa_5\">\n<figure class=\"foto foto_w980\"><span class=\"fondo_img\"><img data-recalc-dims=\"1\" loading=\"lazy\" decoding=\"async\" id=\"foto_gal_5\" class=\"horizontal\" src=\"https:\/\/i0.wp.com\/ep00.epimg.net\/brasil\/imagenes\/2019\/04\/25\/album\/1556146174_880905_1556147035_album_normal.jpg?resize=600%2C400&#038;ssl=1\" alt=\"Ananjara Terena, 28, do interior de S\u00e3o Paulo: &quot;As mulheres s\u00e3o esquecidas, dizem que a gente n\u00e3o pode participar das reuni\u00f5es, que temos que ficar em casa. Queremos discutir isso tamb\u00e9m&quot;.\" width=\"600\" height=\"400\" \/><\/span><figcaption class=\"foto-pie\"><span class=\"foto-texto\">Ananjara Terena, 28, do interior de S\u00e3o Paulo: &#8220;As mulheres s\u00e3o esquecidas, dizem que a gente n\u00e3o pode participar das reuni\u00f5es, que temos que ficar em casa. Queremos discutir isso tamb\u00e9m&#8221;.<\/span><span class=\"foto-firma\"><span class=\"foto-autor\">LUCAS LANDAU<\/span><\/span><\/figcaption><\/figure>\n<\/li>\n<li id=\"id_gal_pasa_6\">\n<figure class=\"foto foto_w980\"><span class=\"fondo_img\"><img data-recalc-dims=\"1\" loading=\"lazy\" decoding=\"async\" id=\"foto_gal_6\" class=\"horizontal\" src=\"https:\/\/i0.wp.com\/ep00.epimg.net\/brasil\/imagenes\/2019\/04\/25\/album\/1556146174_880905_1556147038_album_normal.jpg?resize=600%2C400&#038;ssl=1\" alt=\"Doto Takakire Kaiap\u00f3, 47, do Par\u00e1: &quot;Nossa presen\u00e7a aqui \u00e9 importante, porque os parentes [como um ind\u00edgena chama o outro] est\u00e3o precisando de ajuda. A nossa terra \u00e9 demarcada, mas a de muitos parentes n\u00e3o \u00e9. Vivem dizendo que '\u00e9 pouco \u00edndio para muita terra', mas s\u00e3o esses poucos \u00edndios que fazem o mundo respirar&quot;.\" width=\"600\" height=\"400\" \/><\/span><figcaption class=\"foto-pie\"><span class=\"foto-texto\">Doto Takakire Kaiap\u00f3, 47, do Par\u00e1: &#8220;Nossa presen\u00e7a aqui \u00e9 importante, porque os parentes [como um ind\u00edgena chama o outro] est\u00e3o precisando de ajuda. A nossa terra \u00e9 demarcada, mas a de muitos parentes n\u00e3o \u00e9. Vivem dizendo que &#8216;\u00e9 pouco \u00edndio para muita terra&#8217;, mas s\u00e3o esses poucos \u00edndios que fazem o mundo respirar&#8221;.<\/span><span class=\"foto-firma\"><span class=\"foto-autor\">LUCAS LANDAU<\/span><\/span><\/figcaption><\/figure>\n<\/li>\n<\/ul>\n<\/ul>\n<div id=\"elpais_gpt-MPU2\" class=\"publi_luto_vertical\" data-google-query-id=\"CKqMk5q06-ECFcJgwQodvxYK9Q\"><\/div>\n<ul class=\"contenedor_fotos\">\n<ul class=\"contenedor_fotos\">\n<li id=\"id_gal_pasa_7\">\n<figure class=\"foto foto_w980\"><span class=\"fondo_img\"><img data-recalc-dims=\"1\" loading=\"lazy\" decoding=\"async\" id=\"foto_gal_7\" class=\"horizontal\" src=\"https:\/\/i0.wp.com\/ep00.epimg.net\/brasil\/imagenes\/2019\/04\/25\/album\/1556146174_880905_1556147039_album_normal.jpg?resize=600%2C400&#038;ssl=1\" alt=\"Ednaldo do Nascimento Pankararu, 29, de Pernambuco: &quot;Querem acabar com a [Secretaria da] sa\u00fade ind\u00edgena e transferir para o munic\u00edpio. Mas a cidade n\u00e3o d\u00e1 conta nem de quem mora l\u00e1. Como vamos fazer? Se acabarem mesmo [com a Sesai], vai ser como nadar e morrer no seco, porque esse \u00e9 um direito que n\u00f3s j\u00e1 conquistamos&quot;.\" width=\"600\" height=\"400\" \/><\/span><figcaption class=\"foto-pie\"><span class=\"foto-texto\">Ednaldo do Nascimento Pankararu, 29, de Pernambuco: &#8220;Querem acabar com a [Secretaria da] sa\u00fade ind\u00edgena e transferir para o munic\u00edpio. Mas a cidade n\u00e3o d\u00e1 conta nem de quem mora l\u00e1. Como vamos fazer? Se acabarem mesmo [com a Sesai], vai ser como nadar e morrer no seco, porque esse \u00e9 um direito que n\u00f3s j\u00e1 conquistamos&#8221;.<\/span><span class=\"foto-firma\"><span class=\"foto-autor\">LUCAS LANDAU<\/span><\/span><\/figcaption><\/figure>\n<\/li>\n<li id=\"id_gal_pasa_8\">\n<figure class=\"foto foto_w980\"><span class=\"fondo_img\"><img data-recalc-dims=\"1\" loading=\"lazy\" decoding=\"async\" id=\"foto_gal_8\" class=\"horizontal\" src=\"https:\/\/i0.wp.com\/ep00.epimg.net\/brasil\/imagenes\/2019\/04\/25\/album\/1556146174_880905_1556147042_album_normal.jpg?resize=600%2C400&#038;ssl=1\" alt=\"Ro'otsitsina Xavante, 34, do Mato Grosso: &quot;A press\u00e3o do agroneg\u00f3cio contra as nossas terras j\u00e1 era grande, mas agora tem sido maior. O governo adotou uma estrat\u00e9gia de mapear quem s\u00e3o os \u00edndios que pensam como ele, atraiu esses \u00edndios e agora dividiu a gente. Existem povos que t\u00eam uma expectativa com a monocultura, as grandes planta\u00e7\u00f5es, com uso de maquin\u00e1rio pesado. E o que antes era n\u00f3s, povos ind\u00edgenas contra o governo, agora \u00e9 uma parte de n\u00f3s contra eles&quot;.\" width=\"600\" height=\"400\" \/><\/span><figcaption class=\"foto-pie\"><span class=\"foto-texto\">Ro&#8217;otsitsina Xavante, 34, do Mato Grosso: &#8220;A press\u00e3o do agroneg\u00f3cio contra as nossas terras j\u00e1 era grande, mas agora tem sido maior. O governo adotou uma estrat\u00e9gia de mapear quem s\u00e3o os \u00edndios que pensam como ele, atraiu esses \u00edndios e agora dividiu a gente. Existem povos que t\u00eam uma expectativa com a monocultura, as grandes planta\u00e7\u00f5es, com uso de maquin\u00e1rio pesado. E o que antes era n\u00f3s, povos ind\u00edgenas contra o governo, agora \u00e9 uma parte de n\u00f3s contra eles&#8221;.<\/span><span class=\"foto-firma\"><span class=\"foto-autor\">LUCAS LANDAU<\/span><\/span><\/figcaption><\/figure>\n<\/li>\n<li id=\"id_gal_pasa_9\">\n<figure class=\"foto foto_w980\"><span class=\"fondo_img\"><img data-recalc-dims=\"1\" loading=\"lazy\" decoding=\"async\" id=\"foto_gal_9\" class=\"horizontal\" src=\"https:\/\/i0.wp.com\/ep00.epimg.net\/brasil\/imagenes\/2019\/04\/25\/album\/1556146174_880905_1556147043_album_normal.jpg?resize=600%2C400&#038;ssl=1\" alt=\"Txaywnhi Patax\u00f3, 16, da Bahia: &quot;Viemos com muitas reivindica\u00e7\u00f5es&quot;. &quot;Nosso territ\u00f3rio n\u00e3o \u00e9 demarcado, ent\u00e3o estamos sem seguran\u00e7a&quot;, explicou o cacique Piki Patax\u00f3, 58. &quot;Sabemos que com esse governo vamos sofrer por quatro anos. Mas vamos lutar at\u00e9 o fim&quot;.\" width=\"600\" height=\"400\" \/><\/span><figcaption class=\"foto-pie\"><span class=\"foto-texto\">Txaywnhi Patax\u00f3, 16, da Bahia: &#8220;Viemos com muitas reivindica\u00e7\u00f5es&#8221;. &#8220;Nosso territ\u00f3rio n\u00e3o \u00e9 demarcado, ent\u00e3o estamos sem seguran\u00e7a&#8221;, explicou o cacique Piki Patax\u00f3, 58. &#8220;Sabemos que com esse governo vamos sofrer por quatro anos. Mas vamos lutar at\u00e9 o fim&#8221;.<\/span><span class=\"foto-firma\"><span class=\"foto-autor\">LUCAS LANDAU<\/span><\/span><\/figcaption><\/figure>\n<\/li>\n<\/ul>\n<\/ul>\n<div id=\"elpais_gpt-MPU3\" class=\"publi_luto_vertical\" data-google-query-id=\"CI71j5q06-ECFcJgwQodvxYK9Q\"><\/div>\n<ul id=\"contenedor_fotos\" class=\"contenedor_fotos\">\n<li id=\"id_gal_pasa_10\">\n<figure class=\"foto foto_w980\"><span class=\"fondo_img\"><img data-recalc-dims=\"1\" loading=\"lazy\" decoding=\"async\" id=\"foto_gal_10\" class=\"horizontal\" src=\"https:\/\/i0.wp.com\/ep00.epimg.net\/brasil\/imagenes\/2019\/04\/25\/album\/1556146174_880905_1556147044_album_normal.jpg?resize=600%2C400&#038;ssl=1\" alt=\"Valdirene Krah\u00f4, 40, do Tocantins: &quot;Precisamos de agentes de sa\u00fade e professores. E toda vez que reivindicamos, sempre dizem que 'a coisa l\u00e1 \u00e9 dif\u00edcil [se referindo ao Governo Federal]', ent\u00e3o viemos aqui para Bras\u00edlia, para pedir mais de perto&quot;.\" width=\"600\" height=\"400\" \/><\/span><figcaption class=\"foto-pie\"><span class=\"foto-texto\">Valdirene Krah\u00f4, 40, do Tocantins: &#8220;Precisamos de agentes de sa\u00fade e professores. E toda vez que reivindicamos, sempre dizem que &#8216;a coisa l\u00e1 \u00e9 dif\u00edcil [se referindo ao Governo Federal]&#8217;, ent\u00e3o viemos aqui para Bras\u00edlia, para pedir mais de perto&#8221;.<\/span><span class=\"foto-firma\"><span class=\"foto-autor\">LUCAS LANDAU<\/span><\/span><\/figcaption><\/figure>\n<\/li>\n<\/ul>\n<\/div>\n<\/div>\n<\/div>\n<div id=\"articulo_contenedor\" class=\"articulo__contenedor\"><\/div>\n<\/div>\n","protected":false},"excerpt":{"rendered":"<p>El Pa\u00eds: Acampamento Terra Livre, que come\u00e7ou nesta quarta-feira, re\u00fane milhares de ind\u00edgenas de todo o pa\u00eds na capital federal<\/p>\n","protected":false},"author":1,"featured_media":21393,"comment_status":"closed","ping_status":"open","sticky":false,"template":"","format":"standard","meta":{"_exactmetrics_skip_tracking":false,"_exactmetrics_sitenote_active":false,"_exactmetrics_sitenote_note":"","_exactmetrics_sitenote_category":0,"jetpack_post_was_ever_published":false,"_jetpack_newsletter_access":"","_jetpack_dont_email_post_to_subs":false,"_jetpack_newsletter_tier_id":0,"_jetpack_memberships_contains_paywalled_content":false,"_jetpack_memberships_contains_paid_content":false,"footnotes":"","jetpack_publicize_message":"","jetpack_publicize_feature_enabled":true,"jetpack_social_post_already_shared":true,"jetpack_social_options":{"image_generator_settings":{"template":"highway","enabled":false},"version":2}},"categories":[1],"tags":[],"class_list":["post-21391","post","type-post","status-publish","format-standard","has-post-thumbnail","hentry","category-notas"],"jetpack_publicize_connections":[],"jetpack_sharing_enabled":true,"jetpack_featured_media_url":"https:\/\/i0.wp.com\/blogdalucianaoliveira.com.br\/blog\/wp-content\/uploads\/2019\/04\/bota.jpg?fit=980%2C653","jetpack_shortlink":"https:\/\/wp.me\/p7wKYW-5z1","jetpack-related-posts":[],"_links":{"self":[{"href":"http:\/\/blogdalucianaoliveira.com.br\/blog\/wp-json\/wp\/v2\/posts\/21391","targetHints":{"allow":["GET"]}}],"collection":[{"href":"http:\/\/blogdalucianaoliveira.com.br\/blog\/wp-json\/wp\/v2\/posts"}],"about":[{"href":"http:\/\/blogdalucianaoliveira.com.br\/blog\/wp-json\/wp\/v2\/types\/post"}],"author":[{"embeddable":true,"href":"http:\/\/blogdalucianaoliveira.com.br\/blog\/wp-json\/wp\/v2\/users\/1"}],"replies":[{"embeddable":true,"href":"http:\/\/blogdalucianaoliveira.com.br\/blog\/wp-json\/wp\/v2\/comments?post=21391"}],"version-history":[{"count":2,"href":"http:\/\/blogdalucianaoliveira.com.br\/blog\/wp-json\/wp\/v2\/posts\/21391\/revisions"}],"predecessor-version":[{"id":21395,"href":"http:\/\/blogdalucianaoliveira.com.br\/blog\/wp-json\/wp\/v2\/posts\/21391\/revisions\/21395"}],"wp:featuredmedia":[{"embeddable":true,"href":"http:\/\/blogdalucianaoliveira.com.br\/blog\/wp-json\/wp\/v2\/media\/21393"}],"wp:attachment":[{"href":"http:\/\/blogdalucianaoliveira.com.br\/blog\/wp-json\/wp\/v2\/media?parent=21391"}],"wp:term":[{"taxonomy":"category","embeddable":true,"href":"http:\/\/blogdalucianaoliveira.com.br\/blog\/wp-json\/wp\/v2\/categories?post=21391"},{"taxonomy":"post_tag","embeddable":true,"href":"http:\/\/blogdalucianaoliveira.com.br\/blog\/wp-json\/wp\/v2\/tags?post=21391"}],"curies":[{"name":"wp","href":"https:\/\/api.w.org\/{rel}","templated":true}]}}