{"id":21408,"date":"2019-04-26T11:22:31","date_gmt":"2019-04-26T15:22:31","guid":{"rendered":"http:\/\/blogdalucianaoliveira.com.br\/blog\/?p=21408"},"modified":"2019-04-26T11:22:31","modified_gmt":"2019-04-26T15:22:31","slug":"apos-censura-a-comercial-do-bb-publicidade-de-estatais-tera-que-ter-aval-do-planalto","status":"publish","type":"post","link":"http:\/\/blogdalucianaoliveira.com.br\/blog\/2019\/04\/26\/apos-censura-a-comercial-do-bb-publicidade-de-estatais-tera-que-ter-aval-do-planalto\/","title":{"rendered":"AP\u00d3S CENSURA A COMERCIAL DO BB, PUBLICIDADE DE ESTATAIS TER\u00c1 QUE TER AVAL DO PLANALTO"},"content":{"rendered":"<p><img data-recalc-dims=\"1\" loading=\"lazy\" decoding=\"async\" data-attachment-id=\"21409\" data-permalink=\"http:\/\/blogdalucianaoliveira.com.br\/blog\/2019\/04\/26\/apos-censura-a-comercial-do-bb-publicidade-de-estatais-tera-que-ter-aval-do-planalto\/nojos\/\" data-orig-file=\"https:\/\/i0.wp.com\/blogdalucianaoliveira.com.br\/blog\/wp-content\/uploads\/2019\/04\/nojos.jpg?fit=1000%2C357\" data-orig-size=\"1000,357\" data-comments-opened=\"0\" data-image-meta=\"{&quot;aperture&quot;:&quot;0&quot;,&quot;credit&quot;:&quot;&quot;,&quot;camera&quot;:&quot;&quot;,&quot;caption&quot;:&quot;&quot;,&quot;created_timestamp&quot;:&quot;0&quot;,&quot;copyright&quot;:&quot;&quot;,&quot;focal_length&quot;:&quot;0&quot;,&quot;iso&quot;:&quot;0&quot;,&quot;shutter_speed&quot;:&quot;0&quot;,&quot;title&quot;:&quot;&quot;,&quot;orientation&quot;:&quot;0&quot;}\" data-image-title=\"nojos\" data-image-description=\"\" data-image-caption=\"\" data-medium-file=\"https:\/\/i0.wp.com\/blogdalucianaoliveira.com.br\/blog\/wp-content\/uploads\/2019\/04\/nojos.jpg?fit=300%2C107\" data-large-file=\"https:\/\/i0.wp.com\/blogdalucianaoliveira.com.br\/blog\/wp-content\/uploads\/2019\/04\/nojos.jpg?fit=600%2C214\" class=\"alignnone size-full wp-image-21409\" src=\"https:\/\/i0.wp.com\/blogdalucianaoliveira.com.br\/blog\/wp-content\/uploads\/2019\/04\/nojos.jpg?resize=600%2C214\" alt=\"nojos\" width=\"600\" height=\"214\" srcset=\"https:\/\/i0.wp.com\/blogdalucianaoliveira.com.br\/blog\/wp-content\/uploads\/2019\/04\/nojos.jpg?w=1000 1000w, https:\/\/i0.wp.com\/blogdalucianaoliveira.com.br\/blog\/wp-content\/uploads\/2019\/04\/nojos.jpg?resize=300%2C107 300w, https:\/\/i0.wp.com\/blogdalucianaoliveira.com.br\/blog\/wp-content\/uploads\/2019\/04\/nojos.jpg?resize=768%2C274 768w, https:\/\/i0.wp.com\/blogdalucianaoliveira.com.br\/blog\/wp-content\/uploads\/2019\/04\/nojos.jpg?resize=800%2C286 800w\" sizes=\"auto, (max-width: 600px) 100vw, 600px\" \/><\/p>\n<p><strong>247 &#8211;\u00a0<\/strong>Um dia ap\u00f3s o presidente Jair Bolsonaro vetar uma pe\u00e7a publicit\u00e1ria do Banco do Brasil destinada ao p\u00fablico jovem e que destacava a diversidade, o governo determinou que todas as ag\u00eancias de publicidade que prestam servi\u00e7os ao governo devem submeter as pe\u00e7as de propaganda ao crivo da Secretaria de Comunica\u00e7\u00e3o Social (Secom), que est\u00e1 sob o comando do ministro da Secretaria de Governo, general Santos Cruz. (Leia no\u00a0<a href=\"https:\/\/www.brasil247.com\/pt\/247\/midiatech\/391421\/Bolsonaro-veta-campanha-do-Banco-do-Brasil-com-negros-e-negras.htm\" target=\"_blank\"><strong>Brasil 247<\/strong><\/a>)<!--more--><\/p>\n<p>At\u00e9 a decis\u00e3o de submeter as pe\u00e7as \u00e0 uma esp\u00e9cie de censura pr\u00e9via, somente as propagandas institucionais precisavam do aval do Planalto. O veto \u00e0 pe\u00e7a do Banco do Brasil abriu uma nova crise, desta vez gerada pelo pr\u00f3prio governo, que resultou na demiss\u00e3o do diretor de Comunica\u00e7\u00e3o e Marketing da institui\u00e7\u00e3o financeira, Delano de Andrade, nesta quarta-feira (25).<\/p>\n<p>A pe\u00e7a vetada por Bolsonaro foi elaborada WMcCann, uma das tr\u00eas ag\u00eancias de publicidade respons\u00e1veis pela publicidade do Banco do Brasil, e teria custado cerca de R$ 17 milh\u00f5es.<\/p>\n<p>&nbsp;<\/p>\n","protected":false},"excerpt":{"rendered":"<p>247 &#8211;\u00a0Um dia ap\u00f3s o presidente Jair Bolsonaro vetar uma pe\u00e7a publicit\u00e1ria do Banco do Brasil destinada ao p\u00fablico jovem e que destacava a diversidade, o governo determinou que todas as ag\u00eancias de publicidade que prestam servi\u00e7os ao governo devem submeter as pe\u00e7as de propaganda ao crivo da Secretaria de Comunica\u00e7\u00e3o Social (Secom), que est\u00e1&#8230;<a class=\"more-link\" href=\"http:\/\/blogdalucianaoliveira.com.br\/blog\/2019\/04\/26\/apos-censura-a-comercial-do-bb-publicidade-de-estatais-tera-que-ter-aval-do-planalto\/\">Continue a leitura <span class=\"meta-nav\">&raquo;<\/span><\/a><\/p>\n","protected":false},"author":1,"featured_media":0,"comment_status":"closed","ping_status":"open","sticky":false,"template":"","format":"standard","meta":{"_exactmetrics_skip_tracking":false,"_exactmetrics_sitenote_active":false,"_exactmetrics_sitenote_note":"","_exactmetrics_sitenote_category":0,"jetpack_post_was_ever_published":false,"_jetpack_newsletter_access":"","_jetpack_dont_email_post_to_subs":false,"_jetpack_newsletter_tier_id":0,"_jetpack_memberships_contains_paywalled_content":false,"_jetpack_memberships_contains_paid_content":false,"footnotes":"","jetpack_publicize_message":"","jetpack_publicize_feature_enabled":true,"jetpack_social_post_already_shared":true,"jetpack_social_options":{"image_generator_settings":{"template":"highway","enabled":false},"version":2}},"categories":[1],"tags":[],"class_list":["post-21408","post","type-post","status-publish","format-standard","hentry","category-notas"],"jetpack_publicize_connections":[],"jetpack_sharing_enabled":true,"jetpack_featured_media_url":"","jetpack_shortlink":"https:\/\/wp.me\/p7wKYW-5zi","jetpack-related-posts":[],"_links":{"self":[{"href":"http:\/\/blogdalucianaoliveira.com.br\/blog\/wp-json\/wp\/v2\/posts\/21408","targetHints":{"allow":["GET"]}}],"collection":[{"href":"http:\/\/blogdalucianaoliveira.com.br\/blog\/wp-json\/wp\/v2\/posts"}],"about":[{"href":"http:\/\/blogdalucianaoliveira.com.br\/blog\/wp-json\/wp\/v2\/types\/post"}],"author":[{"embeddable":true,"href":"http:\/\/blogdalucianaoliveira.com.br\/blog\/wp-json\/wp\/v2\/users\/1"}],"replies":[{"embeddable":true,"href":"http:\/\/blogdalucianaoliveira.com.br\/blog\/wp-json\/wp\/v2\/comments?post=21408"}],"version-history":[{"count":1,"href":"http:\/\/blogdalucianaoliveira.com.br\/blog\/wp-json\/wp\/v2\/posts\/21408\/revisions"}],"predecessor-version":[{"id":21410,"href":"http:\/\/blogdalucianaoliveira.com.br\/blog\/wp-json\/wp\/v2\/posts\/21408\/revisions\/21410"}],"wp:attachment":[{"href":"http:\/\/blogdalucianaoliveira.com.br\/blog\/wp-json\/wp\/v2\/media?parent=21408"}],"wp:term":[{"taxonomy":"category","embeddable":true,"href":"http:\/\/blogdalucianaoliveira.com.br\/blog\/wp-json\/wp\/v2\/categories?post=21408"},{"taxonomy":"post_tag","embeddable":true,"href":"http:\/\/blogdalucianaoliveira.com.br\/blog\/wp-json\/wp\/v2\/tags?post=21408"}],"curies":[{"name":"wp","href":"https:\/\/api.w.org\/{rel}","templated":true}]}}