{"id":21414,"date":"2019-04-26T11:31:27","date_gmt":"2019-04-26T15:31:27","guid":{"rendered":"http:\/\/blogdalucianaoliveira.com.br\/blog\/?p=21414"},"modified":"2019-04-26T11:31:27","modified_gmt":"2019-04-26T15:31:27","slug":"o-comercial-do-bb-censurado-por-bolsonaro-era-o-melhor-possivel-assista","status":"publish","type":"post","link":"http:\/\/blogdalucianaoliveira.com.br\/blog\/2019\/04\/26\/o-comercial-do-bb-censurado-por-bolsonaro-era-o-melhor-possivel-assista\/","title":{"rendered":"O comercial do BB censurado por Bolsonaro era o melhor poss\u00edvel; assista"},"content":{"rendered":"<div class=\"conteudo-section\">\n<div class=\"container\">\n<div class=\"row\">\n<div class=\"col-sm-12\">\n<div class=\"conteudo-content\">\n<div class=\"destaque-interna\">\n<div class=\"video-news news-interna\">\n<div class=\"video-news-info\">\n<div class=\"container\">\n<p class=\"por\"><img data-recalc-dims=\"1\" loading=\"lazy\" decoding=\"async\" data-attachment-id=\"21415\" data-permalink=\"http:\/\/blogdalucianaoliveira.com.br\/blog\/2019\/04\/26\/o-comercial-do-bb-censurado-por-bolsonaro-era-o-melhor-possivel-assista\/gg\/\" data-orig-file=\"https:\/\/i0.wp.com\/blogdalucianaoliveira.com.br\/blog\/wp-content\/uploads\/2019\/04\/gg.jpeg?fit=1000%2C562\" data-orig-size=\"1000,562\" data-comments-opened=\"0\" data-image-meta=\"{&quot;aperture&quot;:&quot;0&quot;,&quot;credit&quot;:&quot;&quot;,&quot;camera&quot;:&quot;&quot;,&quot;caption&quot;:&quot;&quot;,&quot;created_timestamp&quot;:&quot;0&quot;,&quot;copyright&quot;:&quot;&quot;,&quot;focal_length&quot;:&quot;0&quot;,&quot;iso&quot;:&quot;0&quot;,&quot;shutter_speed&quot;:&quot;0&quot;,&quot;title&quot;:&quot;&quot;,&quot;orientation&quot;:&quot;0&quot;}\" data-image-title=\"gg\" data-image-description=\"\" data-image-caption=\"\" data-medium-file=\"https:\/\/i0.wp.com\/blogdalucianaoliveira.com.br\/blog\/wp-content\/uploads\/2019\/04\/gg.jpeg?fit=300%2C169\" data-large-file=\"https:\/\/i0.wp.com\/blogdalucianaoliveira.com.br\/blog\/wp-content\/uploads\/2019\/04\/gg.jpeg?fit=600%2C337\" class=\"alignnone size-full wp-image-21415\" src=\"https:\/\/i0.wp.com\/blogdalucianaoliveira.com.br\/blog\/wp-content\/uploads\/2019\/04\/gg.jpeg?resize=600%2C337\" alt=\"gg\" width=\"600\" height=\"337\" srcset=\"https:\/\/i0.wp.com\/blogdalucianaoliveira.com.br\/blog\/wp-content\/uploads\/2019\/04\/gg.jpeg?w=1000 1000w, https:\/\/i0.wp.com\/blogdalucianaoliveira.com.br\/blog\/wp-content\/uploads\/2019\/04\/gg.jpeg?resize=300%2C169 300w, https:\/\/i0.wp.com\/blogdalucianaoliveira.com.br\/blog\/wp-content\/uploads\/2019\/04\/gg.jpeg?resize=768%2C432 768w, https:\/\/i0.wp.com\/blogdalucianaoliveira.com.br\/blog\/wp-content\/uploads\/2019\/04\/gg.jpeg?resize=534%2C300 534w\" sizes=\"auto, (max-width: 600px) 100vw, 600px\" \/><\/p>\n<p class=\"por\">Hypeness &#8211; As prioridades do presidente da rep\u00fablica de um pa\u00eds que, segundo o IBGE tem\u00a013 milh\u00f5es de desempregados, continuam voltadas para a \u201cmoral e os bons costumes\u201d. Jair Bolsonaro segue agindo como se estivesse em \u00e9poca de campanha e busca de todas as formas agradar seu eleitorado conservador.<\/p>\n<\/div>\n<\/div>\n<\/div>\n<\/div>\n<p>O ex-capit\u00e3o, em fun\u00e7\u00e3o presidencial, vetou no dia 14 de abril um comercial do Banco do Brasil de 30 segundos, que estava no ar desde o in\u00edcio do m\u00eas. A pe\u00e7a era direcionada a um p\u00fablico jovem e ilustra a diversidade, quest\u00e3o que vem sendo cada vez mais pautada nas democracias pelo mundo. A veicula\u00e7\u00e3o desse tipo de propaganda \u00e9 uma estrat\u00e9gia corporativa de captar jovens para o banco, especialmente de grupos historicamente marginalizados \u2014 a pe\u00e7a traz jovens negros e uma atriz transexual.<!--more--><\/p>\n<p>Abaixo, o v\u00eddeo censurado pelo presidente da rep\u00fablica:<\/p>\n<div><\/div>\n<p><iframe loading=\"lazy\" src=\"https:\/\/www.youtube.com\/embed\/ZbErIqQdj20?feature=oembed\" width=\"500\" height=\"281\" frameborder=\"0\" allowfullscreen=\"allowfullscreen\" data-mce-fragment=\"1\"><\/iframe><\/p>\n<p>Al\u00e9m da publica\u00e7\u00e3o do v\u00eddeo, o presidente tamb\u00e9m interferiu no quadro de funcion\u00e1rios do Banco do Brasil. Por telefone, Bolsonaro solicitou que Rubem Novaes, presidente da institui\u00e7\u00e3o, demitisse o diretor de marketing da empresa, Delano Valentim.<\/p>\n<p>Segundo Novaes, a demiss\u00e3o foi \u201c<em>uma decis\u00e3o de consenso<\/em>\u201c.\u00a0\u00a0No entanto, de acordo com a\u00a0<a href=\"https:\/\/www1.folha.uol.com.br\/mercado\/2019\/04\/presidente-do-bb-atende-bolsonaro-demite-diretor-e-tira-do-ar-comercial-com-jovens-descolados.shtml\" target=\"_blank\" rel=\"noopener\">Folha de S\u00e3o Paulo<\/a>, pessoas que acompanharam a discuss\u00e3o afirmam que o presidente do Banco do Brasil n\u00e3o tinha visto a campanha at\u00e9 a liga\u00e7\u00e3o de Jair Bolsonaro.<\/p>\n<\/div>\n<\/div>\n<\/div>\n<\/div>\n<\/div>\n<p>&nbsp;<\/p>\n","protected":false},"excerpt":{"rendered":"<p>Hypeness &#8211; As prioridades do presidente da rep\u00fablica de um pa\u00eds que, segundo o IBGE tem\u00a013 milh\u00f5es de desempregados, continuam voltadas para a \u201cmoral e os bons costumes\u201d. Jair Bolsonaro segue agindo como se estivesse em \u00e9poca de campanha e busca de todas as formas agradar seu eleitorado conservador. O ex-capit\u00e3o, em fun\u00e7\u00e3o presidencial, vetou&#8230;<a class=\"more-link\" href=\"http:\/\/blogdalucianaoliveira.com.br\/blog\/2019\/04\/26\/o-comercial-do-bb-censurado-por-bolsonaro-era-o-melhor-possivel-assista\/\">Continue a leitura <span class=\"meta-nav\">&raquo;<\/span><\/a><\/p>\n","protected":false},"author":1,"featured_media":0,"comment_status":"closed","ping_status":"open","sticky":false,"template":"","format":"standard","meta":{"_exactmetrics_skip_tracking":false,"_exactmetrics_sitenote_active":false,"_exactmetrics_sitenote_note":"","_exactmetrics_sitenote_category":0,"jetpack_post_was_ever_published":false,"_jetpack_newsletter_access":"","_jetpack_dont_email_post_to_subs":false,"_jetpack_newsletter_tier_id":0,"_jetpack_memberships_contains_paywalled_content":false,"_jetpack_memberships_contains_paid_content":false,"footnotes":"","jetpack_publicize_message":"","jetpack_publicize_feature_enabled":true,"jetpack_social_post_already_shared":true,"jetpack_social_options":{"image_generator_settings":{"template":"highway","enabled":false},"version":2}},"categories":[1],"tags":[],"class_list":["post-21414","post","type-post","status-publish","format-standard","hentry","category-notas"],"jetpack_publicize_connections":[],"jetpack_sharing_enabled":true,"jetpack_featured_media_url":"","jetpack_shortlink":"https:\/\/wp.me\/p7wKYW-5zo","jetpack-related-posts":[],"_links":{"self":[{"href":"http:\/\/blogdalucianaoliveira.com.br\/blog\/wp-json\/wp\/v2\/posts\/21414","targetHints":{"allow":["GET"]}}],"collection":[{"href":"http:\/\/blogdalucianaoliveira.com.br\/blog\/wp-json\/wp\/v2\/posts"}],"about":[{"href":"http:\/\/blogdalucianaoliveira.com.br\/blog\/wp-json\/wp\/v2\/types\/post"}],"author":[{"embeddable":true,"href":"http:\/\/blogdalucianaoliveira.com.br\/blog\/wp-json\/wp\/v2\/users\/1"}],"replies":[{"embeddable":true,"href":"http:\/\/blogdalucianaoliveira.com.br\/blog\/wp-json\/wp\/v2\/comments?post=21414"}],"version-history":[{"count":1,"href":"http:\/\/blogdalucianaoliveira.com.br\/blog\/wp-json\/wp\/v2\/posts\/21414\/revisions"}],"predecessor-version":[{"id":21416,"href":"http:\/\/blogdalucianaoliveira.com.br\/blog\/wp-json\/wp\/v2\/posts\/21414\/revisions\/21416"}],"wp:attachment":[{"href":"http:\/\/blogdalucianaoliveira.com.br\/blog\/wp-json\/wp\/v2\/media?parent=21414"}],"wp:term":[{"taxonomy":"category","embeddable":true,"href":"http:\/\/blogdalucianaoliveira.com.br\/blog\/wp-json\/wp\/v2\/categories?post=21414"},{"taxonomy":"post_tag","embeddable":true,"href":"http:\/\/blogdalucianaoliveira.com.br\/blog\/wp-json\/wp\/v2\/tags?post=21414"}],"curies":[{"name":"wp","href":"https:\/\/api.w.org\/{rel}","templated":true}]}}