{"id":21417,"date":"2019-04-26T11:39:26","date_gmt":"2019-04-26T15:39:26","guid":{"rendered":"http:\/\/blogdalucianaoliveira.com.br\/blog\/?p=21417"},"modified":"2019-04-26T11:39:26","modified_gmt":"2019-04-26T15:39:26","slug":"apos-congelamento-de-precos-supermercados-da-argentina-alertam-para-desabastecimento","status":"publish","type":"post","link":"http:\/\/blogdalucianaoliveira.com.br\/blog\/2019\/04\/26\/apos-congelamento-de-precos-supermercados-da-argentina-alertam-para-desabastecimento\/","title":{"rendered":"Ap\u00f3s congelamento de pre\u00e7os, supermercados da Argentina alertam para desabastecimento"},"content":{"rendered":"<p><img data-recalc-dims=\"1\" loading=\"lazy\" decoding=\"async\" data-attachment-id=\"21418\" data-permalink=\"http:\/\/blogdalucianaoliveira.com.br\/blog\/2019\/04\/26\/apos-congelamento-de-precos-supermercados-da-argentina-alertam-para-desabastecimento\/macri-2\/\" data-orig-file=\"https:\/\/i0.wp.com\/blogdalucianaoliveira.com.br\/blog\/wp-content\/uploads\/2019\/04\/macri.jpg?fit=640%2C381\" data-orig-size=\"640,381\" data-comments-opened=\"0\" data-image-meta=\"{&quot;aperture&quot;:&quot;0&quot;,&quot;credit&quot;:&quot;&quot;,&quot;camera&quot;:&quot;&quot;,&quot;caption&quot;:&quot;&quot;,&quot;created_timestamp&quot;:&quot;0&quot;,&quot;copyright&quot;:&quot;&quot;,&quot;focal_length&quot;:&quot;0&quot;,&quot;iso&quot;:&quot;0&quot;,&quot;shutter_speed&quot;:&quot;0&quot;,&quot;title&quot;:&quot;&quot;,&quot;orientation&quot;:&quot;0&quot;}\" data-image-title=\"macri\" data-image-description=\"\" data-image-caption=\"\" data-medium-file=\"https:\/\/i0.wp.com\/blogdalucianaoliveira.com.br\/blog\/wp-content\/uploads\/2019\/04\/macri.jpg?fit=300%2C179\" data-large-file=\"https:\/\/i0.wp.com\/blogdalucianaoliveira.com.br\/blog\/wp-content\/uploads\/2019\/04\/macri.jpg?fit=600%2C357\" src=\"https:\/\/i0.wp.com\/blogdalucianaoliveira.com.br\/blog\/wp-content\/uploads\/2019\/04\/macri.jpg?resize=600%2C357\" alt=\"macri\" width=\"600\" height=\"357\" class=\"alignnone size-full wp-image-21418\" srcset=\"https:\/\/i0.wp.com\/blogdalucianaoliveira.com.br\/blog\/wp-content\/uploads\/2019\/04\/macri.jpg?w=640 640w, https:\/\/i0.wp.com\/blogdalucianaoliveira.com.br\/blog\/wp-content\/uploads\/2019\/04\/macri.jpg?resize=300%2C179 300w, https:\/\/i0.wp.com\/blogdalucianaoliveira.com.br\/blog\/wp-content\/uploads\/2019\/04\/macri.jpg?resize=504%2C300 504w\" sizes=\"auto, (max-width: 600px) 100vw, 600px\" \/><\/p>\n<p>A partir de segunda, podem come\u00e7ar a faltar produtos, diz associa\u00e7\u00e3o do setor; congelamentos foram anunciados por Macri<!--more--><\/p>\n<p>Reda\u00e7\u00e3o<br \/>\nOpera Mundi<\/p>\n<p>A Associa\u00e7\u00e3o de Supermercados Unidos da Argentina alertou nesta quarta-feira (24) para a possibilidade de desabastecimento de alguns produtos com pre\u00e7o congelado a partir da pr\u00f3xima semana. A fixa\u00e7\u00e3o dos pre\u00e7os foi decidida pelo presidente Mauricio Macri em uma tentativa de controlar a infla\u00e7\u00e3o do pa\u00eds no ano em que deve tentar a reelei\u00e7\u00e3o.<\/p>\n<p>\u201cTemos a expectativa de que, na segunda (29), estejam [nas prateleiras] os pre\u00e7os essenciais, sabemos que h\u00e1 produtos que est\u00e3o em fase de produ\u00e7\u00e3o. Sabemos que alguns est\u00e3o previstos para 7 de maio, mas se est\u00e1 fazendo todo o esfor\u00e7o para que esta segunda esteja completa a lista de Produtos Essenciais [nome oficial do programa de congelamento de pre\u00e7os]\u201d, afirmou Juan Vasco Mart\u00ednez, diretor-executivo da associa\u00e7\u00e3o, \u00e0 r\u00e1dio La Red.<\/p>\n<p>Mart\u00ednez disse que os supermercados tiveram uma participa\u00e7\u00e3o m\u00ednima na confec\u00e7\u00e3o da lista com os 64 produtos que tiveram os pre\u00e7os congelados.<\/p>\n<p>\u201cNo momento de publica\u00e7\u00e3o da lista, havia produtos em processo de produ\u00e7\u00e3o. Nossa participa\u00e7\u00e3o na elabora\u00e7\u00e3o da rela\u00e7\u00e3o foi somente pedir \u00e0 Secretaria de Com\u00e9rcio que se garantisse o abastecimento. A lista foi elaborada pela secretaria e pelos provedores. Para n\u00f3s, chegou a rela\u00e7\u00e3o com os pre\u00e7os de venda finais e nada mais\u201d, afirmou.<\/p>\n<p>O an\u00fancio do congelamento foi feito por Macri na semana passada. Em tr\u00eas meses a infla\u00e7\u00e3o no pa\u00eds chegou \u00e0 metade do esperado para o ano de 2019, acumulando 11,8%. Em mar\u00e7o, o \u00edndice foi de 4,7% &#8211; maior do que toda a infla\u00e7\u00e3o brasileira em 2018 (3,75%).<\/p>\n<p>Em 2018, a Argentina fechou o ano com a infla\u00e7\u00e3o em 54,7%, duas vezes mais do que o prometido pelo presidente durante a campanha eleitoral de 2015.<\/p>\n<p>De acordo com uma pesquisa divulgada em 29 de mar\u00e7o pelo Instituto Nacional de Censo e Estat\u00edstica (Indec), o n\u00famero de pessoas em situa\u00e7\u00e3o de pobreza na Argentina aumentou 6,3% no segundo semestre de 2018, cerca de 32% da popula\u00e7\u00e3o argentina \u00e9 pobre.<\/p>\n<p>Antes do pedido de empr\u00e9stimo de US$ 56,3 bilh\u00f5es de d\u00f3lares ao Fundo Monet\u00e1rio Internacional (FMI) e as pol\u00edticas econ\u00f4micas aplicadas pelo governo Macri, n\u00fameros indicam que a pobreza aumentou 4,7% em seis meses.<\/p>\n<p>Edi\u00e7\u00e3o: Opera Mundi<\/p>\n","protected":false},"excerpt":{"rendered":"<p>A partir de segunda, podem come\u00e7ar a faltar produtos, diz associa\u00e7\u00e3o do setor; congelamentos foram anunciados por Macri<\/p>\n","protected":false},"author":1,"featured_media":0,"comment_status":"closed","ping_status":"open","sticky":false,"template":"","format":"standard","meta":{"_exactmetrics_skip_tracking":false,"_exactmetrics_sitenote_active":false,"_exactmetrics_sitenote_note":"","_exactmetrics_sitenote_category":0,"jetpack_post_was_ever_published":false,"_jetpack_newsletter_access":"","_jetpack_dont_email_post_to_subs":false,"_jetpack_newsletter_tier_id":0,"_jetpack_memberships_contains_paywalled_content":false,"_jetpack_memberships_contains_paid_content":false,"footnotes":"","jetpack_publicize_message":"","jetpack_publicize_feature_enabled":true,"jetpack_social_post_already_shared":true,"jetpack_social_options":{"image_generator_settings":{"template":"highway","enabled":false},"version":2}},"categories":[1],"tags":[],"class_list":["post-21417","post","type-post","status-publish","format-standard","hentry","category-notas"],"jetpack_publicize_connections":[],"jetpack_sharing_enabled":true,"jetpack_featured_media_url":"","jetpack_shortlink":"https:\/\/wp.me\/p7wKYW-5zr","jetpack-related-posts":[],"_links":{"self":[{"href":"http:\/\/blogdalucianaoliveira.com.br\/blog\/wp-json\/wp\/v2\/posts\/21417","targetHints":{"allow":["GET"]}}],"collection":[{"href":"http:\/\/blogdalucianaoliveira.com.br\/blog\/wp-json\/wp\/v2\/posts"}],"about":[{"href":"http:\/\/blogdalucianaoliveira.com.br\/blog\/wp-json\/wp\/v2\/types\/post"}],"author":[{"embeddable":true,"href":"http:\/\/blogdalucianaoliveira.com.br\/blog\/wp-json\/wp\/v2\/users\/1"}],"replies":[{"embeddable":true,"href":"http:\/\/blogdalucianaoliveira.com.br\/blog\/wp-json\/wp\/v2\/comments?post=21417"}],"version-history":[{"count":1,"href":"http:\/\/blogdalucianaoliveira.com.br\/blog\/wp-json\/wp\/v2\/posts\/21417\/revisions"}],"predecessor-version":[{"id":21419,"href":"http:\/\/blogdalucianaoliveira.com.br\/blog\/wp-json\/wp\/v2\/posts\/21417\/revisions\/21419"}],"wp:attachment":[{"href":"http:\/\/blogdalucianaoliveira.com.br\/blog\/wp-json\/wp\/v2\/media?parent=21417"}],"wp:term":[{"taxonomy":"category","embeddable":true,"href":"http:\/\/blogdalucianaoliveira.com.br\/blog\/wp-json\/wp\/v2\/categories?post=21417"},{"taxonomy":"post_tag","embeddable":true,"href":"http:\/\/blogdalucianaoliveira.com.br\/blog\/wp-json\/wp\/v2\/tags?post=21417"}],"curies":[{"name":"wp","href":"https:\/\/api.w.org\/{rel}","templated":true}]}}