{"id":21420,"date":"2019-04-26T12:18:52","date_gmt":"2019-04-26T16:18:52","guid":{"rendered":"http:\/\/blogdalucianaoliveira.com.br\/blog\/?p=21420"},"modified":"2019-04-26T12:18:52","modified_gmt":"2019-04-26T16:18:52","slug":"marielle-vive-chapa-com-nome-de-vereadora-assassinada-no-rio-de-janeiro-vence-eleicao-em-faculdade-de-vilhena","status":"publish","type":"post","link":"http:\/\/blogdalucianaoliveira.com.br\/blog\/2019\/04\/26\/marielle-vive-chapa-com-nome-de-vereadora-assassinada-no-rio-de-janeiro-vence-eleicao-em-faculdade-de-vilhena\/","title":{"rendered":"\u201cMarielle Vive\u201d: chapa com nome de vereadora assassinada no Rio de Janeiro vence elei\u00e7\u00e3o em faculdade de Vilhena"},"content":{"rendered":"<p><img data-recalc-dims=\"1\" loading=\"lazy\" decoding=\"async\" data-attachment-id=\"21421\" data-permalink=\"http:\/\/blogdalucianaoliveira.com.br\/blog\/2019\/04\/26\/marielle-vive-chapa-com-nome-de-vereadora-assassinada-no-rio-de-janeiro-vence-eleicao-em-faculdade-de-vilhena\/pega-4\/\" data-orig-file=\"https:\/\/i0.wp.com\/blogdalucianaoliveira.com.br\/blog\/wp-content\/uploads\/2019\/04\/pega.jpeg?fit=824%2C600\" data-orig-size=\"824,600\" data-comments-opened=\"0\" data-image-meta=\"{&quot;aperture&quot;:&quot;0&quot;,&quot;credit&quot;:&quot;&quot;,&quot;camera&quot;:&quot;&quot;,&quot;caption&quot;:&quot;&quot;,&quot;created_timestamp&quot;:&quot;0&quot;,&quot;copyright&quot;:&quot;&quot;,&quot;focal_length&quot;:&quot;0&quot;,&quot;iso&quot;:&quot;0&quot;,&quot;shutter_speed&quot;:&quot;0&quot;,&quot;title&quot;:&quot;&quot;,&quot;orientation&quot;:&quot;0&quot;}\" data-image-title=\"pega\" data-image-description=\"\" data-image-caption=\"\" data-medium-file=\"https:\/\/i0.wp.com\/blogdalucianaoliveira.com.br\/blog\/wp-content\/uploads\/2019\/04\/pega.jpeg?fit=300%2C218\" data-large-file=\"https:\/\/i0.wp.com\/blogdalucianaoliveira.com.br\/blog\/wp-content\/uploads\/2019\/04\/pega.jpeg?fit=600%2C437\" src=\"https:\/\/i0.wp.com\/blogdalucianaoliveira.com.br\/blog\/wp-content\/uploads\/2019\/04\/pega.jpeg?resize=600%2C437\" alt=\"pega\" width=\"600\" height=\"437\" class=\"alignnone size-full wp-image-21421\" srcset=\"https:\/\/i0.wp.com\/blogdalucianaoliveira.com.br\/blog\/wp-content\/uploads\/2019\/04\/pega.jpeg?w=824 824w, https:\/\/i0.wp.com\/blogdalucianaoliveira.com.br\/blog\/wp-content\/uploads\/2019\/04\/pega.jpeg?resize=300%2C218 300w, https:\/\/i0.wp.com\/blogdalucianaoliveira.com.br\/blog\/wp-content\/uploads\/2019\/04\/pega.jpeg?resize=768%2C559 768w, https:\/\/i0.wp.com\/blogdalucianaoliveira.com.br\/blog\/wp-content\/uploads\/2019\/04\/pega.jpeg?resize=412%2C300 412w\" sizes=\"auto, (max-width: 600px) 100vw, 600px\" \/><\/p>\n<p>Em carta-proposta, alunos do curso de Servi\u00e7o Social fazem refer\u00eancia \u00e0 v\u00edtima do crime<!--more--><\/p>\n<p>Na Folha Do Sul<\/p>\n<p>A chapa \u201cMarielle Vive\u201d venceu as elei\u00e7\u00f5es do Centro Acad\u00eamico do curso de Servi\u00e7o Social da Faculdade da Amaz\u00f4nia-FAMA. O pleito ocorreu dia 22 de abril, com chapa \u00fanica. Foram, no total, 17 votos \u2013 15 para a chapa eleita e dois nulos.<\/p>\n<p>A gest\u00e3o \u00e9 composta pelos (as) estudantes Robert Martins (presidente); Analice Lizi (segunda secret\u00e1ria) Talita D\u00e1lete (tesoureira); e Paula Rafaela (primeira secret\u00e1ria). De acordo com a diretoria este \u00e9 o \u00fanico Centro Acad\u00eamico de Servi\u00e7o Social em atividade em Rond\u00f4nia.<\/p>\n<p>O CA tem como lema \u201cNossa voz, nossa for\u00e7a\u201d e ser\u00e1 empossado dia 06 de maio para o mandato de um ano de dura\u00e7\u00e3o \u2013 2019\/2 at\u00e9 2020\/2.<br \/>\nVeja a Carta Proposta da representa\u00e7\u00e3o estudantil:<\/p>\n<p>O nome da chapa vencedora foi adotado em homenagem \u00e0 vereadora do Rio de Janeiro, Marielle Franco, assassinada a tiros no ano passado. A morte repercutiu em todo o mundo e, recentemente, a prefeitura de Paris, resolveu dar o nome da parlamentar a um espa\u00e7o p\u00fablico na capital francesa.<\/p>\n<p>CARTA PROPOSTA<\/p>\n<p>C.A.S.S. MARIELLE VIVE<\/p>\n<p>Escolhemos esse nome para a chapa, pois pretendemos tornar nossas propostas concretas e pol\u00edticas ligadas a reflex\u00e3o ideol\u00f3gica, trazendo sempre a l\u00f3gica do valor humano. Marielle Franco dizia que \u201cocupar a pol\u00edtica \u00e9 fundamental para reduzir as desigualdades que nos cercam\u201d, e o C.A \u00e9 uma forma pol\u00edtica dentro da academia, e com isso conquistando uma forma de amadurecimento favorecendo a pr\u00e1xis da profiss\u00e3o, a fim de conquistar avan\u00e7os para todos os acad\u00eamicos do curso. Marille foi guerreira e nos inspira todos os dias. Marielle Franco \u00e9 mulher, negra, m\u00e3e e cria da favela da Mar\u00e9. Soci\u00f3loga com mestrado em Administra\u00e7\u00e3o P\u00fablica. Foi eleita Vereadora da C\u00e2mara do Rio de Janeiro pelo PSOL, com 46.502 votos. Foi tamb\u00e9m Presidente da Comiss\u00e3o da Mulher da C\u00e2mara. No dia 14\/03\/2018 foi assassinada em um atentado ao carro onde estava. 13 Tiros atingiram o ve\u00edculo, matando tamb\u00e9m o motorista Anderson Pedro Gomes. Quem mandou matar Marielle mal podia imaginar que ela era semente, e que milh\u00f5es de Marielles em todo mundo se levantariam no dia seguinte. Marielle se formou pela PUC-Rio, e fez mestrado em Administra\u00e7\u00e3o P\u00fablica pela Universidade Federal Fluminense (UFF). Sua disserta\u00e7\u00e3o teve como tema: \u201cUPP: a redu\u00e7\u00e3o da favela a tr\u00eas letras\u201d.<br \/>\nNossas propostas visam uma educa\u00e7\u00e3o de qualidade, aumentando a participa\u00e7\u00e3o em in\u00fameros espa\u00e7os que apontem \u00e0 melhoria na sociedade, assim como nas campanhas dos movimentos sociais, que em sua ess\u00eancia busquem romper com o conservadorismo e as opress\u00f5es presentes no cotidiano, almejando uma sociedade cada vez mais igualit\u00e1ria e justa.<\/p>\n<p>PROPOSTAS<br \/>\n\u2022 Cria\u00e7\u00e3o de redes sociais, visando assim buscar uma melhor forma de divulga\u00e7\u00e3o das informa\u00e7\u00f5es referentes ao curso. Cria\u00e7\u00e3o de um mural no corredor do servi\u00e7o social, para as comunica\u00e7\u00f5es do<br \/>\n\u2022 Apoio t\u00e9cnico \u00e0 realiza\u00e7\u00e3o de festas que n\u00e3o divergem aos nossos princ\u00edpios e que n\u00e3o tenham um car\u00e1ter<br \/>\n\u2022 Busca por um maior contato e apoio aos movimentos sociais que est\u00e3o de acordo com os nossos princ\u00edpios e que visem a garantia e acessibilidade dos direitos<br \/>\n\u2022 Cobrar e fiscalizar a constru\u00e7\u00e3o de um espa\u00e7o apropriado dentro do campus para os grupos de extens\u00e3o.<br \/>\n\u2022 Cine Mov: Propomos a realiza\u00e7\u00e3o do CINE MOV periodicamente, assim como palestras e\/ou oficinas. Para fomentar temas que est\u00e3o em foco na sociedade e\/ou na nossa<br \/>\n\u2022 Realizar pol\u00edticas financeiras, para elevar o n\u00famero de estudantes, para os eventos referentes \u00e0 forma\u00e7\u00e3o profissional e pol\u00edtica.<\/p>\n<p>Fonte: Foto: Divulga\u00e7\u00e3o<br \/>\nAutor: Da reda\u00e7\u00e3o com assessoria<\/p>\n","protected":false},"excerpt":{"rendered":"<p>Em carta-proposta, alunos do curso de Servi\u00e7o Social fazem refer\u00eancia \u00e0 v\u00edtima do crime<\/p>\n","protected":false},"author":1,"featured_media":0,"comment_status":"closed","ping_status":"open","sticky":false,"template":"","format":"standard","meta":{"_exactmetrics_skip_tracking":false,"_exactmetrics_sitenote_active":false,"_exactmetrics_sitenote_note":"","_exactmetrics_sitenote_category":0,"jetpack_post_was_ever_published":false,"_jetpack_newsletter_access":"","_jetpack_dont_email_post_to_subs":false,"_jetpack_newsletter_tier_id":0,"_jetpack_memberships_contains_paywalled_content":false,"_jetpack_memberships_contains_paid_content":false,"footnotes":"","jetpack_publicize_message":"","jetpack_publicize_feature_enabled":true,"jetpack_social_post_already_shared":true,"jetpack_social_options":{"image_generator_settings":{"template":"highway","enabled":false},"version":2}},"categories":[1],"tags":[],"class_list":["post-21420","post","type-post","status-publish","format-standard","hentry","category-notas"],"jetpack_publicize_connections":[],"jetpack_sharing_enabled":true,"jetpack_featured_media_url":"","jetpack_shortlink":"https:\/\/wp.me\/p7wKYW-5zu","jetpack-related-posts":[],"_links":{"self":[{"href":"http:\/\/blogdalucianaoliveira.com.br\/blog\/wp-json\/wp\/v2\/posts\/21420","targetHints":{"allow":["GET"]}}],"collection":[{"href":"http:\/\/blogdalucianaoliveira.com.br\/blog\/wp-json\/wp\/v2\/posts"}],"about":[{"href":"http:\/\/blogdalucianaoliveira.com.br\/blog\/wp-json\/wp\/v2\/types\/post"}],"author":[{"embeddable":true,"href":"http:\/\/blogdalucianaoliveira.com.br\/blog\/wp-json\/wp\/v2\/users\/1"}],"replies":[{"embeddable":true,"href":"http:\/\/blogdalucianaoliveira.com.br\/blog\/wp-json\/wp\/v2\/comments?post=21420"}],"version-history":[{"count":1,"href":"http:\/\/blogdalucianaoliveira.com.br\/blog\/wp-json\/wp\/v2\/posts\/21420\/revisions"}],"predecessor-version":[{"id":21422,"href":"http:\/\/blogdalucianaoliveira.com.br\/blog\/wp-json\/wp\/v2\/posts\/21420\/revisions\/21422"}],"wp:attachment":[{"href":"http:\/\/blogdalucianaoliveira.com.br\/blog\/wp-json\/wp\/v2\/media?parent=21420"}],"wp:term":[{"taxonomy":"category","embeddable":true,"href":"http:\/\/blogdalucianaoliveira.com.br\/blog\/wp-json\/wp\/v2\/categories?post=21420"},{"taxonomy":"post_tag","embeddable":true,"href":"http:\/\/blogdalucianaoliveira.com.br\/blog\/wp-json\/wp\/v2\/tags?post=21420"}],"curies":[{"name":"wp","href":"https:\/\/api.w.org\/{rel}","templated":true}]}}