{"id":21432,"date":"2019-04-27T08:51:05","date_gmt":"2019-04-27T12:51:05","guid":{"rendered":"http:\/\/blogdalucianaoliveira.com.br\/blog\/?p=21432"},"modified":"2019-04-27T09:25:01","modified_gmt":"2019-04-27T13:25:01","slug":"video-institucional-do-mp-de-rondonia-com-imagens-de-os-vingadores-chama-a-atencao-da-imprensa-nacional-e-cria-embaracos-internos","status":"publish","type":"post","link":"http:\/\/blogdalucianaoliveira.com.br\/blog\/2019\/04\/27\/video-institucional-do-mp-de-rondonia-com-imagens-de-os-vingadores-chama-a-atencao-da-imprensa-nacional-e-cria-embaracos-internos\/","title":{"rendered":"V\u00eddeo institucional do MP de Rond\u00f4nia com imagens de \u2018Os Vingadores\u2019 chama a aten\u00e7\u00e3o da imprensa nacional e cria embara\u00e7os internos"},"content":{"rendered":"<p><img data-recalc-dims=\"1\" loading=\"lazy\" decoding=\"async\" data-attachment-id=\"21433\" data-permalink=\"http:\/\/blogdalucianaoliveira.com.br\/blog\/2019\/04\/27\/video-institucional-do-mp-de-rondonia-com-imagens-de-os-vingadores-chama-a-atencao-da-imprensa-nacional-e-cria-embaracos-internos\/avangers\/\" data-orig-file=\"https:\/\/i0.wp.com\/blogdalucianaoliveira.com.br\/blog\/wp-content\/uploads\/2019\/04\/avangers.jpg?fit=700%2C700\" data-orig-size=\"700,700\" data-comments-opened=\"0\" data-image-meta=\"{&quot;aperture&quot;:&quot;0&quot;,&quot;credit&quot;:&quot;&quot;,&quot;camera&quot;:&quot;&quot;,&quot;caption&quot;:&quot;&quot;,&quot;created_timestamp&quot;:&quot;0&quot;,&quot;copyright&quot;:&quot;&quot;,&quot;focal_length&quot;:&quot;0&quot;,&quot;iso&quot;:&quot;0&quot;,&quot;shutter_speed&quot;:&quot;0&quot;,&quot;title&quot;:&quot;&quot;,&quot;orientation&quot;:&quot;1&quot;}\" data-image-title=\"avangers\" data-image-description=\"\" data-image-caption=\"\" data-medium-file=\"https:\/\/i0.wp.com\/blogdalucianaoliveira.com.br\/blog\/wp-content\/uploads\/2019\/04\/avangers.jpg?fit=300%2C300\" data-large-file=\"https:\/\/i0.wp.com\/blogdalucianaoliveira.com.br\/blog\/wp-content\/uploads\/2019\/04\/avangers.jpg?fit=600%2C600\" class=\"alignnone size-full wp-image-21433\" src=\"https:\/\/i0.wp.com\/blogdalucianaoliveira.com.br\/blog\/wp-content\/uploads\/2019\/04\/avangers.jpg?resize=600%2C600\" alt=\"avangers\" width=\"600\" height=\"600\" srcset=\"https:\/\/i0.wp.com\/blogdalucianaoliveira.com.br\/blog\/wp-content\/uploads\/2019\/04\/avangers.jpg?w=700 700w, https:\/\/i0.wp.com\/blogdalucianaoliveira.com.br\/blog\/wp-content\/uploads\/2019\/04\/avangers.jpg?resize=150%2C150 150w, https:\/\/i0.wp.com\/blogdalucianaoliveira.com.br\/blog\/wp-content\/uploads\/2019\/04\/avangers.jpg?resize=300%2C300 300w\" sizes=\"auto, (max-width: 600px) 100vw, 600px\" \/><\/p>\n<p>Procurador-geral diz que a publica\u00e7\u00e3o n\u00e3o foi aprovada<\/p>\n<p><!--more--><\/p>\n<p><strong>POR ROND\u00d4NIA DIN\u00c2MICA<\/strong><\/p>\n<p><strong>Porto Velho, RO <\/strong>\u2013 Um v\u00eddeo institucional publicado nas redes sociais do Minist\u00e9rio P\u00fablico de Rond\u00f4nia (MP\/RO) \u2013 e por alguns instantes at\u00e9 mesmo na p\u00e1gina do \u00f3rg\u00e3o \u2013 acabou chamando a aten\u00e7\u00e3o, inclusive, da m\u00eddia nacional.<\/p>\n<p>A publica\u00e7\u00e3o j\u00e1 foi exclu\u00edda.<\/p>\n<p>O jornalista Reinaldo Azevedo, colunista da Folha de S. Paulo e apresentador do programa O \u00c9 da Coisa, transmitido pela BandNews FM, chegou a postar as imagens em seu canal oficial no YouTube. \u00a0L\u00e1, intitulou a veicula\u00e7\u00e3o como: \u201cMP de Rond\u00f4nia se v\u00ea como super-her\u00f3is da destrui\u00e7\u00e3o\u201d.<\/p>\n<p><strong>CONFIRA<\/strong><\/p>\n<p><iframe loading=\"lazy\" class=\"entry-thumb\" src=\"https:\/\/www.youtube.com\/embed\/GnXa9MS9zb4\" width=\"700\" height=\"467\" frameborder=\"0\" scrolling=\"no\"><\/iframe><br \/>\n<em>V\u00eddeo reproduzido no canal do jornalista Reinaldo Azevedo, no YouTube<\/em><\/p>\n<p>Nas imagens reproduzidas, a institui\u00e7\u00e3o usa cenas do filme Os Vingadores (2012), da Marvel Studios, escrito e dirigido pelo cineasta Joss Whedon, o primeiro da franquia que encerrou este ano com o longa Vingadores: Ultimato.<\/p>\n<p>A redublagem traz di\u00e1logos engessados, sem expressividade, com narrativas semelhantes \u00e0s par\u00f3dias do grupo Hermes e Renato, \u00e0 \u00e9poca em que o humor\u00edstico, no quadro Tela Class, satirizava filmes toscos produzidos pelo submundo do cinema.<\/p>\n<p><img data-recalc-dims=\"1\" decoding=\"async\" class=\"entry-thumb\" src=\"https:\/\/i0.wp.com\/www.rondoniadinamica.com\/uploads\/video.jpg?w=600&#038;ssl=1\" alt=\"\" \/><\/p>\n<p>No trecho espec\u00edfico usado pelo MP rondoniense, Bruce Banner (Mark Ruffalo), o Hulk, \u00e9 retratado\u00a0de maneira anal\u00f3gica incorporando a nomenclatura da institui\u00e7\u00e3o.<\/p>\n<p>Os demais integrantes do grupo seriam as \u00e1reas de atua\u00e7\u00e3o como: educa\u00e7\u00e3o, sa\u00fade, seguran\u00e7a, meio ambiente e cidadania.<\/p>\n<p>Internamente, o embara\u00e7o atingiu membros da institui\u00e7\u00e3o: pelo menos tr\u00eas promotores enviaram o v\u00eddeo \u00e0 reda\u00e7\u00e3o incluindo coment\u00e1rios como \u201cmeu Deus, que vergonha\u201d, \u201cinacredit\u00e1vel!\u201d e at\u00e9 \u201c&#8230;\u201d, neste caso deixando as retic\u00eancias expressarem que n\u00e3o h\u00e1 sequer o que dizer a respeito.<\/p>\n<p>O procurador-geral do MP\/RO, Airton Pedro Marin Filho, informou que a veicula\u00e7\u00e3o n\u00e3o foi autorizada pela Administra\u00e7\u00e3o Superior. Entre outros pontos, Marin disse que o \u00f3rg\u00e3o n\u00e3o pode ser confundido com personagens de fic\u00e7\u00e3o. \u201c&#8230;a abordagem publicit\u00e1ria n\u00e3o guarda pertin\u00eancia com a magnitude das atribui\u00e7\u00f5es institucionais e de seus membros, motivo pelo qual determinamos sua imediata retirada de todas as m\u00eddias sociais\u201d.<\/p>\n<p><strong>Direitos autorais<\/strong><\/p>\n<p>Nas redes sociais, alguns usu\u00e1rios chegaram a questionar se o \u00f3rg\u00e3o n\u00e3o teria violado direitos autorais por conta do uso das imagens pertencentes \u00e0 Marvel Studios.<\/p>\n<p>Sobre isso, o MP\/RO embasou-se no Art. 47 da Lei 9.610\/98, a Lei de Direitos autorais.<\/p>\n<p>O dispositivo versa:<\/p>\n<blockquote><p><strong><span style=\"color: #000000;\">\u201cArt. 47. S\u00e3o livres as par\u00e1frases e par\u00f3dias que n\u00e3o forem verdadeiras reprodu\u00e7\u00f5es da obra origin\u00e1ria nem lhe implicarem descr\u00e9dito\u201d.<\/span><\/strong><\/p><\/blockquote>\n<p><strong>Rond\u00f4nia Din\u00e2mica<\/strong> consultou quatro advogados especialistas no assunto a fim de saber se a reprodu\u00e7\u00e3o do v\u00eddeo, ainda que coberta por redublagem, configura ou n\u00e3o viola\u00e7\u00e3o de direitos autorais a despeito da justificativa legal.<\/p>\n<p>O tema gera controv\u00e9rsia e n\u00e3o est\u00e1 pacificado na jurisprud\u00eancia, portanto divide opini\u00f5es. Dois compreendem como par\u00f3dia, os outros enxergam a quest\u00e3o como viola\u00e7\u00e3o de direitos autorias.<\/p>\n<p>Um deles destacou: \u201cDe p\u00e9ssimo gosto e absolutamente inadequada, como pontuou o PGJ [procurador-geral de Justi\u00e7a], mas \u00e9 uma par\u00f3dia e n\u00e3o viola direitos autorais\u201d. O outro, no entanto, asseverou: \u201cSoa mais como uso n\u00e3o autorizado. N\u00e3o \u00e9 par\u00f3dia nem pl\u00e1gio, pelo menos a meu ver\u201d. O MP entende que o maior erro foi a publica\u00e7\u00e3o do v\u00eddeo sem a devida aten\u00e7\u00e3o \u00e0 pol\u00edtica de comunica\u00e7\u00e3o do \u00f3rg\u00e3o\u00a0e sem a aprova\u00e7\u00e3o da Administra\u00e7\u00e3o Superior, conforme j\u00e1 salientado.\u00a0O caso deve ser alvo de apura\u00e7\u00e3o interna.<\/p>\n<p><strong>Confira a \u00edntegra do posicionamento do procurador-geral:<\/strong><\/p>\n<blockquote><p><span style=\"color: #000000;\"><strong>Informo que a divulga\u00e7\u00e3o do v\u00eddeo institucional nas m\u00eddias sociais na data de ontem foi feita sem a pr\u00e9via aprova\u00e7\u00e3o da Administra\u00e7\u00e3o Superior. Ap\u00f3s a veicula\u00e7\u00e3o e tomando conhecimento de seu conte\u00fado, verificou-se que a abordagem publicit\u00e1ria n\u00e3o guarda pertin\u00eancia com a magnitude das atribui\u00e7\u00f5es institucionais e de seus membros, motivo pelo qual determinamos sua imediata retirada de todas as m\u00eddias sociais.<\/strong><\/span><\/p>\n<p><span style=\"color: #000000;\"><strong>O membro do Minist\u00e9rio P\u00fablico n\u00e3o pode ser confundido com personagens de fic\u00e7\u00e3o, pois sua luta acontece no dia a dia, na sociedade contempor\u00e2nea, e tem por finalidade a defesa da ordem p\u00fablica e dos interesses sociais, respeitando a constitui\u00e7\u00e3o e as leis , buscando romper as\u00a0\u00a0 barreiras que impedem o exerc\u00edcio da cidadania plena.<\/strong><\/span><\/p>\n<p><span style=\"color: #000000;\"><strong>Airton Pedro Marin Filho<br \/>\nProcurador-Geral de Justi\u00e7a do MP\/RO<\/strong><\/span><\/p><\/blockquote>\n<p><em>\u00a0<\/em><\/p>\n<p><em>\u00a0<\/em><\/p>\n<p><em>\u00a0<\/em><\/p>\n","protected":false},"excerpt":{"rendered":"<p>Procurador-geral diz que a publica\u00e7\u00e3o n\u00e3o foi aprovada<\/p>\n","protected":false},"author":1,"featured_media":21433,"comment_status":"closed","ping_status":"open","sticky":false,"template":"","format":"standard","meta":{"_exactmetrics_skip_tracking":false,"_exactmetrics_sitenote_active":false,"_exactmetrics_sitenote_note":"","_exactmetrics_sitenote_category":0,"jetpack_post_was_ever_published":false,"_jetpack_newsletter_access":"","_jetpack_dont_email_post_to_subs":false,"_jetpack_newsletter_tier_id":0,"_jetpack_memberships_contains_paywalled_content":false,"_jetpack_memberships_contains_paid_content":false,"footnotes":"","jetpack_publicize_message":"","jetpack_publicize_feature_enabled":true,"jetpack_social_post_already_shared":true,"jetpack_social_options":{"image_generator_settings":{"template":"highway","enabled":false},"version":2}},"categories":[1],"tags":[],"class_list":["post-21432","post","type-post","status-publish","format-standard","has-post-thumbnail","hentry","category-notas"],"jetpack_publicize_connections":[],"jetpack_sharing_enabled":true,"jetpack_featured_media_url":"https:\/\/i0.wp.com\/blogdalucianaoliveira.com.br\/blog\/wp-content\/uploads\/2019\/04\/avangers.jpg?fit=700%2C700","jetpack_shortlink":"https:\/\/wp.me\/p7wKYW-5zG","jetpack-related-posts":[],"_links":{"self":[{"href":"http:\/\/blogdalucianaoliveira.com.br\/blog\/wp-json\/wp\/v2\/posts\/21432","targetHints":{"allow":["GET"]}}],"collection":[{"href":"http:\/\/blogdalucianaoliveira.com.br\/blog\/wp-json\/wp\/v2\/posts"}],"about":[{"href":"http:\/\/blogdalucianaoliveira.com.br\/blog\/wp-json\/wp\/v2\/types\/post"}],"author":[{"embeddable":true,"href":"http:\/\/blogdalucianaoliveira.com.br\/blog\/wp-json\/wp\/v2\/users\/1"}],"replies":[{"embeddable":true,"href":"http:\/\/blogdalucianaoliveira.com.br\/blog\/wp-json\/wp\/v2\/comments?post=21432"}],"version-history":[{"count":3,"href":"http:\/\/blogdalucianaoliveira.com.br\/blog\/wp-json\/wp\/v2\/posts\/21432\/revisions"}],"predecessor-version":[{"id":21436,"href":"http:\/\/blogdalucianaoliveira.com.br\/blog\/wp-json\/wp\/v2\/posts\/21432\/revisions\/21436"}],"wp:featuredmedia":[{"embeddable":true,"href":"http:\/\/blogdalucianaoliveira.com.br\/blog\/wp-json\/wp\/v2\/media\/21433"}],"wp:attachment":[{"href":"http:\/\/blogdalucianaoliveira.com.br\/blog\/wp-json\/wp\/v2\/media?parent=21432"}],"wp:term":[{"taxonomy":"category","embeddable":true,"href":"http:\/\/blogdalucianaoliveira.com.br\/blog\/wp-json\/wp\/v2\/categories?post=21432"},{"taxonomy":"post_tag","embeddable":true,"href":"http:\/\/blogdalucianaoliveira.com.br\/blog\/wp-json\/wp\/v2\/tags?post=21432"}],"curies":[{"name":"wp","href":"https:\/\/api.w.org\/{rel}","templated":true}]}}