{"id":21437,"date":"2019-04-27T09:49:04","date_gmt":"2019-04-27T13:49:04","guid":{"rendered":"http:\/\/blogdalucianaoliveira.com.br\/blog\/?p=21437"},"modified":"2019-04-27T09:49:04","modified_gmt":"2019-04-27T13:49:04","slug":"brasil-governado-por-loucos-imprensa-internacional-repercute-entrevista-de-lula","status":"publish","type":"post","link":"http:\/\/blogdalucianaoliveira.com.br\/blog\/2019\/04\/27\/brasil-governado-por-loucos-imprensa-internacional-repercute-entrevista-de-lula\/","title":{"rendered":"&#8216;Brasil governado por loucos&#8217;: imprensa internacional repercute entrevista de Lula"},"content":{"rendered":"<p><img data-recalc-dims=\"1\" loading=\"lazy\" decoding=\"async\" data-attachment-id=\"21438\" data-permalink=\"http:\/\/blogdalucianaoliveira.com.br\/blog\/2019\/04\/27\/brasil-governado-por-loucos-imprensa-internacional-repercute-entrevista-de-lula\/b50ce187-208c-44bc-93e6-505ff39a98b4\/\" data-orig-file=\"https:\/\/i0.wp.com\/blogdalucianaoliveira.com.br\/blog\/wp-content\/uploads\/2019\/04\/B50CE187-208C-44BC-93E6-505FF39A98B4.jpeg?fit=780%2C490\" data-orig-size=\"780,490\" data-comments-opened=\"0\" data-image-meta=\"{&quot;aperture&quot;:&quot;0&quot;,&quot;credit&quot;:&quot;&quot;,&quot;camera&quot;:&quot;&quot;,&quot;caption&quot;:&quot;&quot;,&quot;created_timestamp&quot;:&quot;0&quot;,&quot;copyright&quot;:&quot;&quot;,&quot;focal_length&quot;:&quot;0&quot;,&quot;iso&quot;:&quot;0&quot;,&quot;shutter_speed&quot;:&quot;0&quot;,&quot;title&quot;:&quot;&quot;,&quot;orientation&quot;:&quot;0&quot;}\" data-image-title=\"B50CE187-208C-44BC-93E6-505FF39A98B4\" data-image-description=\"\" data-image-caption=\"\" data-medium-file=\"https:\/\/i0.wp.com\/blogdalucianaoliveira.com.br\/blog\/wp-content\/uploads\/2019\/04\/B50CE187-208C-44BC-93E6-505FF39A98B4.jpeg?fit=300%2C188\" data-large-file=\"https:\/\/i0.wp.com\/blogdalucianaoliveira.com.br\/blog\/wp-content\/uploads\/2019\/04\/B50CE187-208C-44BC-93E6-505FF39A98B4.jpeg?fit=600%2C377\" class=\"alignnone size-full wp-image-21438\" src=\"https:\/\/i0.wp.com\/blogdalucianaoliveira.com.br\/blog\/wp-content\/uploads\/2019\/04\/B50CE187-208C-44BC-93E6-505FF39A98B4.jpeg?resize=600%2C377\" alt=\"B50CE187-208C-44BC-93E6-505FF39A98B4\" width=\"600\" height=\"377\" srcset=\"https:\/\/i0.wp.com\/blogdalucianaoliveira.com.br\/blog\/wp-content\/uploads\/2019\/04\/B50CE187-208C-44BC-93E6-505FF39A98B4.jpeg?w=780 780w, https:\/\/i0.wp.com\/blogdalucianaoliveira.com.br\/blog\/wp-content\/uploads\/2019\/04\/B50CE187-208C-44BC-93E6-505FF39A98B4.jpeg?resize=300%2C188 300w, https:\/\/i0.wp.com\/blogdalucianaoliveira.com.br\/blog\/wp-content\/uploads\/2019\/04\/B50CE187-208C-44BC-93E6-505FF39A98B4.jpeg?resize=768%2C482 768w, https:\/\/i0.wp.com\/blogdalucianaoliveira.com.br\/blog\/wp-content\/uploads\/2019\/04\/B50CE187-208C-44BC-93E6-505FF39A98B4.jpeg?resize=478%2C300 478w\" sizes=\"auto, (max-width: 600px) 100vw, 600px\" \/><\/p>\n<p>&nbsp;<br \/>\nJornais e sites da Europa, Am\u00e9rica Latina e Estados Unidos destacam primeira entrevista do ex-presidente como preso pol\u00edtico. Submiss\u00e3o de Bolsonaro a Trump e luta por provar arma\u00e7\u00f5es de Moro tamb\u00e9m s\u00e3o citadas<!--more--><\/p>\n<p>Na RBA<\/p>\n<p>S\u00e3o Paulo \u2013 A imprensa internacional repercutiu a primeira entrevista do ex-presidente Luiz In\u00e1cio Lula da Silva como preso pol\u00edtico, concedida na sexta-feira (26) aos jornais Folha de S.Paulo e El Pais, destacando a afirma\u00e7\u00e3o de Lula de que o Brasil passou a ser governado &#8220;por um bando de lun\u00e1ticos&#8221; e de que vai lutar para mostrar ao povo brasileiro e ao mundo as arma\u00e7\u00f5es de Sergio Moro para incrimin\u00e1-lo e tir\u00e1-lo da disputa eleitoral.<\/p>\n<p>O principal jornal da Fran\u00e7a, o Le Figaro, ressaltou a &#8220;obsess\u00e3o&#8221; de Lula, a quem chama de \u00edcone da esquerda, de provar sua inoc\u00eancia, ainda que custe a pr\u00f3pria liberdade. &#8220;Eu quero sair daqui com a cabe\u00e7a erguida, como entrei: inocente. Muitas pessoas pensaram que eu teria que fugir, sair do Brasil ou me refugiar em uma embaixada. Mas eu decidi que o meu lugar era aqui. Posso ficar na pris\u00e3o por cem anos, mas n\u00e3o vou trocar minha dignidade pela minha liberdade&#8221;, relatou o jornal.<\/p>\n<p>O brit\u00e2nico The Guardian deu destaque a Lula ter classificado os membros do governo Bolsonaro de &#8220;lacaios dos Estados Unidos&#8221;, e reproduziu uma de suas falas sobre o tema &#8220;Nunca vi um presidente saudar a bandeira americana. Nunca vi um presidente sair dizendo &#8216;Eu amo os Estados Unidos. Voc\u00ea deve amar sua m\u00e3e, voc\u00ea deve amar o seu pa\u00eds. O que \u00e9 isso de amar os Estados Unidos? Algu\u00e9m acha mesmo que os Estados Unidos v\u00e3o favorecer o Brasil?&#8221;, cita o The Guardian.<\/p>\n<p>O canal de not\u00edcias americano Fox News, citando reportagem da ag\u00eancia Associated Press, tamb\u00e9m escolheu ressaltar que Lula quer provar sua inoc\u00eancia das condena\u00e7\u00f5es que recebeu por conta das irregularidades cometidas pela for\u00e7a-tarefa da Lava Jato. &#8220;Estou obcecado em desmascarar o juiz Moro e aqueles que me sentenciaram. Quero expor a farsa montada no Departamento de Justi\u00e7a dos Estados Unidos.&#8221;<\/p>\n<p>A ag\u00eancia russa Sputnik relatou a compara\u00e7\u00e3o de Lula, durante a entrevista, do tratamento que a imprensa brasileira d\u00e1 a ele e a Bolsonaro &#8220;Imagina se os milicianos do Bolsonaro fossem amigos da minha fam\u00edlia&#8221;, destacou o site \u2013 al\u00e9m de o pr\u00f3prio Bolsonaro residir no mesmo condom\u00ednio de um dos acusados pelo assassinato da vereadora carioca Marielle Franco (Psol-RJ), o senador Fl\u00e1vio Bolsonaro (PSL-RJ), filho do presidente, homenageou e empregou familiares de um miliciano, quando era deputado estadual no Rio<\/p>\n<p>O argentino P\u00e1gina 12 citou a passagem da entrevista em que Lula afirma a &#8220;maluquice&#8221; que chegou ao governo brasileiro. &#8220;Vamos fazer uma autocr\u00edtica geral nesse pa\u00eds. O que n\u00e3o pode \u00e9 o Brasil estar governado por esse bando de malucos. O pa\u00eds n\u00e3o merece isso e sobretudo o povo n\u00e3o merece isso&#8221;, escreveu o jornal.<\/p>\n<p>Na vers\u00e3o em espanhol da entrevista produzida pela filial brasileira, o El Pa\u00eds traduziu ressaltou: &#8220;Lula est\u00e1 preso, ele quer conversar e sabe que esta entrevista \u00e9 uma oportunidade para faz\u00ea-lo depois de um ano silenciado pela pris\u00e3o&#8221;.<\/p>\n<p>A multiestatal teleSUR lembrou do caminho jur\u00eddico que tornou a entrevista poss\u00edvel. &#8220;O ex-mandat\u00e1rio fez suas declara\u00e7\u00f5es durante a entrevista que foi autorizada no \u00faltimo dia 18 de abril pelo presidente do Supremo Tribunal Federal (STF) do Brasil, Jos\u00e9 Antonio Dias T\u00f3ffoli, ap\u00f3s um <\/p>\n","protected":false},"excerpt":{"rendered":"<p>&nbsp; Jornais e sites da Europa, Am\u00e9rica Latina e Estados Unidos destacam primeira entrevista do ex-presidente como preso pol\u00edtico. Submiss\u00e3o de Bolsonaro a Trump e luta por provar arma\u00e7\u00f5es de Moro tamb\u00e9m s\u00e3o citadas<\/p>\n","protected":false},"author":1,"featured_media":0,"comment_status":"closed","ping_status":"open","sticky":false,"template":"","format":"standard","meta":{"_exactmetrics_skip_tracking":false,"_exactmetrics_sitenote_active":false,"_exactmetrics_sitenote_note":"","_exactmetrics_sitenote_category":0,"jetpack_post_was_ever_published":false,"_jetpack_newsletter_access":"","_jetpack_dont_email_post_to_subs":false,"_jetpack_newsletter_tier_id":0,"_jetpack_memberships_contains_paywalled_content":false,"_jetpack_memberships_contains_paid_content":false,"footnotes":"","jetpack_publicize_message":"","jetpack_publicize_feature_enabled":true,"jetpack_social_post_already_shared":true,"jetpack_social_options":{"image_generator_settings":{"template":"highway","enabled":false},"version":2}},"categories":[1],"tags":[],"class_list":["post-21437","post","type-post","status-publish","format-standard","hentry","category-notas"],"jetpack_publicize_connections":[],"jetpack_sharing_enabled":true,"jetpack_featured_media_url":"","jetpack_shortlink":"https:\/\/wp.me\/p7wKYW-5zL","jetpack-related-posts":[],"_links":{"self":[{"href":"http:\/\/blogdalucianaoliveira.com.br\/blog\/wp-json\/wp\/v2\/posts\/21437","targetHints":{"allow":["GET"]}}],"collection":[{"href":"http:\/\/blogdalucianaoliveira.com.br\/blog\/wp-json\/wp\/v2\/posts"}],"about":[{"href":"http:\/\/blogdalucianaoliveira.com.br\/blog\/wp-json\/wp\/v2\/types\/post"}],"author":[{"embeddable":true,"href":"http:\/\/blogdalucianaoliveira.com.br\/blog\/wp-json\/wp\/v2\/users\/1"}],"replies":[{"embeddable":true,"href":"http:\/\/blogdalucianaoliveira.com.br\/blog\/wp-json\/wp\/v2\/comments?post=21437"}],"version-history":[{"count":1,"href":"http:\/\/blogdalucianaoliveira.com.br\/blog\/wp-json\/wp\/v2\/posts\/21437\/revisions"}],"predecessor-version":[{"id":21439,"href":"http:\/\/blogdalucianaoliveira.com.br\/blog\/wp-json\/wp\/v2\/posts\/21437\/revisions\/21439"}],"wp:attachment":[{"href":"http:\/\/blogdalucianaoliveira.com.br\/blog\/wp-json\/wp\/v2\/media?parent=21437"}],"wp:term":[{"taxonomy":"category","embeddable":true,"href":"http:\/\/blogdalucianaoliveira.com.br\/blog\/wp-json\/wp\/v2\/categories?post=21437"},{"taxonomy":"post_tag","embeddable":true,"href":"http:\/\/blogdalucianaoliveira.com.br\/blog\/wp-json\/wp\/v2\/tags?post=21437"}],"curies":[{"name":"wp","href":"https:\/\/api.w.org\/{rel}","templated":true}]}}