{"id":21446,"date":"2019-04-27T19:03:27","date_gmt":"2019-04-27T23:03:27","guid":{"rendered":"http:\/\/blogdalucianaoliveira.com.br\/blog\/?p=21446"},"modified":"2019-04-27T19:03:27","modified_gmt":"2019-04-27T23:03:27","slug":"pec-das-domesticas-completa-seis-anos-patroes-nao-respeitam-a-lei","status":"publish","type":"post","link":"http:\/\/blogdalucianaoliveira.com.br\/blog\/2019\/04\/27\/pec-das-domesticas-completa-seis-anos-patroes-nao-respeitam-a-lei\/","title":{"rendered":"PEC das Dom\u00e9sticas completa seis anos; patr\u00f5es n\u00e3o respeitam a lei"},"content":{"rendered":"<p><img data-recalc-dims=\"1\" loading=\"lazy\" decoding=\"async\" data-attachment-id=\"21447\" data-permalink=\"http:\/\/blogdalucianaoliveira.com.br\/blog\/2019\/04\/27\/pec-das-domesticas-completa-seis-anos-patroes-nao-respeitam-a-lei\/7e738d7b-27c1-4105-b90f-b7243d780572\/\" data-orig-file=\"https:\/\/i0.wp.com\/blogdalucianaoliveira.com.br\/blog\/wp-content\/uploads\/2019\/04\/7E738D7B-27C1-4105-B90F-B7243D780572.jpeg?fit=640%2C377\" data-orig-size=\"640,377\" data-comments-opened=\"0\" data-image-meta=\"{&quot;aperture&quot;:&quot;0&quot;,&quot;credit&quot;:&quot;&quot;,&quot;camera&quot;:&quot;&quot;,&quot;caption&quot;:&quot;&quot;,&quot;created_timestamp&quot;:&quot;0&quot;,&quot;copyright&quot;:&quot;&quot;,&quot;focal_length&quot;:&quot;0&quot;,&quot;iso&quot;:&quot;0&quot;,&quot;shutter_speed&quot;:&quot;0&quot;,&quot;title&quot;:&quot;&quot;,&quot;orientation&quot;:&quot;0&quot;}\" data-image-title=\"7E738D7B-27C1-4105-B90F-B7243D780572\" data-image-description=\"\" data-image-caption=\"\" data-medium-file=\"https:\/\/i0.wp.com\/blogdalucianaoliveira.com.br\/blog\/wp-content\/uploads\/2019\/04\/7E738D7B-27C1-4105-B90F-B7243D780572.jpeg?fit=300%2C177\" data-large-file=\"https:\/\/i0.wp.com\/blogdalucianaoliveira.com.br\/blog\/wp-content\/uploads\/2019\/04\/7E738D7B-27C1-4105-B90F-B7243D780572.jpeg?fit=600%2C353\" class=\"alignnone size-full wp-image-21447\" src=\"https:\/\/i0.wp.com\/blogdalucianaoliveira.com.br\/blog\/wp-content\/uploads\/2019\/04\/7E738D7B-27C1-4105-B90F-B7243D780572.jpeg?resize=600%2C353\" alt=\"7E738D7B-27C1-4105-B90F-B7243D780572\" width=\"600\" height=\"353\" srcset=\"https:\/\/i0.wp.com\/blogdalucianaoliveira.com.br\/blog\/wp-content\/uploads\/2019\/04\/7E738D7B-27C1-4105-B90F-B7243D780572.jpeg?w=640 640w, https:\/\/i0.wp.com\/blogdalucianaoliveira.com.br\/blog\/wp-content\/uploads\/2019\/04\/7E738D7B-27C1-4105-B90F-B7243D780572.jpeg?resize=300%2C177 300w, https:\/\/i0.wp.com\/blogdalucianaoliveira.com.br\/blog\/wp-content\/uploads\/2019\/04\/7E738D7B-27C1-4105-B90F-B7243D780572.jpeg?resize=509%2C300 509w\" sizes=\"auto, (max-width: 600px) 100vw, 600px\" \/><\/p>\n<p>No Brasil, h\u00e1 6,3 milh\u00f5es de pessoas que trabalham em resid\u00eancia; apenas 1,5 milh\u00f5es est\u00e3o registradas<!--more--><\/p>\n<p>Igor Carvalho<br \/>\nBrasil de Fato | S\u00e3o Paulo (SP)<\/p>\n<p>Em abril de 2015, a ent\u00e3o presidenta da Rep\u00fablica Dilma Rousseff (PT) assinou a Emenda Constitucional que ampliava os direitos trabalhistas das empregadas dom\u00e9sticas. O projeto tramitava desde abril de 2013 no Congresso Nacional. Completando seis anos nesse s\u00e1bado (26), dia da Empregada Dom\u00e9stica, a lei \u00e9 celebrada por Luiza Batista, presidenta da Federa\u00e7\u00e3o Nacional das Trabalhadoras Dom\u00e9sticas (Fenatrad).<\/p>\n<p>\u201cA PEC das dom\u00e9sticas mudou muito a vida das trabalhadoras dom\u00e9sticas. Antes, n\u00e3o t\u00ednhamos abono fam\u00edlia, n\u00e3o t\u00ednhamos a jornada de trabalho, que nem sempre os patr\u00f5es respeitam, mas mudou muito a vida da trabalhadora, principalmente a quest\u00e3o do FGTS (Fundo de Garantia do Tempo de Servi\u00e7o\u201d, comemora a sindicalista.<\/p>\n<p>Com a PEC, os direitos de trabalhadores dom\u00e9sticos de todo o pa\u00eds foram igualados \u00e0s demais conquistas inseridas na Consolida\u00e7\u00e3o das Leis do Trabalho (CLT). Portanto, jornada de 44 horas semanais, garantia do sal\u00e1rio m\u00ednimo e pagamento do 13\u00ba sal\u00e1rio passaram a fazer parte do vocabul\u00e1rio de dom\u00e9sticas, bab\u00e1s e mais profissionais que atuam dentro das resid\u00eancias.<\/p>\n<p>De acordo com a Pesquisa Nacional de Amostra por Domic\u00edlio (Pnad) do Instituto Brasileiro de Geografia Estat\u00edstica (IBGE), 6,3 milh\u00f5es de brasileiros trabalham em atividades dom\u00e9sticas. Do total, apenas 1,5 milh\u00e3o est\u00e1 registrada com carteira assinada e 2,5 milh\u00f5es atuam como diarista, sem v\u00ednculo empregat\u00edcio.<\/p>\n<p>Por\u00e9m, se a formaliza\u00e7\u00e3o do trabalho dom\u00e9stico est\u00e1 previsto na PEC, dentro dos lares n\u00e3o foi acatado pelos contratantes. \u201cNem todos os patr\u00f5es respeitam a lei, tanto que a informalidade \u00e9 muito alta no trabalho dom\u00e9stico. Temos apenas 32% s\u00f3 de trabalhadoras dom\u00e9sticas com carteira assinada. Tamb\u00e9m tem a quest\u00e3o da jornada de trabalho, que os patr\u00f5es falam que a lei da casa deles, eles que fazem, ent\u00e3o eles n\u00e3o mudam o hor\u00e1rio de trabalho\u201d, acusa Batista. <\/p>\n<p>A formaliza\u00e7\u00e3o da profiss\u00e3o reduziu, inclusive, o n\u00famero de recursos \u00e0 Justi\u00e7a do Trabalho em busca de indeniza\u00e7\u00f5es. De acordo com o Tribunal Superior do Trabalho (TST), diminuiu o n\u00famero de processos entre 2017, 3.525 casos, para 2018, que terminou com 2.549 a\u00e7\u00f5es. Nos dois primeiros meses de 2019, foram 444 processos.<\/p>\n<p>Para Batista, apesar dos avan\u00e7os, ainda h\u00e1 necessidade de expandir os direitos conquistados \u00e0 toda a categoria. \u201cHoje, mesmo com os avan\u00e7os que tivemos com a PEC, nossa preocupa\u00e7\u00e3o \u00e9 manter o que conquistamos com muita luta e evitar que a trabalhadora dom\u00e9stica, quando procura uma ag\u00eancia, aceite fazer o MEI (Micro Empreendedor Individual). Com o MEI tem o discurso que a trabalhadora n\u00e3o ter\u00e1 patr\u00e3o, mas tamb\u00e9m n\u00e3o vai ter direitos garantidos em lei\u201d, finaliza a sindicalista.<\/p>\n<p>Edi\u00e7\u00e3o: Tayguara Ribeiro<\/p>\n","protected":false},"excerpt":{"rendered":"<p>No Brasil, h\u00e1 6,3 milh\u00f5es de pessoas que trabalham em resid\u00eancia; apenas 1,5 milh\u00f5es est\u00e3o registradas<\/p>\n","protected":false},"author":1,"featured_media":0,"comment_status":"closed","ping_status":"open","sticky":false,"template":"","format":"standard","meta":{"_exactmetrics_skip_tracking":false,"_exactmetrics_sitenote_active":false,"_exactmetrics_sitenote_note":"","_exactmetrics_sitenote_category":0,"jetpack_post_was_ever_published":false,"_jetpack_newsletter_access":"","_jetpack_dont_email_post_to_subs":false,"_jetpack_newsletter_tier_id":0,"_jetpack_memberships_contains_paywalled_content":false,"_jetpack_memberships_contains_paid_content":false,"footnotes":"","jetpack_publicize_message":"","jetpack_publicize_feature_enabled":true,"jetpack_social_post_already_shared":true,"jetpack_social_options":{"image_generator_settings":{"template":"highway","enabled":false},"version":2}},"categories":[1],"tags":[],"class_list":["post-21446","post","type-post","status-publish","format-standard","hentry","category-notas"],"jetpack_publicize_connections":[],"jetpack_sharing_enabled":true,"jetpack_featured_media_url":"","jetpack_shortlink":"https:\/\/wp.me\/p7wKYW-5zU","jetpack-related-posts":[],"_links":{"self":[{"href":"http:\/\/blogdalucianaoliveira.com.br\/blog\/wp-json\/wp\/v2\/posts\/21446","targetHints":{"allow":["GET"]}}],"collection":[{"href":"http:\/\/blogdalucianaoliveira.com.br\/blog\/wp-json\/wp\/v2\/posts"}],"about":[{"href":"http:\/\/blogdalucianaoliveira.com.br\/blog\/wp-json\/wp\/v2\/types\/post"}],"author":[{"embeddable":true,"href":"http:\/\/blogdalucianaoliveira.com.br\/blog\/wp-json\/wp\/v2\/users\/1"}],"replies":[{"embeddable":true,"href":"http:\/\/blogdalucianaoliveira.com.br\/blog\/wp-json\/wp\/v2\/comments?post=21446"}],"version-history":[{"count":1,"href":"http:\/\/blogdalucianaoliveira.com.br\/blog\/wp-json\/wp\/v2\/posts\/21446\/revisions"}],"predecessor-version":[{"id":21448,"href":"http:\/\/blogdalucianaoliveira.com.br\/blog\/wp-json\/wp\/v2\/posts\/21446\/revisions\/21448"}],"wp:attachment":[{"href":"http:\/\/blogdalucianaoliveira.com.br\/blog\/wp-json\/wp\/v2\/media?parent=21446"}],"wp:term":[{"taxonomy":"category","embeddable":true,"href":"http:\/\/blogdalucianaoliveira.com.br\/blog\/wp-json\/wp\/v2\/categories?post=21446"},{"taxonomy":"post_tag","embeddable":true,"href":"http:\/\/blogdalucianaoliveira.com.br\/blog\/wp-json\/wp\/v2\/tags?post=21446"}],"curies":[{"name":"wp","href":"https:\/\/api.w.org\/{rel}","templated":true}]}}