{"id":21451,"date":"2019-04-28T11:26:48","date_gmt":"2019-04-28T15:26:48","guid":{"rendered":"http:\/\/blogdalucianaoliveira.com.br\/blog\/?p=21451"},"modified":"2019-04-28T11:26:48","modified_gmt":"2019-04-28T15:26:48","slug":"colapso-economico-faz-de-aplicativos-como-uber-e-ifood-os-maiores-empregadores-do-brasil","status":"publish","type":"post","link":"http:\/\/blogdalucianaoliveira.com.br\/blog\/2019\/04\/28\/colapso-economico-faz-de-aplicativos-como-uber-e-ifood-os-maiores-empregadores-do-brasil\/","title":{"rendered":"COLAPSO ECON\u00d4MICO FAZ DE APLICATIVOS COMO UBER E IFOOD OS MAIORES EMPREGADORES DO BRASIL"},"content":{"rendered":"<p><img data-recalc-dims=\"1\" loading=\"lazy\" decoding=\"async\" data-attachment-id=\"21452\" data-permalink=\"http:\/\/blogdalucianaoliveira.com.br\/blog\/2019\/04\/28\/colapso-economico-faz-de-aplicativos-como-uber-e-ifood-os-maiores-empregadores-do-brasil\/28d25c19-86fe-4161-8953-3b6d7544cf64\/\" data-orig-file=\"https:\/\/i0.wp.com\/blogdalucianaoliveira.com.br\/blog\/wp-content\/uploads\/2019\/04\/28D25C19-86FE-4161-8953-3B6D7544CF64.jpeg?fit=480%2C240\" data-orig-size=\"480,240\" data-comments-opened=\"0\" data-image-meta=\"{&quot;aperture&quot;:&quot;0&quot;,&quot;credit&quot;:&quot;&quot;,&quot;camera&quot;:&quot;&quot;,&quot;caption&quot;:&quot;&quot;,&quot;created_timestamp&quot;:&quot;0&quot;,&quot;copyright&quot;:&quot;&quot;,&quot;focal_length&quot;:&quot;0&quot;,&quot;iso&quot;:&quot;0&quot;,&quot;shutter_speed&quot;:&quot;0&quot;,&quot;title&quot;:&quot;&quot;,&quot;orientation&quot;:&quot;0&quot;}\" data-image-title=\"28D25C19-86FE-4161-8953-3B6D7544CF64\" data-image-description=\"\" data-image-caption=\"\" data-medium-file=\"https:\/\/i0.wp.com\/blogdalucianaoliveira.com.br\/blog\/wp-content\/uploads\/2019\/04\/28D25C19-86FE-4161-8953-3B6D7544CF64.jpeg?fit=300%2C150\" data-large-file=\"https:\/\/i0.wp.com\/blogdalucianaoliveira.com.br\/blog\/wp-content\/uploads\/2019\/04\/28D25C19-86FE-4161-8953-3B6D7544CF64.jpeg?fit=480%2C240\" src=\"https:\/\/i0.wp.com\/blogdalucianaoliveira.com.br\/blog\/wp-content\/uploads\/2019\/04\/28D25C19-86FE-4161-8953-3B6D7544CF64.jpeg?resize=480%2C240\" alt=\"28D25C19-86FE-4161-8953-3B6D7544CF64\" width=\"480\" height=\"240\" class=\"alignnone size-full wp-image-21452\" srcset=\"https:\/\/i0.wp.com\/blogdalucianaoliveira.com.br\/blog\/wp-content\/uploads\/2019\/04\/28D25C19-86FE-4161-8953-3B6D7544CF64.jpeg?w=480 480w, https:\/\/i0.wp.com\/blogdalucianaoliveira.com.br\/blog\/wp-content\/uploads\/2019\/04\/28D25C19-86FE-4161-8953-3B6D7544CF64.jpeg?resize=300%2C150 300w\" sizes=\"auto, (max-width: 480px) 100vw, 480px\" \/><\/p>\n<p>247 &#8211; O colapso econ\u00f4mico que assola o Brasil fez com que aplicativos de servi\u00e7o como Uber e iFood sejam os maiores &#8220;empregadores&#8221; do Pa\u00eds, se tornando a principal renda de quase 4 milh\u00f5es de aut\u00f4nomos, quando deveria ser fonte complementar. &#8220;O trabalho com aplicativos foi potencializado pela crise e deve se consolidar como complemento de renda quando o mercado de trabalho melhorar&#8221;, disse o economista Sergio Firpo, do Insper, ao Estado de S. Paulo.<!--more--><\/p>\n<p>&#8220;Ap\u00f3s quase tr\u00eas d\u00e9cadas trabalhando como gerente de vendas de im\u00f3veis, Salom\u00e3o Sousa, de 57 anos, se viu sem sa\u00edda: com sua principal fonte de renda prejudicada pela recess\u00e3o, as comiss\u00f5es, que em alguns meses passavam de R$ 80 mil, sumiram. Sem pensar duas vezes, ele guardou o diploma de Direito e se tornou motorista do Cabify h\u00e1 dois anos e meio&#8221;, conta a reportagem.<\/p>\n<p>J\u00e1 s\u00e3o 5,5 milh\u00f5es de profissionais cadastrados &#8211; entre aut\u00f4nomos e os que t\u00eam emprego fixo, mas usam apps como complemento &#8211; nas plataformas de mobilidade e entrega de produtos como Uber, 99, Cabify e iFood, de acordo com o Instituto Locomotiva.<\/p>\n<p>&#8220;A rela\u00e7\u00e3o entre motoristas e aplicativos, por\u00e9m, j\u00e1 rendeu brigas na Justi\u00e7a, tanto no Brasil quanto no exterior. Em mar\u00e7o, a Uber teve de pagar US$ 20 milh\u00f5es a motoristas que moveram uma a\u00e7\u00e3o contra a empresa nos Estados Unidos. Os profissionais alegavam que eram empregados da companhia e n\u00e3o contratados independentes. Em agosto, uma decis\u00e3o do Tribunal Regional do Trabalho de S\u00e3o Paulo reconheceu o v\u00ednculo de emprego entre um motorista e a Uber, mas o mesmo tribunal j\u00e1 havia tomado uma decis\u00e3o em sentido contr\u00e1rio&#8221;, conta O Estado.<\/p>\n","protected":false},"excerpt":{"rendered":"<p>247 &#8211; O colapso econ\u00f4mico que assola o Brasil fez com que aplicativos de servi\u00e7o como Uber e iFood sejam os maiores &#8220;empregadores&#8221; do Pa\u00eds, se tornando a principal renda de quase 4 milh\u00f5es de aut\u00f4nomos, quando deveria ser fonte complementar. &#8220;O trabalho com aplicativos foi potencializado pela crise e deve se consolidar como complemento&#8230;<a class=\"more-link\" href=\"http:\/\/blogdalucianaoliveira.com.br\/blog\/2019\/04\/28\/colapso-economico-faz-de-aplicativos-como-uber-e-ifood-os-maiores-empregadores-do-brasil\/\">Continue a leitura <span class=\"meta-nav\">&raquo;<\/span><\/a><\/p>\n","protected":false},"author":1,"featured_media":0,"comment_status":"closed","ping_status":"open","sticky":false,"template":"","format":"standard","meta":{"_exactmetrics_skip_tracking":false,"_exactmetrics_sitenote_active":false,"_exactmetrics_sitenote_note":"","_exactmetrics_sitenote_category":0,"jetpack_post_was_ever_published":false,"_jetpack_newsletter_access":"","_jetpack_dont_email_post_to_subs":false,"_jetpack_newsletter_tier_id":0,"_jetpack_memberships_contains_paywalled_content":false,"_jetpack_memberships_contains_paid_content":false,"footnotes":"","jetpack_publicize_message":"","jetpack_publicize_feature_enabled":true,"jetpack_social_post_already_shared":true,"jetpack_social_options":{"image_generator_settings":{"template":"highway","enabled":false},"version":2}},"categories":[1],"tags":[],"class_list":["post-21451","post","type-post","status-publish","format-standard","hentry","category-notas"],"jetpack_publicize_connections":[],"jetpack_sharing_enabled":true,"jetpack_featured_media_url":"","jetpack_shortlink":"https:\/\/wp.me\/p7wKYW-5zZ","jetpack-related-posts":[],"_links":{"self":[{"href":"http:\/\/blogdalucianaoliveira.com.br\/blog\/wp-json\/wp\/v2\/posts\/21451","targetHints":{"allow":["GET"]}}],"collection":[{"href":"http:\/\/blogdalucianaoliveira.com.br\/blog\/wp-json\/wp\/v2\/posts"}],"about":[{"href":"http:\/\/blogdalucianaoliveira.com.br\/blog\/wp-json\/wp\/v2\/types\/post"}],"author":[{"embeddable":true,"href":"http:\/\/blogdalucianaoliveira.com.br\/blog\/wp-json\/wp\/v2\/users\/1"}],"replies":[{"embeddable":true,"href":"http:\/\/blogdalucianaoliveira.com.br\/blog\/wp-json\/wp\/v2\/comments?post=21451"}],"version-history":[{"count":1,"href":"http:\/\/blogdalucianaoliveira.com.br\/blog\/wp-json\/wp\/v2\/posts\/21451\/revisions"}],"predecessor-version":[{"id":21453,"href":"http:\/\/blogdalucianaoliveira.com.br\/blog\/wp-json\/wp\/v2\/posts\/21451\/revisions\/21453"}],"wp:attachment":[{"href":"http:\/\/blogdalucianaoliveira.com.br\/blog\/wp-json\/wp\/v2\/media?parent=21451"}],"wp:term":[{"taxonomy":"category","embeddable":true,"href":"http:\/\/blogdalucianaoliveira.com.br\/blog\/wp-json\/wp\/v2\/categories?post=21451"},{"taxonomy":"post_tag","embeddable":true,"href":"http:\/\/blogdalucianaoliveira.com.br\/blog\/wp-json\/wp\/v2\/tags?post=21451"}],"curies":[{"name":"wp","href":"https:\/\/api.w.org\/{rel}","templated":true}]}}