{"id":21461,"date":"2019-04-28T20:35:00","date_gmt":"2019-04-29T00:35:00","guid":{"rendered":"http:\/\/blogdalucianaoliveira.com.br\/blog\/?p=21461"},"modified":"2019-04-28T20:37:25","modified_gmt":"2019-04-29T00:37:25","slug":"homenageando-marielle-brasileira-e-eleita-para-parlamento-espanhol","status":"publish","type":"post","link":"http:\/\/blogdalucianaoliveira.com.br\/blog\/2019\/04\/28\/homenageando-marielle-brasileira-e-eleita-para-parlamento-espanhol\/","title":{"rendered":"Homenageando Marielle, brasileira \u00e9 eleita para Parlamento Espanhol"},"content":{"rendered":"<p><img data-recalc-dims=\"1\" loading=\"lazy\" decoding=\"async\" data-attachment-id=\"21462\" data-permalink=\"http:\/\/blogdalucianaoliveira.com.br\/blog\/2019\/04\/28\/homenageando-marielle-brasileira-e-eleita-para-parlamento-espanhol\/f6ac06f9-9626-49cb-8803-372a065c9119\/\" data-orig-file=\"https:\/\/i0.wp.com\/blogdalucianaoliveira.com.br\/blog\/wp-content\/uploads\/2019\/04\/F6AC06F9-9626-49CB-8803-372A065C9119.png?fit=750%2C1000\" data-orig-size=\"750,1000\" data-comments-opened=\"0\" data-image-meta=\"{&quot;aperture&quot;:&quot;0&quot;,&quot;credit&quot;:&quot;&quot;,&quot;camera&quot;:&quot;&quot;,&quot;caption&quot;:&quot;&quot;,&quot;created_timestamp&quot;:&quot;0&quot;,&quot;copyright&quot;:&quot;&quot;,&quot;focal_length&quot;:&quot;0&quot;,&quot;iso&quot;:&quot;0&quot;,&quot;shutter_speed&quot;:&quot;0&quot;,&quot;title&quot;:&quot;&quot;,&quot;orientation&quot;:&quot;0&quot;}\" data-image-title=\"F6AC06F9-9626-49CB-8803-372A065C9119\" data-image-description=\"\" data-image-caption=\"\" data-medium-file=\"https:\/\/i0.wp.com\/blogdalucianaoliveira.com.br\/blog\/wp-content\/uploads\/2019\/04\/F6AC06F9-9626-49CB-8803-372A065C9119.png?fit=225%2C300\" data-large-file=\"https:\/\/i0.wp.com\/blogdalucianaoliveira.com.br\/blog\/wp-content\/uploads\/2019\/04\/F6AC06F9-9626-49CB-8803-372A065C9119.png?fit=600%2C800\" src=\"https:\/\/i0.wp.com\/blogdalucianaoliveira.com.br\/blog\/wp-content\/uploads\/2019\/04\/F6AC06F9-9626-49CB-8803-372A065C9119.png?resize=600%2C800\" alt=\"F6AC06F9-9626-49CB-8803-372A065C9119\" width=\"600\" height=\"800\" class=\"alignnone size-full wp-image-21462\" srcset=\"https:\/\/i0.wp.com\/blogdalucianaoliveira.com.br\/blog\/wp-content\/uploads\/2019\/04\/F6AC06F9-9626-49CB-8803-372A065C9119.png?w=750 750w, https:\/\/i0.wp.com\/blogdalucianaoliveira.com.br\/blog\/wp-content\/uploads\/2019\/04\/F6AC06F9-9626-49CB-8803-372A065C9119.png?resize=225%2C300 225w\" sizes=\"auto, (max-width: 600px) 100vw, 600px\" \/><\/p>\n<p>No Blog do Jamil Chade &#8211; Pela primeira vez, uma brasileira \u00e9 eleita ao Parlamento da Espanha. Trata-se de Maria Dantas que, h\u00e1 25 anos, vive em Barcelona. Em entrevista ao UOL, ela contou que sua plataforma ser\u00e1 a de defender o direito de imigrantes e refugiados, al\u00e9m de uma ampla agenda de direitos humanos, combate \u00e0 extrema-direita e promo\u00e7\u00e3o da ecologia.<!--more--><\/p>\n<p>Neste domingo, Maria vestia uma camisa com o rosto de Marielle Franco, vereadora carioca assassinada h\u00e1 pouco mais de um ano. A sergipana de Aracaj\u00fa promete ainda aproveitar sua entrada no Parlamento para denunciar o governo de Jair Bolsonaro.<\/p>\n<p>\u201cMeu primeiro recado a ele (Bolsonaro) \u00e9 que Marielle vive\u201d, disse. \u201cAl\u00e9m disso, vou dar visibilidade \u00e0s suas atrocidades\u201d, prometeu a brasileira, que promete a\u00e7\u00f5es em toda a Europa para \u201cexp\u00f4r o car\u00e1ter racista e homof\u00f3bico\u201d do governo.<\/p>\n<p>(\u2026)<\/p>\n<p>Maria Dantas foi eleita pelo partido Esquerda Republicana da Catalunha \u2013 ERC. Nascida em 1969, a nova deputada \u00e9 advogada e chegou a Barcelona para realizar estudos de 2\u00ba e 3\u00ba ciclos em Direito Ambiental, Filosofia Jur\u00eddica, Moral e Pol\u00edtica. Atualmente trabalha em uma empresa catal\u00e3 na \u00e1rea de finan\u00e7as.<\/p>\n","protected":false},"excerpt":{"rendered":"<p>No Blog do Jamil Chade &#8211; Pela primeira vez, uma brasileira \u00e9 eleita ao Parlamento da Espanha. Trata-se de Maria Dantas que, h\u00e1 25 anos, vive em Barcelona. Em entrevista ao UOL, ela contou que sua plataforma ser\u00e1 a de defender o direito de imigrantes e refugiados, al\u00e9m de uma ampla agenda de direitos humanos,&#8230;<a class=\"more-link\" href=\"http:\/\/blogdalucianaoliveira.com.br\/blog\/2019\/04\/28\/homenageando-marielle-brasileira-e-eleita-para-parlamento-espanhol\/\">Continue a leitura <span class=\"meta-nav\">&raquo;<\/span><\/a><\/p>\n","protected":false},"author":1,"featured_media":0,"comment_status":"closed","ping_status":"open","sticky":false,"template":"","format":"standard","meta":{"_exactmetrics_skip_tracking":false,"_exactmetrics_sitenote_active":false,"_exactmetrics_sitenote_note":"","_exactmetrics_sitenote_category":0,"jetpack_post_was_ever_published":false,"_jetpack_newsletter_access":"","_jetpack_dont_email_post_to_subs":false,"_jetpack_newsletter_tier_id":0,"_jetpack_memberships_contains_paywalled_content":false,"_jetpack_memberships_contains_paid_content":false,"footnotes":"","jetpack_publicize_message":"","jetpack_publicize_feature_enabled":true,"jetpack_social_post_already_shared":true,"jetpack_social_options":{"image_generator_settings":{"template":"highway","enabled":false},"version":2}},"categories":[1],"tags":[],"class_list":["post-21461","post","type-post","status-publish","format-standard","hentry","category-notas"],"jetpack_publicize_connections":[],"jetpack_sharing_enabled":true,"jetpack_featured_media_url":"","jetpack_shortlink":"https:\/\/wp.me\/p7wKYW-5A9","jetpack-related-posts":[],"_links":{"self":[{"href":"http:\/\/blogdalucianaoliveira.com.br\/blog\/wp-json\/wp\/v2\/posts\/21461","targetHints":{"allow":["GET"]}}],"collection":[{"href":"http:\/\/blogdalucianaoliveira.com.br\/blog\/wp-json\/wp\/v2\/posts"}],"about":[{"href":"http:\/\/blogdalucianaoliveira.com.br\/blog\/wp-json\/wp\/v2\/types\/post"}],"author":[{"embeddable":true,"href":"http:\/\/blogdalucianaoliveira.com.br\/blog\/wp-json\/wp\/v2\/users\/1"}],"replies":[{"embeddable":true,"href":"http:\/\/blogdalucianaoliveira.com.br\/blog\/wp-json\/wp\/v2\/comments?post=21461"}],"version-history":[{"count":2,"href":"http:\/\/blogdalucianaoliveira.com.br\/blog\/wp-json\/wp\/v2\/posts\/21461\/revisions"}],"predecessor-version":[{"id":21464,"href":"http:\/\/blogdalucianaoliveira.com.br\/blog\/wp-json\/wp\/v2\/posts\/21461\/revisions\/21464"}],"wp:attachment":[{"href":"http:\/\/blogdalucianaoliveira.com.br\/blog\/wp-json\/wp\/v2\/media?parent=21461"}],"wp:term":[{"taxonomy":"category","embeddable":true,"href":"http:\/\/blogdalucianaoliveira.com.br\/blog\/wp-json\/wp\/v2\/categories?post=21461"},{"taxonomy":"post_tag","embeddable":true,"href":"http:\/\/blogdalucianaoliveira.com.br\/blog\/wp-json\/wp\/v2\/tags?post=21461"}],"curies":[{"name":"wp","href":"https:\/\/api.w.org\/{rel}","templated":true}]}}