{"id":21469,"date":"2019-04-29T09:24:10","date_gmt":"2019-04-29T13:24:10","guid":{"rendered":"http:\/\/blogdalucianaoliveira.com.br\/blog\/?p=21469"},"modified":"2019-04-29T09:24:10","modified_gmt":"2019-04-29T13:24:10","slug":"medo-o-protagonista-psicopolitico-das-eleicoes-espanholas","status":"publish","type":"post","link":"http:\/\/blogdalucianaoliveira.com.br\/blog\/2019\/04\/29\/medo-o-protagonista-psicopolitico-das-eleicoes-espanholas\/","title":{"rendered":"Medo, o protagonista psicopol\u00edtico das elei\u00e7\u00f5es espanholas"},"content":{"rendered":"<p><img data-recalc-dims=\"1\" loading=\"lazy\" decoding=\"async\" data-attachment-id=\"21470\" data-permalink=\"http:\/\/blogdalucianaoliveira.com.br\/blog\/2019\/04\/29\/medo-o-protagonista-psicopolitico-das-eleicoes-espanholas\/pso\/\" data-orig-file=\"https:\/\/i0.wp.com\/blogdalucianaoliveira.com.br\/blog\/wp-content\/uploads\/2019\/04\/pso.jpg?fit=1960%2C1197\" data-orig-size=\"1960,1197\" data-comments-opened=\"0\" data-image-meta=\"{&quot;aperture&quot;:&quot;0&quot;,&quot;credit&quot;:&quot;&quot;,&quot;camera&quot;:&quot;&quot;,&quot;caption&quot;:&quot;&quot;,&quot;created_timestamp&quot;:&quot;0&quot;,&quot;copyright&quot;:&quot;&quot;,&quot;focal_length&quot;:&quot;0&quot;,&quot;iso&quot;:&quot;0&quot;,&quot;shutter_speed&quot;:&quot;0&quot;,&quot;title&quot;:&quot;&quot;,&quot;orientation&quot;:&quot;0&quot;}\" data-image-title=\"pso\" data-image-description=\"\" data-image-caption=\"\" data-medium-file=\"https:\/\/i0.wp.com\/blogdalucianaoliveira.com.br\/blog\/wp-content\/uploads\/2019\/04\/pso.jpg?fit=300%2C183\" data-large-file=\"https:\/\/i0.wp.com\/blogdalucianaoliveira.com.br\/blog\/wp-content\/uploads\/2019\/04\/pso.jpg?fit=600%2C366\" src=\"https:\/\/i0.wp.com\/blogdalucianaoliveira.com.br\/blog\/wp-content\/uploads\/2019\/04\/pso.jpg?resize=600%2C366\" alt=\"pso\" width=\"600\" height=\"366\" class=\"alignnone size-full wp-image-21470\" srcset=\"https:\/\/i0.wp.com\/blogdalucianaoliveira.com.br\/blog\/wp-content\/uploads\/2019\/04\/pso.jpg?w=1960 1960w, https:\/\/i0.wp.com\/blogdalucianaoliveira.com.br\/blog\/wp-content\/uploads\/2019\/04\/pso.jpg?resize=300%2C183 300w, https:\/\/i0.wp.com\/blogdalucianaoliveira.com.br\/blog\/wp-content\/uploads\/2019\/04\/pso.jpg?resize=768%2C469 768w, https:\/\/i0.wp.com\/blogdalucianaoliveira.com.br\/blog\/wp-content\/uploads\/2019\/04\/pso.jpg?resize=1024%2C625 1024w, https:\/\/i0.wp.com\/blogdalucianaoliveira.com.br\/blog\/wp-content\/uploads\/2019\/04\/pso.jpg?resize=491%2C300 491w, https:\/\/i0.wp.com\/blogdalucianaoliveira.com.br\/blog\/wp-content\/uploads\/2019\/04\/pso.jpg?w=1200 1200w, https:\/\/i0.wp.com\/blogdalucianaoliveira.com.br\/blog\/wp-content\/uploads\/2019\/04\/pso.jpg?w=1800 1800w\" sizes=\"auto, (max-width: 600px) 100vw, 600px\" \/><\/p>\n<p>Com uma participa\u00e7\u00e3o hist\u00f3rica de eleitores, muitos espanh\u00f3is votaram apavorados pelo VOX ou com medo de uma alian\u00e7a de esquerda<!--more--><\/p>\n<p>No El Pa\u00eds<\/p>\n<p>A noite na Espanha foi de ataque card\u00edaco. A Espanha pentapartid\u00e1ria \u00e9 uma realidade pol\u00edtica t\u00e3o nova que faz de qualquer previs\u00e3o um ato suicida. Foram as elei\u00e7\u00f5es da polariza\u00e7\u00e3o, foram as elei\u00e7\u00f5es das guerras culturais, foram as elei\u00e7\u00f5es dos indecisos, mas tamb\u00e9m as da ida maci\u00e7a \u00e0s urnas. Uma participa\u00e7\u00e3o hist\u00f3rica. Quase 76% dos espanh\u00f3is votaram, nove pontos a mais que nas elei\u00e7\u00f5es de 2016. Em algumas regi\u00f5es do pa\u00eds, como a Catalunha, o aumento tem sido impressionante, 18 pontos a mais que em 2016. Muitos foram \u00e0s urnas apavorados pelo VOX e outros com medo de uma alian\u00e7a de esquerda. O medo foi o protagonista psicopol\u00edtico nesta elei\u00e7\u00e3o, mas o \u201cvoto contra\u201d favoreceu \u00e0 esquerda. Ainda falta um longo caminho para garantir a governabilidade na Espanha que exigir\u00e1 alian\u00e7as entre diversos partidos de esquerda, incluindo provavelmente os nacionalistas, para conseguir uma base com 176 deputados, mas um bloco progressista parece garantido.<\/p>\n<p>Cinco partidos. Cinco candidatos. Partido Socialista Obrero Espa\u00f1ol, (PSOE), Partido Popular (PP), Ciudadanos, Podemos, VOX. Cinco homens. Pedro S\u00e1nchez (PSOE), Pablo Casado (PP), Albert Rivera (Ciudadanos), Pablo Iglesias (Podemos), Santiago Abascal (VOX) A coaliz\u00e3o de Podemos, num simbolismo feminista, adotou o nome de Unidas-Podemos, mas na hora das urnas, continuava apostando no masculino. Dos cinco, Pedro Sanchez foi o ganhador indiscut\u00edvel da noite. Com seu slogan \u201cLa Espanha que quieres\u201d, dez meses depois da mo\u00e7\u00e3o de censura de Mariano Rajoy (PP), a esquerda tradicional socialista ganhou as elei\u00e7\u00f5es com 122 deputados. Em 2016, tinha 85. Uma vit\u00f3ria conclusiva.<\/p>\n<p>Se a grande ganhadora da noite foi a esquerda tradicional, a direita tradicional foi a grande perdedora. O PP almejava repetir a alian\u00e7a que se deu em Andaluzia com o triunvirato Partido Popular, Ciudadanos e VOX. N\u00e3o vai ser poss\u00edvel. O PP obt\u00e9m 65 deputados. Tinha 137 em 2016. O partido acostumado a governar a Espanha perdeu a metade de seus representantes no Congresso. Em paralelo, a extrema direita do VOX consegue 24 deputados, bom resultado para um partido que se apresenta pela primeira vez em elei\u00e7\u00f5es nacionais, mas longe das expectativas de conseguir os 60-65 deputados que as melhores previs\u00f5es lhes davam. O certo \u00e9 que Pablo Casado (PP) assumiu uma postura mais \u00e0 direita que seu predecessor, o ex-presidente Mariano Rajoy. Ele queria \u201crefundar ideologicamente o PP\u201d, pela direita, claro. Algo que os partidos de direita tradicional n\u00e3o parecem aprender \u00e9 que a estrat\u00e9gia que muitos deles adotam de radicalizar seu discurso e abandonar as posturas socialdemocratas s\u00f3 acaba favorecendo os novos partidos de extrema direita. Muitos cidad\u00e3os preferem votar na extrema direta ra\u00edz do que na extrema direita Nutella. Os tucanos que o digam. O PP se mant\u00e9m ainda como o principal referente da direita, mas em doen\u00e7a terminal. \u00c9 a j\u00e1 conhecida autodestrui\u00e7\u00e3o da direita por querer se parecer \u00e0 extrema direita.<\/p>\n<p>Muitos hoje respiramos aliviado porque depois de Trump, do Brexit, de Salvini, de Bolsonaro, est\u00e1vamos assustados com um poss\u00edvel resultado grandioso do VOX. Parece que os espanh\u00f3is aprenderam com as li\u00e7\u00f5es internacionais e este resultado n\u00e3o se deu, mas o VOX est\u00e1 nas institui\u00e7\u00f5es. Com menos deputados do que o esperado, sim, mas a extrema direita j\u00e1 est\u00e1 no parlamento espanhol. E eles v\u00e3o com todo seu arsenal pronto. Algo tamb\u00e9m essencial, o VOX capturou muitos dos votos dos eleitores frustrados, desencantados, os que ficavam em casa e hoje sa\u00edram dos sof\u00e1s para votar. Como o pr\u00f3prio Santiago Abascal (VOX) falava nos seus com\u00edcios, muitos espanh\u00f3is silenciados ganharam voz. \u201cInicia-se a reconquista\u201d, disse Abascal em sua primeira coletiva de imprensa depois de conhecer os resultados aos gritos de \u201cviva Espanha\u201d e bandeiras nacionais. De fato, a extrema direita politiza e empodera um setor da popula\u00e7\u00e3o que recupera a vontade das urnas motivada por discursos dos outsiders, do anticomunismo, contra a ideologia de g\u00eanero, o marxismo cultural, a ditadura progressista, a doutrina\u00e7\u00e3o, politicamente correto, mas tamb\u00e9m motivada por discursos de Estado m\u00ednimo. Sim, assustadoramente parecido \u00e0 ret\u00f3rica bolsonarista.<\/p>\n<p>Dos tr\u00eas grupos da fragmentada direita, Ciudadanos, fundado em 2006, \u00e9 quem obt\u00e9m um melhor resultado, 57 deputados (eram 32 em 2016). Ciudadanos representa uma nova direita neoliberal mais sofisticada, progressista no \u00e2mbito dos costumes, cosmopolita, com candidatos jovens e bem capacitados. E essa direita, que tamb\u00e9m representa o perigo do neoliberalismo, mas n\u00e3o o do discurso do \u00f3dio, conseguiu parar um maior avan\u00e7o da extrema direita. Fora do campo da esquerda, para parar a extrema direita neoliberal bestializada, uma direita inteligente \u00e9 fundamental.<\/p>\n<p>A nova pol\u00edtica est\u00e1 presente muito mais \u00e0 direita do que \u00e0 esquerda. O Podemos se desidrata como poss\u00edvel op\u00e7\u00e3o hegem\u00f4nica na esquerda. O partido que alguns analistas, no \u00eaxtase posterior ao 15M definiram como o \u201crenascimento da esquerda\u201d fica com 42 deputados. Perde 29 representantes comparado ao ano 2016 e o PSOE ganha 37 em respeito ao mesmo ano. Parece claro que os votantes socialistas que migraram ao Podemos voltam a suas ra\u00edzes. PSOE era o voto \u00fatil da esquerda e do centro contra VOX e um PP radicalizado.<\/p>\n<p>Dois muros pararam um grande avan\u00e7o do discurso da extrema direita na Espanha: uma centro esquerda forte e uma direita renovada n\u00e3o med\u00edocre que n\u00e3o caiu na sedu\u00e7\u00e3o da pol\u00edtica do \u00f3dio.<\/p>\n<p>Esther Solano Gallego, soci\u00f3loga, professora da Unifesp<\/p>\n","protected":false},"excerpt":{"rendered":"<p>Com uma participa\u00e7\u00e3o hist\u00f3rica de eleitores, muitos espanh\u00f3is votaram apavorados pelo VOX ou com medo de uma alian\u00e7a de esquerda<\/p>\n","protected":false},"author":1,"featured_media":0,"comment_status":"closed","ping_status":"open","sticky":false,"template":"","format":"standard","meta":{"_exactmetrics_skip_tracking":false,"_exactmetrics_sitenote_active":false,"_exactmetrics_sitenote_note":"","_exactmetrics_sitenote_category":0,"jetpack_post_was_ever_published":false,"_jetpack_newsletter_access":"","_jetpack_dont_email_post_to_subs":false,"_jetpack_newsletter_tier_id":0,"_jetpack_memberships_contains_paywalled_content":false,"_jetpack_memberships_contains_paid_content":false,"footnotes":"","jetpack_publicize_message":"","jetpack_publicize_feature_enabled":true,"jetpack_social_post_already_shared":true,"jetpack_social_options":{"image_generator_settings":{"template":"highway","enabled":false},"version":2}},"categories":[1],"tags":[],"class_list":["post-21469","post","type-post","status-publish","format-standard","hentry","category-notas"],"jetpack_publicize_connections":[],"jetpack_sharing_enabled":true,"jetpack_featured_media_url":"","jetpack_shortlink":"https:\/\/wp.me\/p7wKYW-5Ah","jetpack-related-posts":[],"_links":{"self":[{"href":"http:\/\/blogdalucianaoliveira.com.br\/blog\/wp-json\/wp\/v2\/posts\/21469","targetHints":{"allow":["GET"]}}],"collection":[{"href":"http:\/\/blogdalucianaoliveira.com.br\/blog\/wp-json\/wp\/v2\/posts"}],"about":[{"href":"http:\/\/blogdalucianaoliveira.com.br\/blog\/wp-json\/wp\/v2\/types\/post"}],"author":[{"embeddable":true,"href":"http:\/\/blogdalucianaoliveira.com.br\/blog\/wp-json\/wp\/v2\/users\/1"}],"replies":[{"embeddable":true,"href":"http:\/\/blogdalucianaoliveira.com.br\/blog\/wp-json\/wp\/v2\/comments?post=21469"}],"version-history":[{"count":1,"href":"http:\/\/blogdalucianaoliveira.com.br\/blog\/wp-json\/wp\/v2\/posts\/21469\/revisions"}],"predecessor-version":[{"id":21471,"href":"http:\/\/blogdalucianaoliveira.com.br\/blog\/wp-json\/wp\/v2\/posts\/21469\/revisions\/21471"}],"wp:attachment":[{"href":"http:\/\/blogdalucianaoliveira.com.br\/blog\/wp-json\/wp\/v2\/media?parent=21469"}],"wp:term":[{"taxonomy":"category","embeddable":true,"href":"http:\/\/blogdalucianaoliveira.com.br\/blog\/wp-json\/wp\/v2\/categories?post=21469"},{"taxonomy":"post_tag","embeddable":true,"href":"http:\/\/blogdalucianaoliveira.com.br\/blog\/wp-json\/wp\/v2\/tags?post=21469"}],"curies":[{"name":"wp","href":"https:\/\/api.w.org\/{rel}","templated":true}]}}