{"id":21472,"date":"2019-04-29T09:49:11","date_gmt":"2019-04-29T13:49:11","guid":{"rendered":"http:\/\/blogdalucianaoliveira.com.br\/blog\/?p=21472"},"modified":"2019-04-29T09:49:11","modified_gmt":"2019-04-29T13:49:11","slug":"despenca-apoio-a-bolsonaro-nas-capitais-e-entre-os-mais-pobres","status":"publish","type":"post","link":"http:\/\/blogdalucianaoliveira.com.br\/blog\/2019\/04\/29\/despenca-apoio-a-bolsonaro-nas-capitais-e-entre-os-mais-pobres\/","title":{"rendered":"DESPENCA APOIO A BOLSONARO NAS CAPITAIS E ENTRE OS MAIS POBRES"},"content":{"rendered":"<p><img data-recalc-dims=\"1\" loading=\"lazy\" decoding=\"async\" data-attachment-id=\"21473\" data-permalink=\"http:\/\/blogdalucianaoliveira.com.br\/blog\/2019\/04\/29\/despenca-apoio-a-bolsonaro-nas-capitais-e-entre-os-mais-pobres\/pob-3\/\" data-orig-file=\"https:\/\/i0.wp.com\/blogdalucianaoliveira.com.br\/blog\/wp-content\/uploads\/2019\/04\/pob.jpg?fit=1000%2C357\" data-orig-size=\"1000,357\" data-comments-opened=\"0\" data-image-meta=\"{&quot;aperture&quot;:&quot;0&quot;,&quot;credit&quot;:&quot;&quot;,&quot;camera&quot;:&quot;&quot;,&quot;caption&quot;:&quot;&quot;,&quot;created_timestamp&quot;:&quot;0&quot;,&quot;copyright&quot;:&quot;&quot;,&quot;focal_length&quot;:&quot;0&quot;,&quot;iso&quot;:&quot;0&quot;,&quot;shutter_speed&quot;:&quot;0&quot;,&quot;title&quot;:&quot;&quot;,&quot;orientation&quot;:&quot;0&quot;}\" data-image-title=\"pob\" data-image-description=\"\" data-image-caption=\"\" data-medium-file=\"https:\/\/i0.wp.com\/blogdalucianaoliveira.com.br\/blog\/wp-content\/uploads\/2019\/04\/pob.jpg?fit=300%2C107\" data-large-file=\"https:\/\/i0.wp.com\/blogdalucianaoliveira.com.br\/blog\/wp-content\/uploads\/2019\/04\/pob.jpg?fit=600%2C214\" src=\"https:\/\/i0.wp.com\/blogdalucianaoliveira.com.br\/blog\/wp-content\/uploads\/2019\/04\/pob.jpg?resize=600%2C214\" alt=\"pob\" width=\"600\" height=\"214\" class=\"alignnone size-full wp-image-21473\" srcset=\"https:\/\/i0.wp.com\/blogdalucianaoliveira.com.br\/blog\/wp-content\/uploads\/2019\/04\/pob.jpg?w=1000 1000w, https:\/\/i0.wp.com\/blogdalucianaoliveira.com.br\/blog\/wp-content\/uploads\/2019\/04\/pob.jpg?resize=300%2C107 300w, https:\/\/i0.wp.com\/blogdalucianaoliveira.com.br\/blog\/wp-content\/uploads\/2019\/04\/pob.jpg?resize=768%2C274 768w, https:\/\/i0.wp.com\/blogdalucianaoliveira.com.br\/blog\/wp-content\/uploads\/2019\/04\/pob.jpg?resize=800%2C286 800w\" sizes=\"auto, (max-width: 600px) 100vw, 600px\" \/><\/p>\n<p>247 &#8211; O apoio ao presidente de extrema-direita, Jair Bolsonaro, despencou em apenas quatro meses, entre eleitores com renda mensal de at\u00e9 dois sal\u00e1rios m\u00ednimos. A maior queda ocorreu nas capitais e na regi\u00e3o Nordeste. Os eleitores de Bolsonaro manifestam ainda inc\u00f4modo com interfer\u00eancia dos filhos no governo e com o despreparo do presidente.<!--more--><\/p>\n<p>Os dados foram compilados em an\u00e1lise do jornal O Estado de S.Paulo com base nas pesquisas do Ibope. Nordestinos e eleitores com baixa escolaridade e renda est\u00e3o entre os que mais recha\u00e7am Bolsonaro. E entre os que apoiavam o capit\u00e3o em um desses segmentos, &#8220;boa parte j\u00e1 pulou do barco&#8221;. O Brasil urbano, sobretudo as capitais, onde se concentra a maioria esmagadora da popula\u00e7\u00e3o, registrou omais forte movimento de perda de apoio de Bolsonaro. Al\u00e9m disso, o movimento foi mais forte nas capitais.<\/p>\n<p>&#8220;Segundo M\u00e1rcia Cavallari, diretora-executiva do Ibope Intelig\u00eancia, Bolsonaro chegou a ganhar, logo depois da posse, um &#8216;voto de confian\u00e7a&#8217; significativo mesmo em setores que, na elei\u00e7\u00e3o presidencial, penderam majoritariamente para Fernando Haddad (PT), como os mais pobres e os nordestinos&#8221;, registra o Estado de S.Paulo. Mas, nesses segmentos &#8220;a identifica\u00e7\u00e3o com Bolsonaro \u00e9 mais fr\u00e1gil&#8221;, observa Cavallari. &#8220;A partir do momento em que o governo passa pelos primeiros desgastes, essa popula\u00e7\u00e3o manifesta seu descontentamento de forma mais r\u00e1pida.&#8221;<\/p>\n<p>Um dado significativo \u00e9 que na regi\u00e3o Nordeste, &#8220;de cada dez eleitores que consideravam o governo bom ou \u00f3timo, quatro j\u00e1 mudaram de ideia. No Sudeste e no Sul, esse movimento tamb\u00e9m se observa, mas com menor intensidade: tr\u00eas e dois de cada dez, respectivamente, j\u00e1 deixaram de manifestar aprova\u00e7\u00e3o&#8221;, informa o Estado de S.Paulo, destacando ainda que o descontentamento \u00e9 cada vez maior nas faixas de renda mais baixas e nas capitais.<\/p>\n<p>Em outra mat\u00e9ria, o Estado de S\u00e3o Paulo destaca o inc\u00f4modo que os filhos e o despreparo de Bolsonaro despertam em seus eleitores.<\/p>\n<p>&#8220;O que tem incomodado o apoiador de Bolsonaro \u00e9 a participa\u00e7\u00e3o dos filhos no governo&#8221;, aponta o jornal, que destaca ainda a queda da confian\u00e7a pessoal no presidente, de 62% para 51%.<\/p>\n","protected":false},"excerpt":{"rendered":"<p>247 &#8211; O apoio ao presidente de extrema-direita, Jair Bolsonaro, despencou em apenas quatro meses, entre eleitores com renda mensal de at\u00e9 dois sal\u00e1rios m\u00ednimos. A maior queda ocorreu nas capitais e na regi\u00e3o Nordeste. Os eleitores de Bolsonaro manifestam ainda inc\u00f4modo com interfer\u00eancia dos filhos no governo e com o despreparo do presidente.<\/p>\n","protected":false},"author":1,"featured_media":0,"comment_status":"closed","ping_status":"open","sticky":false,"template":"","format":"standard","meta":{"_exactmetrics_skip_tracking":false,"_exactmetrics_sitenote_active":false,"_exactmetrics_sitenote_note":"","_exactmetrics_sitenote_category":0,"jetpack_post_was_ever_published":false,"_jetpack_newsletter_access":"","_jetpack_dont_email_post_to_subs":false,"_jetpack_newsletter_tier_id":0,"_jetpack_memberships_contains_paywalled_content":false,"_jetpack_memberships_contains_paid_content":false,"footnotes":"","jetpack_publicize_message":"","jetpack_publicize_feature_enabled":true,"jetpack_social_post_already_shared":true,"jetpack_social_options":{"image_generator_settings":{"template":"highway","enabled":false},"version":2}},"categories":[1],"tags":[],"class_list":["post-21472","post","type-post","status-publish","format-standard","hentry","category-notas"],"jetpack_publicize_connections":[],"jetpack_sharing_enabled":true,"jetpack_featured_media_url":"","jetpack_shortlink":"https:\/\/wp.me\/p7wKYW-5Ak","jetpack-related-posts":[],"_links":{"self":[{"href":"http:\/\/blogdalucianaoliveira.com.br\/blog\/wp-json\/wp\/v2\/posts\/21472","targetHints":{"allow":["GET"]}}],"collection":[{"href":"http:\/\/blogdalucianaoliveira.com.br\/blog\/wp-json\/wp\/v2\/posts"}],"about":[{"href":"http:\/\/blogdalucianaoliveira.com.br\/blog\/wp-json\/wp\/v2\/types\/post"}],"author":[{"embeddable":true,"href":"http:\/\/blogdalucianaoliveira.com.br\/blog\/wp-json\/wp\/v2\/users\/1"}],"replies":[{"embeddable":true,"href":"http:\/\/blogdalucianaoliveira.com.br\/blog\/wp-json\/wp\/v2\/comments?post=21472"}],"version-history":[{"count":1,"href":"http:\/\/blogdalucianaoliveira.com.br\/blog\/wp-json\/wp\/v2\/posts\/21472\/revisions"}],"predecessor-version":[{"id":21474,"href":"http:\/\/blogdalucianaoliveira.com.br\/blog\/wp-json\/wp\/v2\/posts\/21472\/revisions\/21474"}],"wp:attachment":[{"href":"http:\/\/blogdalucianaoliveira.com.br\/blog\/wp-json\/wp\/v2\/media?parent=21472"}],"wp:term":[{"taxonomy":"category","embeddable":true,"href":"http:\/\/blogdalucianaoliveira.com.br\/blog\/wp-json\/wp\/v2\/categories?post=21472"},{"taxonomy":"post_tag","embeddable":true,"href":"http:\/\/blogdalucianaoliveira.com.br\/blog\/wp-json\/wp\/v2\/tags?post=21472"}],"curies":[{"name":"wp","href":"https:\/\/api.w.org\/{rel}","templated":true}]}}