{"id":21475,"date":"2019-04-29T22:44:08","date_gmt":"2019-04-30T02:44:08","guid":{"rendered":"http:\/\/blogdalucianaoliveira.com.br\/blog\/?p=21475"},"modified":"2019-04-29T22:44:08","modified_gmt":"2019-04-30T02:44:08","slug":"arquidiocese-de-porto-velho-se-prepara-para-o-ii-nortao-das-cebs","status":"publish","type":"post","link":"http:\/\/blogdalucianaoliveira.com.br\/blog\/2019\/04\/29\/arquidiocese-de-porto-velho-se-prepara-para-o-ii-nortao-das-cebs\/","title":{"rendered":"Arquidiocese de Porto Velho se prepara para o II Nort\u00e3o das CEBs"},"content":{"rendered":"<p><img data-recalc-dims=\"1\" loading=\"lazy\" decoding=\"async\" data-attachment-id=\"21476\" data-permalink=\"http:\/\/blogdalucianaoliveira.com.br\/blog\/2019\/04\/29\/arquidiocese-de-porto-velho-se-prepara-para-o-ii-nortao-das-cebs\/8497eedf-29ca-4761-a64a-2235a184adac\/\" data-orig-file=\"https:\/\/i0.wp.com\/blogdalucianaoliveira.com.br\/blog\/wp-content\/uploads\/2019\/04\/8497EEDF-29CA-4761-A64A-2235A184ADAC.jpeg?fit=246%2C386\" data-orig-size=\"246,386\" data-comments-opened=\"0\" data-image-meta=\"{&quot;aperture&quot;:&quot;0&quot;,&quot;credit&quot;:&quot;&quot;,&quot;camera&quot;:&quot;&quot;,&quot;caption&quot;:&quot;&quot;,&quot;created_timestamp&quot;:&quot;0&quot;,&quot;copyright&quot;:&quot;&quot;,&quot;focal_length&quot;:&quot;0&quot;,&quot;iso&quot;:&quot;0&quot;,&quot;shutter_speed&quot;:&quot;0&quot;,&quot;title&quot;:&quot;&quot;,&quot;orientation&quot;:&quot;0&quot;}\" data-image-title=\"8497EEDF-29CA-4761-A64A-2235A184ADAC\" data-image-description=\"\" data-image-caption=\"\" data-medium-file=\"https:\/\/i0.wp.com\/blogdalucianaoliveira.com.br\/blog\/wp-content\/uploads\/2019\/04\/8497EEDF-29CA-4761-A64A-2235A184ADAC.jpeg?fit=191%2C300\" data-large-file=\"https:\/\/i0.wp.com\/blogdalucianaoliveira.com.br\/blog\/wp-content\/uploads\/2019\/04\/8497EEDF-29CA-4761-A64A-2235A184ADAC.jpeg?fit=246%2C386\" src=\"https:\/\/i0.wp.com\/blogdalucianaoliveira.com.br\/blog\/wp-content\/uploads\/2019\/04\/8497EEDF-29CA-4761-A64A-2235A184ADAC.jpeg?resize=246%2C386\" alt=\"8497EEDF-29CA-4761-A64A-2235A184ADAC\" width=\"246\" height=\"386\" class=\"alignnone size-full wp-image-21476\" srcset=\"https:\/\/i0.wp.com\/blogdalucianaoliveira.com.br\/blog\/wp-content\/uploads\/2019\/04\/8497EEDF-29CA-4761-A64A-2235A184ADAC.jpeg?w=246 246w, https:\/\/i0.wp.com\/blogdalucianaoliveira.com.br\/blog\/wp-content\/uploads\/2019\/04\/8497EEDF-29CA-4761-A64A-2235A184ADAC.jpeg?resize=191%2C300 191w\" sizes=\"auto, (max-width: 246px) 100vw, 246px\" \/><\/p>\n<p>O II Encontr\u00e3o das Comunidades Eclesiais de Base do Norte (II Nort\u00e3o das CEBs) acontecer\u00e1 em Porto Velho no per\u00edodo de 19 a 21 de julho deste ano de 2019, tendo como tema \u201cEspiritualidade das CEBs na Amaz\u00f4nia\u201d e lema \u201cPor causa da tua Palavra\u201d (Lc 5,5).<!--more--><\/p>\n<p>O tema e o lema visam a refletir sobre a g\u00eanese das CEBs na Amaz\u00f4nia. No princ\u00edpio, no come\u00e7o da caminhada, e o tempo todo, a Palavra de Deus \u00e9 assumida como elemento absolutamente central na vida das comunidades, ao passo que o compromisso de encarn\u00e1-la na realidade dos povos \u00e9 vivido como verdadeiro horizonte da a\u00e7\u00e3o evangelizadora.<\/p>\n<p>Na grande plen\u00e1ria, no domingo de manh\u00e3, dia 21\/07, haver\u00e1 a presen\u00e7a de dom Erwin Kl\u00e4utler, bispo em\u00e9rito da Prelazia de Xingu que vai ajudar os participantes a refletir com o tema \u201cCEBs na Amaz\u00f4nia: Palavra de Deus e encarna\u00e7\u00e3o na realidade\u201d. Na parte da tarde deste mesmo dia, acontecer\u00e1 uma caminhada e uma celebra\u00e7\u00e3o campal em frente \u00e0 Igreja Catedral Sagrado Cora\u00e7\u00e3o de Jesus para celebrar os 10 anos do 12\u00ba Intereclesial das CEBs, que aconteceu em Porto Velho em 2019.<\/p>\n<p>Ent\u00e3o, ecoou o grito da Terra e dos povos da Amaz\u00f4nia. Agora, as comunidades do Norte querem partilhar a sua experi\u00eancia como verdadeira inspira\u00e7\u00e3o para novos caminhos para a evangeliza\u00e7\u00e3o e para a humaniza\u00e7\u00e3o.<\/p>\n<p>S\u00e3o esperados representantes de todo o Norte do Brasil: animadores de comunidades, assessores e assessoras, padres, bispos e religiosos comprometidos com a caminhada das CEBs, bem como lideran\u00e7as do CEBI, CPT, CIMI, ind\u00edgenas, quilombolas e movimentos sociais.<br \/>\nEm carta, Dom Roque Paloschi faz o convite para o Encontro. <\/p>\n<p>PASCOM Arquidiocese de Porto Velho.<\/p>\n<p>Carta de dom Roque na \u00edntegra: <\/p>\n<p>Estimados irm\u00e3os no episcopado, amados e amadas das Comunidades Eclesiais de Base que est\u00e3o na Amaz\u00f4nia,<br \/>\nPaz e bem!<br \/>\nNo horizonte do S\u00ednodo para a Amaz\u00f4nia, em busca de novos caminhos para a evangeliza\u00e7\u00e3o e para uma ecologia integral, e nos dez anos do 12\u00ba Intereclesial, que aconteceu em Porto Velho em julho de 2009, rendemos gra\u00e7as ao bom Deus pelas Comunidades Eclesiais de Base (CEBs). As comunidades s\u00e3o express\u00e3o de uma Igreja que se aproxima do povo e se envolve com a realidade humana e ambiental da Amaz\u00f4nia. Assumem, ademais, a hist\u00f3ria do povo, seus sofrimentos, lutas e sonhos, celebrando e reafirmando o protagonismo de homens e mulheres, ind\u00edgenas, quilombolas, jovens e tantos grupos, especialmente nos regionais da CNBB no Norte do pa\u00eds.<br \/>\nAcolhemos com alegria e esperan\u00e7a a decis\u00e3o dos participantes do I Nort\u00e3o das CEBs, realizado em agosto de 2016 em Tocantin\u00f3polis &#8211; TO, de promover encontros regulares para animar e fortalecer as comunidades da Regi\u00e3o Norte do pa\u00eds. Neste esp\u00edrito, comprometemo-nos a realizar o II Nort\u00e3o das CEBs em Porto Velho &#8211; RO.<br \/>\nA Arquidiocese de Porto Velho alegra-se com a proximidade do Encontro e convida as comunidades \u2013 bispos, padres, religiosos, animadores, lideran\u00e7as e assessores das CEBs, que est\u00e3o na Amaz\u00f4nia \u2013 para participar do mesmo.<br \/>\nData: 19 a 21 de julho 2019. Local: Porto Velho (RO).<br \/>\nTema: Espiritualidade das CEBs na Amaz\u00f4nia.<br \/>\nLema: \u201cPor causa da tua Palavra\u201d (Lc 5,5).<br \/>\nNas pegadas de Santar\u00e9m (1972), desde as diretrizes \u201cevangeliza\u00e7\u00e3o libertadora\u201d e \u201cencarna\u00e7\u00e3o na realidade\u201d, tendo como centro a Palavra de Deus e o  compromisso de encarn\u00e1-la na realidade, no horizonte do Reino, o Encontro visa fortalecer e celebrar a caminhada da Igreja, Povo de Deus,  as comunidades do Norte. Aguardamos a todos para que possamos estreitar nossos la\u00e7os de fraternidade, entrela\u00e7ar nossas ra\u00edzes e celebrar nossas lutas e esperan\u00e7as, nesse ch\u00e3o da Amaz\u00f4nia.<br \/>\nCom a f\u00e9 e a for\u00e7a de Nossa Senhora de Nazar\u00e9, cantamos louvores ao Deus da vida, que faz maravilhas nos pequenos.<\/p>\n<p>Dom Roque Paloschi<br \/>\nBispo da Igreja que est\u00e1 em Porto Velho<\/p>\n","protected":false},"excerpt":{"rendered":"<p>O II Encontr\u00e3o das Comunidades Eclesiais de Base do Norte (II Nort\u00e3o das CEBs) acontecer\u00e1 em Porto Velho no per\u00edodo de 19 a 21 de julho deste ano de 2019, tendo como tema \u201cEspiritualidade das CEBs na Amaz\u00f4nia\u201d e lema \u201cPor causa da tua Palavra\u201d (Lc 5,5).<\/p>\n","protected":false},"author":1,"featured_media":0,"comment_status":"closed","ping_status":"open","sticky":false,"template":"","format":"standard","meta":{"_exactmetrics_skip_tracking":false,"_exactmetrics_sitenote_active":false,"_exactmetrics_sitenote_note":"","_exactmetrics_sitenote_category":0,"jetpack_post_was_ever_published":false,"_jetpack_newsletter_access":"","_jetpack_dont_email_post_to_subs":false,"_jetpack_newsletter_tier_id":0,"_jetpack_memberships_contains_paywalled_content":false,"_jetpack_memberships_contains_paid_content":false,"footnotes":"","jetpack_publicize_message":"","jetpack_publicize_feature_enabled":true,"jetpack_social_post_already_shared":true,"jetpack_social_options":{"image_generator_settings":{"template":"highway","enabled":false},"version":2}},"categories":[1],"tags":[],"class_list":["post-21475","post","type-post","status-publish","format-standard","hentry","category-notas"],"jetpack_publicize_connections":[],"jetpack_sharing_enabled":true,"jetpack_featured_media_url":"","jetpack_shortlink":"https:\/\/wp.me\/p7wKYW-5An","jetpack-related-posts":[],"_links":{"self":[{"href":"http:\/\/blogdalucianaoliveira.com.br\/blog\/wp-json\/wp\/v2\/posts\/21475","targetHints":{"allow":["GET"]}}],"collection":[{"href":"http:\/\/blogdalucianaoliveira.com.br\/blog\/wp-json\/wp\/v2\/posts"}],"about":[{"href":"http:\/\/blogdalucianaoliveira.com.br\/blog\/wp-json\/wp\/v2\/types\/post"}],"author":[{"embeddable":true,"href":"http:\/\/blogdalucianaoliveira.com.br\/blog\/wp-json\/wp\/v2\/users\/1"}],"replies":[{"embeddable":true,"href":"http:\/\/blogdalucianaoliveira.com.br\/blog\/wp-json\/wp\/v2\/comments?post=21475"}],"version-history":[{"count":1,"href":"http:\/\/blogdalucianaoliveira.com.br\/blog\/wp-json\/wp\/v2\/posts\/21475\/revisions"}],"predecessor-version":[{"id":21477,"href":"http:\/\/blogdalucianaoliveira.com.br\/blog\/wp-json\/wp\/v2\/posts\/21475\/revisions\/21477"}],"wp:attachment":[{"href":"http:\/\/blogdalucianaoliveira.com.br\/blog\/wp-json\/wp\/v2\/media?parent=21475"}],"wp:term":[{"taxonomy":"category","embeddable":true,"href":"http:\/\/blogdalucianaoliveira.com.br\/blog\/wp-json\/wp\/v2\/categories?post=21475"},{"taxonomy":"post_tag","embeddable":true,"href":"http:\/\/blogdalucianaoliveira.com.br\/blog\/wp-json\/wp\/v2\/tags?post=21475"}],"curies":[{"name":"wp","href":"https:\/\/api.w.org\/{rel}","templated":true}]}}