{"id":21494,"date":"2019-04-30T12:03:09","date_gmt":"2019-04-30T16:03:09","guid":{"rendered":"http:\/\/blogdalucianaoliveira.com.br\/blog\/?p=21494"},"modified":"2019-04-30T12:03:09","modified_gmt":"2019-04-30T16:03:09","slug":"site-de-brasilia-diz-que-prefeito-de-rondonia-misturou-remedios-com-bebida-alcoolica-e-andou-nu-pelo-corredor-de-hotel","status":"publish","type":"post","link":"http:\/\/blogdalucianaoliveira.com.br\/blog\/2019\/04\/30\/site-de-brasilia-diz-que-prefeito-de-rondonia-misturou-remedios-com-bebida-alcoolica-e-andou-nu-pelo-corredor-de-hotel\/","title":{"rendered":"Site de Bras\u00edlia diz que prefeito de Rond\u00f4nia misturou rem\u00e9dios com bebida alco\u00f3lica e andou nu pelo corredor de hotel"},"content":{"rendered":"<p><img data-recalc-dims=\"1\" loading=\"lazy\" decoding=\"async\" data-attachment-id=\"21495\" data-permalink=\"http:\/\/blogdalucianaoliveira.com.br\/blog\/2019\/04\/30\/site-de-brasilia-diz-que-prefeito-de-rondonia-misturou-remedios-com-bebida-alcoolica-e-andou-nu-pelo-corredor-de-hotel\/50f06f16-b9b3-4aed-938b-37558418d92d\/\" data-orig-file=\"https:\/\/i0.wp.com\/blogdalucianaoliveira.com.br\/blog\/wp-content\/uploads\/2019\/04\/50F06F16-B9B3-4AED-938B-37558418D92D.jpeg?fit=960%2C647\" data-orig-size=\"960,647\" data-comments-opened=\"0\" data-image-meta=\"{&quot;aperture&quot;:&quot;0&quot;,&quot;credit&quot;:&quot;&quot;,&quot;camera&quot;:&quot;&quot;,&quot;caption&quot;:&quot;&quot;,&quot;created_timestamp&quot;:&quot;0&quot;,&quot;copyright&quot;:&quot;&quot;,&quot;focal_length&quot;:&quot;0&quot;,&quot;iso&quot;:&quot;0&quot;,&quot;shutter_speed&quot;:&quot;0&quot;,&quot;title&quot;:&quot;&quot;,&quot;orientation&quot;:&quot;1&quot;}\" data-image-title=\"50F06F16-B9B3-4AED-938B-37558418D92D\" data-image-description=\"\" data-image-caption=\"\" data-medium-file=\"https:\/\/i0.wp.com\/blogdalucianaoliveira.com.br\/blog\/wp-content\/uploads\/2019\/04\/50F06F16-B9B3-4AED-938B-37558418D92D.jpeg?fit=300%2C202\" data-large-file=\"https:\/\/i0.wp.com\/blogdalucianaoliveira.com.br\/blog\/wp-content\/uploads\/2019\/04\/50F06F16-B9B3-4AED-938B-37558418D92D.jpeg?fit=600%2C404\" class=\"alignnone size-full wp-image-21495\" src=\"https:\/\/i0.wp.com\/blogdalucianaoliveira.com.br\/blog\/wp-content\/uploads\/2019\/04\/50F06F16-B9B3-4AED-938B-37558418D92D.jpeg?resize=600%2C404\" alt=\"50F06F16-B9B3-4AED-938B-37558418D92D\" width=\"600\" height=\"404\" srcset=\"https:\/\/i0.wp.com\/blogdalucianaoliveira.com.br\/blog\/wp-content\/uploads\/2019\/04\/50F06F16-B9B3-4AED-938B-37558418D92D.jpeg?w=960 960w, https:\/\/i0.wp.com\/blogdalucianaoliveira.com.br\/blog\/wp-content\/uploads\/2019\/04\/50F06F16-B9B3-4AED-938B-37558418D92D.jpeg?resize=300%2C202 300w, https:\/\/i0.wp.com\/blogdalucianaoliveira.com.br\/blog\/wp-content\/uploads\/2019\/04\/50F06F16-B9B3-4AED-938B-37558418D92D.jpeg?resize=768%2C518 768w, https:\/\/i0.wp.com\/blogdalucianaoliveira.com.br\/blog\/wp-content\/uploads\/2019\/04\/50F06F16-B9B3-4AED-938B-37558418D92D.jpeg?resize=445%2C300 445w\" sizes=\"auto, (max-width: 600px) 100vw, 600px\" \/><\/p>\n<p>No Rond\u00f4nia Din\u00e2mica &#8211; O fato teria ocorrido durante o evento denominado como Marcha a Bras\u00edlia em Defesa dos Munic\u00edpios<!--more--><\/p>\n<p>COM INFORMA\u00c7\u00d5ES DO METR\u00d3POLES<\/p>\n<p>Porto Velho, RO \u2013 O site de not\u00edcias Metr\u00f3poles, de Bras\u00edlia, informou que, durante o per\u00edodo em que ocorrera o vento denominado como Marcha a Bras\u00edlia em Defesa dos Munic\u00edpios, um prefeito do interior de Rond\u00f4nia, n\u00e3o identificado na reportagem, andou nu pelos corredores de um hotel ap\u00f3s misturar rem\u00e9dios com bebida alc\u00f3olica. A veicula\u00e7\u00e3o ironiza o evento intitulando-o de \u201cMarcha da Sacanagem\u201d.<\/p>\n<p>No dia seguinte, ainda de acordo com a publica\u00e7\u00e3o, o chefe do Executivo municipal foi \u201cconvidado a se retirar\u201d pela administra\u00e7\u00e3o-geral.<\/p>\n<p>Leia mais em <a href=\"https:\/\/www.rondoniadinamica.com\/arquivo\/site-de-brasilia-diz-que-prefeito-de-rondonia-misturou-remedios-com-bebida-alcoolica-e-andou-nu-pelo-corredor-de-hotel,46270.shtml#ixzz5maxS6qhe\">https:\/\/www.rondoniadinamica.com\/arquivo\/site-de-brasilia-diz-que-prefeito-de-rondonia-misturou-remedios-com-bebida-alcoolica-e-andou-nu-pelo-corredor-de-hotel,46270.shtml#ixzz5maxS6qhe<\/a><br \/>\n\u00a9 2007-2017 Todos os direitos reservados a RONDONIA DINAMICA COMERCIO E SERVICOS DE INFORMATICA LTDA<\/p>\n<p><strong>LEIA A REPORTAGEM NA \u00cdNTEGRA<br \/>\n<a href=\"https:\/\/www.metropoles.com\/distrito-federal\/video-prefeito-de-tibagi-pr-recebe-sexo-oral-em-elevador-de-hotel-no-df\" target=\"_blank\"><u>V\u00eddeo. Prefeito de Tibagi (PR) recebe sexo oral em elevador de hotel no DF<\/u><\/a><\/strong><\/p>\n<p>Entretanto, ele comprovou que o epis\u00f3dio vexat\u00f3rio ocorreu por conta da mistura ap\u00f3s mostrar aos administradores do hotel os medicamentos para dormir.<\/p>\n<p>A mat\u00e9ria veiculada pelo Metr\u00f3poles tamb\u00e9m conta a hist\u00f3ria do prefeito de Tibagi (PR), Rildo Emanoel Leonardi (MDB), que, no mesmo hotel onde o prefeito de Rond\u00f4nia teria andado pelado pelos corredores, recebeu sexo oral de uma suposta garota de programa, cuja identidade fora preservada pelo site.<\/p>\n<p>\u201cA jovem se agacha enquanto acaricia o \u00f3rg\u00e3o genital do pol\u00edtico. A a\u00e7\u00e3o cessa apenas quando as portas se abrem.\u00a0O prefeito paranaense aperta as teclas do elevador para que as portas se fechassem e ele tivesse mais momentos de privacidade. S\u00f3 que tudo estava sendo filmado. Depois de alguns instantes, ele abotoa a cal\u00e7a\u00a0e os dois deixam o elevador\u201d.<\/p>\n<div id=\"P_RONDONIA_DINAMICA_INTEXT08810314741087187\" class=\"ppIntext ppInsertAdTitle\" data-premium=\"\" data-adunit=\"RONDONIA_DINAMICA_INTEXT\" data-sizes-mobile=\"[[336,280],[300,250],[320,100]] \" data-sizes-desktop=\"[[336,280],[300,250]]\" data-type=\"intext\" data-fetch=\"true\" data-google-query-id=\"CNq9hs2X-OECFYVjwQod-4ALNg\"><\/div>\n","protected":false},"excerpt":{"rendered":"<p>No Rond\u00f4nia Din\u00e2mica &#8211; O fato teria ocorrido durante o evento denominado como Marcha a Bras\u00edlia em Defesa dos Munic\u00edpios<\/p>\n","protected":false},"author":1,"featured_media":0,"comment_status":"closed","ping_status":"open","sticky":false,"template":"","format":"standard","meta":{"_exactmetrics_skip_tracking":false,"_exactmetrics_sitenote_active":false,"_exactmetrics_sitenote_note":"","_exactmetrics_sitenote_category":0,"jetpack_post_was_ever_published":false,"_jetpack_newsletter_access":"","_jetpack_dont_email_post_to_subs":false,"_jetpack_newsletter_tier_id":0,"_jetpack_memberships_contains_paywalled_content":false,"_jetpack_memberships_contains_paid_content":false,"footnotes":"","jetpack_publicize_message":"","jetpack_publicize_feature_enabled":true,"jetpack_social_post_already_shared":true,"jetpack_social_options":{"image_generator_settings":{"template":"highway","enabled":false},"version":2}},"categories":[1],"tags":[],"class_list":["post-21494","post","type-post","status-publish","format-standard","hentry","category-notas"],"jetpack_publicize_connections":[],"jetpack_sharing_enabled":true,"jetpack_featured_media_url":"","jetpack_shortlink":"https:\/\/wp.me\/p7wKYW-5AG","jetpack-related-posts":[],"_links":{"self":[{"href":"http:\/\/blogdalucianaoliveira.com.br\/blog\/wp-json\/wp\/v2\/posts\/21494","targetHints":{"allow":["GET"]}}],"collection":[{"href":"http:\/\/blogdalucianaoliveira.com.br\/blog\/wp-json\/wp\/v2\/posts"}],"about":[{"href":"http:\/\/blogdalucianaoliveira.com.br\/blog\/wp-json\/wp\/v2\/types\/post"}],"author":[{"embeddable":true,"href":"http:\/\/blogdalucianaoliveira.com.br\/blog\/wp-json\/wp\/v2\/users\/1"}],"replies":[{"embeddable":true,"href":"http:\/\/blogdalucianaoliveira.com.br\/blog\/wp-json\/wp\/v2\/comments?post=21494"}],"version-history":[{"count":2,"href":"http:\/\/blogdalucianaoliveira.com.br\/blog\/wp-json\/wp\/v2\/posts\/21494\/revisions"}],"predecessor-version":[{"id":21497,"href":"http:\/\/blogdalucianaoliveira.com.br\/blog\/wp-json\/wp\/v2\/posts\/21494\/revisions\/21497"}],"wp:attachment":[{"href":"http:\/\/blogdalucianaoliveira.com.br\/blog\/wp-json\/wp\/v2\/media?parent=21494"}],"wp:term":[{"taxonomy":"category","embeddable":true,"href":"http:\/\/blogdalucianaoliveira.com.br\/blog\/wp-json\/wp\/v2\/categories?post=21494"},{"taxonomy":"post_tag","embeddable":true,"href":"http:\/\/blogdalucianaoliveira.com.br\/blog\/wp-json\/wp\/v2\/tags?post=21494"}],"curies":[{"name":"wp","href":"https:\/\/api.w.org\/{rel}","templated":true}]}}