{"id":21498,"date":"2019-04-30T12:49:20","date_gmt":"2019-04-30T16:49:20","guid":{"rendered":"http:\/\/blogdalucianaoliveira.com.br\/blog\/?p=21498"},"modified":"2019-04-30T12:49:20","modified_gmt":"2019-04-30T16:49:20","slug":"jorge-pescara-lanca-seu-terceiro-cd-solo-grooves-in-the-eden-2","status":"publish","type":"post","link":"http:\/\/blogdalucianaoliveira.com.br\/blog\/2019\/04\/30\/jorge-pescara-lanca-seu-terceiro-cd-solo-grooves-in-the-eden-2\/","title":{"rendered":"Jorge Pescara lan\u00e7a seu terceiro CD solo,  \u201cGrooves in the Eden\u201d"},"content":{"rendered":"<p><img data-recalc-dims=\"1\" loading=\"lazy\" decoding=\"async\" data-attachment-id=\"21499\" data-permalink=\"http:\/\/blogdalucianaoliveira.com.br\/blog\/2019\/04\/30\/jorge-pescara-lanca-seu-terceiro-cd-solo-grooves-in-the-eden-2\/b859586a-cd88-4992-8d88-c67e08297f0e\/\" data-orig-file=\"https:\/\/i0.wp.com\/blogdalucianaoliveira.com.br\/blog\/wp-content\/uploads\/2019\/04\/B859586A-CD88-4992-8D88-C67E08297F0E.jpeg?fit=400%2C241\" data-orig-size=\"400,241\" data-comments-opened=\"0\" data-image-meta=\"{&quot;aperture&quot;:&quot;0&quot;,&quot;credit&quot;:&quot;&quot;,&quot;camera&quot;:&quot;&quot;,&quot;caption&quot;:&quot;&quot;,&quot;created_timestamp&quot;:&quot;0&quot;,&quot;copyright&quot;:&quot;&quot;,&quot;focal_length&quot;:&quot;0&quot;,&quot;iso&quot;:&quot;0&quot;,&quot;shutter_speed&quot;:&quot;0&quot;,&quot;title&quot;:&quot;&quot;,&quot;orientation&quot;:&quot;0&quot;}\" data-image-title=\"B859586A-CD88-4992-8D88-C67E08297F0E\" data-image-description=\"\" data-image-caption=\"\" data-medium-file=\"https:\/\/i0.wp.com\/blogdalucianaoliveira.com.br\/blog\/wp-content\/uploads\/2019\/04\/B859586A-CD88-4992-8D88-C67E08297F0E.jpeg?fit=300%2C181\" data-large-file=\"https:\/\/i0.wp.com\/blogdalucianaoliveira.com.br\/blog\/wp-content\/uploads\/2019\/04\/B859586A-CD88-4992-8D88-C67E08297F0E.jpeg?fit=400%2C241\" src=\"https:\/\/i0.wp.com\/blogdalucianaoliveira.com.br\/blog\/wp-content\/uploads\/2019\/04\/B859586A-CD88-4992-8D88-C67E08297F0E.jpeg?resize=400%2C241\" alt=\"B859586A-CD88-4992-8D88-C67E08297F0E\" width=\"400\" height=\"241\" class=\"alignnone size-full wp-image-21499\" srcset=\"https:\/\/i0.wp.com\/blogdalucianaoliveira.com.br\/blog\/wp-content\/uploads\/2019\/04\/B859586A-CD88-4992-8D88-C67E08297F0E.jpeg?w=400 400w, https:\/\/i0.wp.com\/blogdalucianaoliveira.com.br\/blog\/wp-content\/uploads\/2019\/04\/B859586A-CD88-4992-8D88-C67E08297F0E.jpeg?resize=300%2C181 300w\" sizes=\"auto, (max-width: 400px) 100vw, 400px\" \/><\/p>\n<p>Produzido por Arnaldo DeSouteiro, lan\u00e7ado internacionalmente pela Jazz Station Records (Los Angeles), novo disco combina elementos do jazz, rock, pop, funk, r&#038;b e m\u00fasica brasileira, com participa\u00e7\u00f5es de Cl\u00e1udio Infante e Andr\u00e9 Sachs, dentre outros<!--more--><\/p>\n<p>Depois dos mundialmente aclamados \u201cGrooves In The Temple\u201d e \u201cKnight Without Armour\u201d, Jorge Pescara chega ao seu terceiro CD, \u201cGrooves In The Eden\u201d, produzido por Arnaldo DeSouteiro e lan\u00e7ado internacionalmente pela gravadora Jazz Station Records, de Los Angeles, em parceria com Fabio Golfetti da Music Magick e com distribui\u00e7\u00e3o no Brasil via Tratore. <\/p>\n<p>O virtuoso baixista inicia, assim, um novo cap\u00edtulo em sua brilhante trajet\u00f3ria, desta vez inspirado na combina\u00e7\u00e3o de elementos de jazz, rock, pop, funk, r&#038;b e m\u00fasica brasileira, transcendendo r\u00f3tulos e estilos, para se afirmar como uma fus\u00e3o \u00fanica e inovadora.<\/p>\n<p>O repert\u00f3rio inclui inspiradas recria\u00e7\u00f5es de sucessos de Freddie Hubbard (\u201cPovo\u201d), Deep Purple (\u201cSmoke On The Water\u201d), Beatles (\u201cCome Together\u201d), Earth Wind &#038; Fire (\u201cBrazilian Rhyme\u201d) e Brecker Brothers (\u201cSong For Barry\u201d), al\u00e9m de temas compostos especialmente para o disco por Jorge Pescara em parcerias com Laudir de Oliveira (\u201cMacumBass\u201d) e Gaudencio Thiago de Mello (\u201cPlato\u2019s Dialogues: Timaeus &#038; Critias\u201d).<\/p>\n<p>A faixa-t\u00edtulo \u201cGrooves In The Eden\u201d, luxuriante homenagem ao maestro Bob James, \u00e9 assinada pelo tecladista Glauton Campello. \u201cAzymuth Men\u201d homenageia os integrantes do fant\u00e1stico trio Azymuth, em especial a seu saudoso fundador Jos\u00e9 Roberto Bertrami, com quem Pescara tocou por mais de 10 anos. <\/p>\n<p>O disco conta ainda com as participa\u00e7\u00f5es de Andr\u00e9 Sachs, Jo\u00e3o Paulo Mendon\u00e7a, Roberto Sallaberry, Claudio Infante, Cesar Machado e Paulinho Black, al\u00e9m do celista italiano Davide Zaccaria e o baterista franco\/portugu\u00eas David Jeronim\u00e8, dentre outros.<\/p>\n<p>Um dos baixistas brasileiros de maior expressividade no cen\u00e1rio contempor\u00e2neo do jazz e do rock progressivo, Jorge Pescara integra atualmente o grupo da cantora Ithamara Koorax, com quem j\u00e1 gravou diversos discos (\u201cBrazilian Butterfly\u201d, \u201cGot To Be Real\u201d, \u201cLove Dance\u201d) e excursionou pelo mundo, da Finl\u00e2ndia \u00e0 Portugal, da Fran\u00e7a \u00e0 Cor\u00e9ia do Sul, al\u00e9m de liderar a Knight Progband.<br \/>\nTamb\u00e9m gravou com Dom Um Rom\u00e3o, Luiz Bonf\u00e1, Paulo Moura, Eumir Deodato, Jos\u00e9 Roberto Bertrami, Celso Fonseca, Sergio Vid, Carlos Pingarilho, Mario Castro Neves, Lord K, Jo\u00e3o Palma, Laura Finocchiaro, o guitarrista japones Mamoru Morishita, os compositores portugueses Fernando Gir\u00e3o e Paco Bandeira, al\u00e9m da banda prog metal norte-americana The Unified One, dentre varios outros. Integrou as bandas ZER\u00d8 (\u201cEletroacustico\u201d, \u201cQuinto Elemento\u201d), Dialeto (\u201cThe Last Tribe\u201d) e JSR All Stars (\u201cFriends From Brazil\u201d, \u201cRio Strut\u201d) em trabalhos de grande repercuss\u00e3o.<\/p>\n<p>COMPRAR ONLINE<br \/>\n https:\/\/www.tratore.com.br\/um_cd.php?id=14527<\/p>\n<p>OUVIR ONLINE<br \/>\n<iframe title=\"Spotify Embed: Grooves in the Eden\" style=\"border-radius: 12px\" width=\"100%\" height=\"352\" frameborder=\"0\" allowfullscreen allow=\"autoplay; clipboard-write; encrypted-media; fullscreen; picture-in-picture\" loading=\"lazy\" src=\"https:\/\/open.spotify.com\/embed\/album\/0TU96LKfvWvKrcRonfoawH?utm_source=oembed\"><\/iframe><\/p>\n<p>http:\/\/www.jorgepescara.com.br<\/p>\n<p>F\u00e1bio Cezanne<br \/>\nCezanne Comunica\u00e7\u00e3o &#8211; Assessoria de Imprensa em Cultura e Arte<\/p>\n","protected":false},"excerpt":{"rendered":"<p>Produzido por Arnaldo DeSouteiro, lan\u00e7ado internacionalmente pela Jazz Station Records (Los Angeles), novo disco combina elementos do jazz, rock, pop, funk, r&#038;b e m\u00fasica brasileira, com participa\u00e7\u00f5es de Cl\u00e1udio Infante e Andr\u00e9 Sachs, dentre outros<\/p>\n","protected":false},"author":1,"featured_media":0,"comment_status":"closed","ping_status":"open","sticky":false,"template":"","format":"standard","meta":{"_exactmetrics_skip_tracking":false,"_exactmetrics_sitenote_active":false,"_exactmetrics_sitenote_note":"","_exactmetrics_sitenote_category":0,"jetpack_post_was_ever_published":false,"_jetpack_newsletter_access":"","_jetpack_dont_email_post_to_subs":false,"_jetpack_newsletter_tier_id":0,"_jetpack_memberships_contains_paywalled_content":false,"_jetpack_memberships_contains_paid_content":false,"footnotes":"","jetpack_publicize_message":"","jetpack_publicize_feature_enabled":true,"jetpack_social_post_already_shared":true,"jetpack_social_options":{"image_generator_settings":{"template":"highway","enabled":false},"version":2}},"categories":[1],"tags":[],"class_list":["post-21498","post","type-post","status-publish","format-standard","hentry","category-notas"],"jetpack_publicize_connections":[],"jetpack_sharing_enabled":true,"jetpack_featured_media_url":"","jetpack_shortlink":"https:\/\/wp.me\/p7wKYW-5AK","jetpack-related-posts":[],"_links":{"self":[{"href":"http:\/\/blogdalucianaoliveira.com.br\/blog\/wp-json\/wp\/v2\/posts\/21498","targetHints":{"allow":["GET"]}}],"collection":[{"href":"http:\/\/blogdalucianaoliveira.com.br\/blog\/wp-json\/wp\/v2\/posts"}],"about":[{"href":"http:\/\/blogdalucianaoliveira.com.br\/blog\/wp-json\/wp\/v2\/types\/post"}],"author":[{"embeddable":true,"href":"http:\/\/blogdalucianaoliveira.com.br\/blog\/wp-json\/wp\/v2\/users\/1"}],"replies":[{"embeddable":true,"href":"http:\/\/blogdalucianaoliveira.com.br\/blog\/wp-json\/wp\/v2\/comments?post=21498"}],"version-history":[{"count":1,"href":"http:\/\/blogdalucianaoliveira.com.br\/blog\/wp-json\/wp\/v2\/posts\/21498\/revisions"}],"predecessor-version":[{"id":21500,"href":"http:\/\/blogdalucianaoliveira.com.br\/blog\/wp-json\/wp\/v2\/posts\/21498\/revisions\/21500"}],"wp:attachment":[{"href":"http:\/\/blogdalucianaoliveira.com.br\/blog\/wp-json\/wp\/v2\/media?parent=21498"}],"wp:term":[{"taxonomy":"category","embeddable":true,"href":"http:\/\/blogdalucianaoliveira.com.br\/blog\/wp-json\/wp\/v2\/categories?post=21498"},{"taxonomy":"post_tag","embeddable":true,"href":"http:\/\/blogdalucianaoliveira.com.br\/blog\/wp-json\/wp\/v2\/tags?post=21498"}],"curies":[{"name":"wp","href":"https:\/\/api.w.org\/{rel}","templated":true}]}}