{"id":21501,"date":"2019-04-30T14:08:11","date_gmt":"2019-04-30T18:08:11","guid":{"rendered":"http:\/\/blogdalucianaoliveira.com.br\/blog\/?p=21501"},"modified":"2019-04-30T14:08:11","modified_gmt":"2019-04-30T18:08:11","slug":"sebastiao-salgado-divulga-foto-de-restauracao-florestal-apos-20-anos","status":"publish","type":"post","link":"http:\/\/blogdalucianaoliveira.com.br\/blog\/2019\/04\/30\/sebastiao-salgado-divulga-foto-de-restauracao-florestal-apos-20-anos\/","title":{"rendered":"Sebasti\u00e3o Salgado divulga foto de restaura\u00e7\u00e3o florestal ap\u00f3s 20 anos"},"content":{"rendered":"<p><img data-recalc-dims=\"1\" loading=\"lazy\" decoding=\"async\" data-attachment-id=\"21502\" data-permalink=\"http:\/\/blogdalucianaoliveira.com.br\/blog\/2019\/04\/30\/sebastiao-salgado-divulga-foto-de-restauracao-florestal-apos-20-anos\/8e25bd53-6496-4474-94fe-48183802ad2b\/\" data-orig-file=\"https:\/\/i0.wp.com\/blogdalucianaoliveira.com.br\/blog\/wp-content\/uploads\/2019\/04\/8E25BD53-6496-4474-94FE-48183802AD2B.jpeg?fit=960%2C480\" data-orig-size=\"960,480\" data-comments-opened=\"0\" data-image-meta=\"{&quot;aperture&quot;:&quot;0&quot;,&quot;credit&quot;:&quot;&quot;,&quot;camera&quot;:&quot;&quot;,&quot;caption&quot;:&quot;&quot;,&quot;created_timestamp&quot;:&quot;0&quot;,&quot;copyright&quot;:&quot;&quot;,&quot;focal_length&quot;:&quot;0&quot;,&quot;iso&quot;:&quot;0&quot;,&quot;shutter_speed&quot;:&quot;0&quot;,&quot;title&quot;:&quot;&quot;,&quot;orientation&quot;:&quot;0&quot;}\" data-image-title=\"8E25BD53-6496-4474-94FE-48183802AD2B\" data-image-description=\"\" data-image-caption=\"\" data-medium-file=\"https:\/\/i0.wp.com\/blogdalucianaoliveira.com.br\/blog\/wp-content\/uploads\/2019\/04\/8E25BD53-6496-4474-94FE-48183802AD2B.jpeg?fit=300%2C150\" data-large-file=\"https:\/\/i0.wp.com\/blogdalucianaoliveira.com.br\/blog\/wp-content\/uploads\/2019\/04\/8E25BD53-6496-4474-94FE-48183802AD2B.jpeg?fit=600%2C300\" src=\"https:\/\/i0.wp.com\/blogdalucianaoliveira.com.br\/blog\/wp-content\/uploads\/2019\/04\/8E25BD53-6496-4474-94FE-48183802AD2B.jpeg?resize=600%2C300\" alt=\"8E25BD53-6496-4474-94FE-48183802AD2B\" width=\"600\" height=\"300\" class=\"alignnone size-full wp-image-21502\" srcset=\"https:\/\/i0.wp.com\/blogdalucianaoliveira.com.br\/blog\/wp-content\/uploads\/2019\/04\/8E25BD53-6496-4474-94FE-48183802AD2B.jpeg?w=960 960w, https:\/\/i0.wp.com\/blogdalucianaoliveira.com.br\/blog\/wp-content\/uploads\/2019\/04\/8E25BD53-6496-4474-94FE-48183802AD2B.jpeg?resize=300%2C150 300w, https:\/\/i0.wp.com\/blogdalucianaoliveira.com.br\/blog\/wp-content\/uploads\/2019\/04\/8E25BD53-6496-4474-94FE-48183802AD2B.jpeg?resize=768%2C384 768w, https:\/\/i0.wp.com\/blogdalucianaoliveira.com.br\/blog\/wp-content\/uploads\/2019\/04\/8E25BD53-6496-4474-94FE-48183802AD2B.jpeg?resize=600%2C300 600w\" sizes=\"auto, (max-width: 600px) 100vw, 600px\" \/><\/p>\n<p>O fot\u00f3grafo e a esposa dirigem o Instituto Terra, respons\u00e1vel por revitalizar regi\u00e3o com 4 milh\u00f5es de \u00e1rvores<!--more--><\/p>\n<p>Na Revista Galileu<br \/>\nO fot\u00f3grafo brasileiro Sebasti\u00e3o Salgado e a esposa, L\u00e9lia Wanick Salgado, divulgaram no Facebook uma montagem que mostra a restaura\u00e7\u00e3o florestal na propriedade da fam\u00edlia. As imagens t\u00eam 20 anos de diferen\u00e7a, e a compara\u00e7\u00e3o impressiona.<\/p>\n<p>O casal criou o Instituto Terra, respons\u00e1vel pela restaura\u00e7\u00e3o, quando Salgado voltou de uma viagem fotogr\u00e1fica \u00e0 Ruanda em 1994, onde documentou o genoc\u00eddio que ocorreu na regi\u00e3o. O objetivo inicial era replantar 4 milh\u00f5es de \u00e1rvores \u2014 cerca de 17 mil acres de terra \u2014 naturais da regi\u00e3o.<\/p>\n<p>\u201cApenas cerca de 0,5% da terra estava coberta de \u00e1rvores. Ent\u00e3o minha esposa teve a ideia fabulosa de replantar esta floresta. E quando come\u00e7amos a fazer isso, todos os insetos, p\u00e1ssaros e peixes retornaram e, gra\u00e7as a esse aumento das \u00e1rvores, eu tamb\u00e9m renasci \u2014 este foi o momento mais importante \u201d, contou o fot\u00f3grafo ao jornal brit\u00e2nico The Guardian em 2015.<\/p>\n<p>O processo replantio em si s\u00f3 come\u00e7ou em 1999, j\u00e1 que a regi\u00e3o de Minas Gerais em que a propriedade da fam\u00edlia est\u00e1 situada sofreu com escassez de \u00e1gua at\u00e9 o per\u00edodo. A primeira etapa foi plantar leguminosas, que ficaram respons\u00e1veis por recuperar o nitrog\u00eanio no solo. <\/p>\n<p>A primeira leva de mudas plantadas, contudo, n\u00e3o deu certo: &#8220;Fizemos os buracos [no solo] muito apertados&#8221;, disse Salgado ao Smithsonian. &#8220;Durante semanas eu estava doente \u2014 doente por ver aquele desastre.&#8221;<\/p>\n<p>Mas a dupla n\u00e3o desistiu, e no ano seguinte a perda foi de apenas 20% da planta\u00e7\u00e3o. Hoje Salgado e a esposa contam com a ajuda de volunt\u00e1rios e especialistas \u2014 as perdas anuais n\u00e3o chegam a 10%. <\/p>\n<p>A floresta \u00e9 uma reserva natural sem fins lucrativos e sua restaura\u00e7\u00e3o trouxe de volta diversas esp\u00e9cies de animais para a regi\u00e3o. Hoje, o casal treina jovens ecologistas, que plantam e nutrem milh\u00f5es de mudas no viveiro.<\/p>\n","protected":false},"excerpt":{"rendered":"<p>O fot\u00f3grafo e a esposa dirigem o Instituto Terra, respons\u00e1vel por revitalizar regi\u00e3o com 4 milh\u00f5es de \u00e1rvores<\/p>\n","protected":false},"author":1,"featured_media":0,"comment_status":"closed","ping_status":"open","sticky":false,"template":"","format":"standard","meta":{"_exactmetrics_skip_tracking":false,"_exactmetrics_sitenote_active":false,"_exactmetrics_sitenote_note":"","_exactmetrics_sitenote_category":0,"jetpack_post_was_ever_published":false,"_jetpack_newsletter_access":"","_jetpack_dont_email_post_to_subs":false,"_jetpack_newsletter_tier_id":0,"_jetpack_memberships_contains_paywalled_content":false,"_jetpack_memberships_contains_paid_content":false,"footnotes":"","jetpack_publicize_message":"","jetpack_publicize_feature_enabled":true,"jetpack_social_post_already_shared":true,"jetpack_social_options":{"image_generator_settings":{"template":"highway","enabled":false},"version":2}},"categories":[1],"tags":[],"class_list":["post-21501","post","type-post","status-publish","format-standard","hentry","category-notas"],"jetpack_publicize_connections":[],"jetpack_sharing_enabled":true,"jetpack_featured_media_url":"","jetpack_shortlink":"https:\/\/wp.me\/p7wKYW-5AN","jetpack-related-posts":[],"_links":{"self":[{"href":"http:\/\/blogdalucianaoliveira.com.br\/blog\/wp-json\/wp\/v2\/posts\/21501","targetHints":{"allow":["GET"]}}],"collection":[{"href":"http:\/\/blogdalucianaoliveira.com.br\/blog\/wp-json\/wp\/v2\/posts"}],"about":[{"href":"http:\/\/blogdalucianaoliveira.com.br\/blog\/wp-json\/wp\/v2\/types\/post"}],"author":[{"embeddable":true,"href":"http:\/\/blogdalucianaoliveira.com.br\/blog\/wp-json\/wp\/v2\/users\/1"}],"replies":[{"embeddable":true,"href":"http:\/\/blogdalucianaoliveira.com.br\/blog\/wp-json\/wp\/v2\/comments?post=21501"}],"version-history":[{"count":1,"href":"http:\/\/blogdalucianaoliveira.com.br\/blog\/wp-json\/wp\/v2\/posts\/21501\/revisions"}],"predecessor-version":[{"id":21503,"href":"http:\/\/blogdalucianaoliveira.com.br\/blog\/wp-json\/wp\/v2\/posts\/21501\/revisions\/21503"}],"wp:attachment":[{"href":"http:\/\/blogdalucianaoliveira.com.br\/blog\/wp-json\/wp\/v2\/media?parent=21501"}],"wp:term":[{"taxonomy":"category","embeddable":true,"href":"http:\/\/blogdalucianaoliveira.com.br\/blog\/wp-json\/wp\/v2\/categories?post=21501"},{"taxonomy":"post_tag","embeddable":true,"href":"http:\/\/blogdalucianaoliveira.com.br\/blog\/wp-json\/wp\/v2\/tags?post=21501"}],"curies":[{"name":"wp","href":"https:\/\/api.w.org\/{rel}","templated":true}]}}