{"id":21504,"date":"2019-04-30T14:32:29","date_gmt":"2019-04-30T18:32:29","guid":{"rendered":"http:\/\/blogdalucianaoliveira.com.br\/blog\/?p=21504"},"modified":"2019-04-30T14:32:29","modified_gmt":"2019-04-30T18:32:29","slug":"cineamazonia-itinerante-16a-edicao-acontece-no-mes-de-junho","status":"publish","type":"post","link":"http:\/\/blogdalucianaoliveira.com.br\/blog\/2019\/04\/30\/cineamazonia-itinerante-16a-edicao-acontece-no-mes-de-junho\/","title":{"rendered":"Cineamazonia Itinerante \u2013 16\u00aa Edi\u00e7\u00e3o acontece no m\u00eas de junho"},"content":{"rendered":"<p><img data-recalc-dims=\"1\" loading=\"lazy\" decoding=\"async\" data-attachment-id=\"21505\" data-permalink=\"http:\/\/blogdalucianaoliveira.com.br\/blog\/2019\/04\/30\/cineamazonia-itinerante-16a-edicao-acontece-no-mes-de-junho\/0c8f843b-34d0-4f0e-bcc1-2ec63d0e264a\/\" data-orig-file=\"https:\/\/i0.wp.com\/blogdalucianaoliveira.com.br\/blog\/wp-content\/uploads\/2019\/04\/0C8F843B-34D0-4F0E-BCC1-2EC63D0E264A.jpeg?fit=1900%2C700\" data-orig-size=\"1900,700\" data-comments-opened=\"0\" data-image-meta=\"{&quot;aperture&quot;:&quot;0&quot;,&quot;credit&quot;:&quot;&quot;,&quot;camera&quot;:&quot;&quot;,&quot;caption&quot;:&quot;&quot;,&quot;created_timestamp&quot;:&quot;0&quot;,&quot;copyright&quot;:&quot;&quot;,&quot;focal_length&quot;:&quot;0&quot;,&quot;iso&quot;:&quot;0&quot;,&quot;shutter_speed&quot;:&quot;0&quot;,&quot;title&quot;:&quot;&quot;,&quot;orientation&quot;:&quot;0&quot;}\" data-image-title=\"0C8F843B-34D0-4F0E-BCC1-2EC63D0E264A\" data-image-description=\"\" data-image-caption=\"\" data-medium-file=\"https:\/\/i0.wp.com\/blogdalucianaoliveira.com.br\/blog\/wp-content\/uploads\/2019\/04\/0C8F843B-34D0-4F0E-BCC1-2EC63D0E264A.jpeg?fit=300%2C111\" data-large-file=\"https:\/\/i0.wp.com\/blogdalucianaoliveira.com.br\/blog\/wp-content\/uploads\/2019\/04\/0C8F843B-34D0-4F0E-BCC1-2EC63D0E264A.jpeg?fit=600%2C221\" class=\"alignnone size-full wp-image-21505\" src=\"https:\/\/i0.wp.com\/blogdalucianaoliveira.com.br\/blog\/wp-content\/uploads\/2019\/04\/0C8F843B-34D0-4F0E-BCC1-2EC63D0E264A.jpeg?resize=600%2C221\" alt=\"0C8F843B-34D0-4F0E-BCC1-2EC63D0E264A\" width=\"600\" height=\"221\" srcset=\"https:\/\/i0.wp.com\/blogdalucianaoliveira.com.br\/blog\/wp-content\/uploads\/2019\/04\/0C8F843B-34D0-4F0E-BCC1-2EC63D0E264A.jpeg?w=1900 1900w, https:\/\/i0.wp.com\/blogdalucianaoliveira.com.br\/blog\/wp-content\/uploads\/2019\/04\/0C8F843B-34D0-4F0E-BCC1-2EC63D0E264A.jpeg?resize=300%2C111 300w, https:\/\/i0.wp.com\/blogdalucianaoliveira.com.br\/blog\/wp-content\/uploads\/2019\/04\/0C8F843B-34D0-4F0E-BCC1-2EC63D0E264A.jpeg?resize=768%2C283 768w, https:\/\/i0.wp.com\/blogdalucianaoliveira.com.br\/blog\/wp-content\/uploads\/2019\/04\/0C8F843B-34D0-4F0E-BCC1-2EC63D0E264A.jpeg?resize=1024%2C377 1024w, https:\/\/i0.wp.com\/blogdalucianaoliveira.com.br\/blog\/wp-content\/uploads\/2019\/04\/0C8F843B-34D0-4F0E-BCC1-2EC63D0E264A.jpeg?resize=800%2C295 800w, https:\/\/i0.wp.com\/blogdalucianaoliveira.com.br\/blog\/wp-content\/uploads\/2019\/04\/0C8F843B-34D0-4F0E-BCC1-2EC63D0E264A.jpeg?w=1200 1200w, https:\/\/i0.wp.com\/blogdalucianaoliveira.com.br\/blog\/wp-content\/uploads\/2019\/04\/0C8F843B-34D0-4F0E-BCC1-2EC63D0E264A.jpeg?w=1800 1800w\" sizes=\"auto, (max-width: 600px) 100vw, 600px\" \/><\/p>\n<p>A 16\u00aa Edi\u00e7\u00e3o do Cineamazonia Itinerante acontece entre os dias 01 a 20 de junho de 2019. Para a edi\u00e7\u00e3o deste ano, ser\u00e3o percorridas as comunidades de Cabixi (01\/06), Pimenteiras (02\/06), Quilombo Pedras Negras (12\/06), Quilombo Santo Ant\u00f4nio (14\/06), Costa Marques (15\/06), Forte Pr\u00edncipe da Beira (17\/06) e Surpresa (20\/06).<!--more--><\/p>\n<p><img data-recalc-dims=\"1\" loading=\"lazy\" decoding=\"async\" class=\"wp-image-3267 alignleft visible animated\" src=\"https:\/\/i0.wp.com\/cineamazonia.com.br\/wp-content\/uploads\/2019\/04\/CINEAMAZ%25C3%2594NIA-2018-CARTAZ-INTINER%25C3%2582NCIA-SITE-2.png?resize=331%2C377\" sizes=\"auto, (max-width: 331px) 100vw, 331px\" srcset=\"http:\/\/cineamazonia.com.br\/wp-content\/uploads\/2019\/04\/CINEAMAZ%C3%94NIA-2018-CARTAZ-INTINER%C3%82NCIA-SITE-2.png 1513w, http:\/\/cineamazonia.com.br\/wp-content\/uploads\/2019\/04\/CINEAMAZ%C3%94NIA-2018-CARTAZ-INTINER%C3%82NCIA-SITE-2-264x300.png 264w, http:\/\/cineamazonia.com.br\/wp-content\/uploads\/2019\/04\/CINEAMAZ%C3%94NIA-2018-CARTAZ-INTINER%C3%82NCIA-SITE-2-768x873.png 768w, http:\/\/cineamazonia.com.br\/wp-content\/uploads\/2019\/04\/CINEAMAZ%C3%94NIA-2018-CARTAZ-INTINER%C3%82NCIA-SITE-2-901x1024.png 901w, http:\/\/cineamazonia.com.br\/wp-content\/uploads\/2019\/04\/CINEAMAZ%C3%94NIA-2018-CARTAZ-INTINER%C3%82NCIA-SITE-2-24x27.png 24w\" alt=\"\" width=\"331\" height=\"377\" \/>O Cineamazonia Itinerante percorre, de barco, as comunidades ribeirinhas do Rio Guapor\u00e9, no Estado de Rond\u00f4nia, levando cinema com a exibi\u00e7\u00e3o de curtas metragens, sendo aguardado com grande ansiedade pelos moradores todos os anos. Nos locais de exibi\u00e7\u00e3o, s\u00e3o montadas as estruturas transformando o espa\u00e7o p\u00fablico em um grande cinema, com tela e cadeiras para a plateia, se tornando, sempre, uma grande festa onde todos das comunidades e regi\u00e3o se encontram.<\/p>\n<p>Para a 16\u00aa Edi\u00e7\u00e3o est\u00e3o programadas as exibi\u00e7\u00f5es de dez filmes, assim selecionados: Fic\u00e7\u00e3o: \u201cBalanceia\u201d, de Thiago Oliveira e Juraci J\u00fanior, de Rond\u00f4nia; \u201cA piscina de Ca\u00edque\u201d de Raphael Gustavo da Silva, de Goi\u00e1s; \u201cCris\u00e1lida\u201d, de Serginho Melo de Santa Catarina e \u201cOpala azul Neg\u00e3o\u201d, de Renn\u00e9 Brasil de S\u00e1, de S\u00e3o Paulo.<\/p>\n<p>Entre as anima\u00e7\u00f5es da 16\u00aa Edi\u00e7\u00e3o do Cinemazonia Itinerante est\u00e3o as cariocas \u201cMiudinho\u201d, de Gordeff e Cl\u00e1udio Roberto, \u201cO fim da fila\u201d, de William C\u00f4go e \u201cSviaz\u201d, de Diego Akel, Leo Ribeiro, Felipe Thiroux, Adriane Puresa, David Mussel, Anna Thereza Menezes, Alexandre Bersot, Jackson Abacatu e Ronaldo Oliveira. Fecham as anima\u00e7\u00f5es os goianos, \u201cO violeiro fantasma\u201d, de Wesley Rodrigues e \u201cO bagre de bolas\u201d, de Luiz Botosso e Thiago Veiga. Fecha a programa\u00e7\u00e3o o document\u00e1rio \u201cXavante, Mem\u00f3ria, Cultura e Resist\u00eancia\u201d de Gilson Costa, de Mato Grosso.<\/p>\n<p>&nbsp;<\/p>\n<p><strong>O Cineamaz\u00f4nia<\/strong><\/p>\n<p>O <strong>Cineamaz\u00f4nia \u2013 Festival de Cinema Ambiental<\/strong> surgiu h\u00e1 16 anos na Amaz\u00f4nia Brasileira, com o objetivo de realizar a jun\u00e7\u00e3o entre a s\u00e9tima arte e o meio ambiente, divulgando e promovendo a mensagem pela sustentabilidade, o respeito \u00e0 natureza e \u00e0 tradi\u00e7\u00e3o dos povos que dela dependem. Isso sem esquecer de divulgar, integrar e promover discuss\u00f5es em torno da produ\u00e7\u00e3o de cinema e v\u00eddeos nacionais e internacionais, e a forma\u00e7\u00e3o de plateia e a consci\u00eancia s\u00f3cio ambiental.<\/p>\n<p>&nbsp;<\/p>\n<p><strong>Cineamaz\u00f4nia Itinerante \u2013 16a edi\u00e7\u00e3o<\/strong> \u2013 tem o patroc\u00ednio do BNDES, Governo Federal, Minist\u00e9rio da Cidadania, Secretaria Especial da Cultura, Lei Federal de Incentivo \u00e0 Cultura.<\/p>\n<p>&nbsp;<\/p>\n","protected":false},"excerpt":{"rendered":"<p>A 16\u00aa Edi\u00e7\u00e3o do Cineamazonia Itinerante acontece entre os dias 01 a 20 de junho de 2019. Para a edi\u00e7\u00e3o deste ano, ser\u00e3o percorridas as comunidades de Cabixi (01\/06), Pimenteiras (02\/06), Quilombo Pedras Negras (12\/06), Quilombo Santo Ant\u00f4nio (14\/06), Costa Marques (15\/06), Forte Pr\u00edncipe da Beira (17\/06) e Surpresa (20\/06).<\/p>\n","protected":false},"author":1,"featured_media":0,"comment_status":"closed","ping_status":"open","sticky":false,"template":"","format":"standard","meta":{"_exactmetrics_skip_tracking":false,"_exactmetrics_sitenote_active":false,"_exactmetrics_sitenote_note":"","_exactmetrics_sitenote_category":0,"jetpack_post_was_ever_published":false,"_jetpack_newsletter_access":"","_jetpack_dont_email_post_to_subs":false,"_jetpack_newsletter_tier_id":0,"_jetpack_memberships_contains_paywalled_content":false,"_jetpack_memberships_contains_paid_content":false,"footnotes":"","jetpack_publicize_message":"","jetpack_publicize_feature_enabled":true,"jetpack_social_post_already_shared":true,"jetpack_social_options":{"image_generator_settings":{"template":"highway","enabled":false},"version":2}},"categories":[1],"tags":[],"class_list":["post-21504","post","type-post","status-publish","format-standard","hentry","category-notas"],"jetpack_publicize_connections":[],"jetpack_sharing_enabled":true,"jetpack_featured_media_url":"","jetpack_shortlink":"https:\/\/wp.me\/p7wKYW-5AQ","jetpack-related-posts":[],"_links":{"self":[{"href":"http:\/\/blogdalucianaoliveira.com.br\/blog\/wp-json\/wp\/v2\/posts\/21504","targetHints":{"allow":["GET"]}}],"collection":[{"href":"http:\/\/blogdalucianaoliveira.com.br\/blog\/wp-json\/wp\/v2\/posts"}],"about":[{"href":"http:\/\/blogdalucianaoliveira.com.br\/blog\/wp-json\/wp\/v2\/types\/post"}],"author":[{"embeddable":true,"href":"http:\/\/blogdalucianaoliveira.com.br\/blog\/wp-json\/wp\/v2\/users\/1"}],"replies":[{"embeddable":true,"href":"http:\/\/blogdalucianaoliveira.com.br\/blog\/wp-json\/wp\/v2\/comments?post=21504"}],"version-history":[{"count":1,"href":"http:\/\/blogdalucianaoliveira.com.br\/blog\/wp-json\/wp\/v2\/posts\/21504\/revisions"}],"predecessor-version":[{"id":21506,"href":"http:\/\/blogdalucianaoliveira.com.br\/blog\/wp-json\/wp\/v2\/posts\/21504\/revisions\/21506"}],"wp:attachment":[{"href":"http:\/\/blogdalucianaoliveira.com.br\/blog\/wp-json\/wp\/v2\/media?parent=21504"}],"wp:term":[{"taxonomy":"category","embeddable":true,"href":"http:\/\/blogdalucianaoliveira.com.br\/blog\/wp-json\/wp\/v2\/categories?post=21504"},{"taxonomy":"post_tag","embeddable":true,"href":"http:\/\/blogdalucianaoliveira.com.br\/blog\/wp-json\/wp\/v2\/tags?post=21504"}],"curies":[{"name":"wp","href":"https:\/\/api.w.org\/{rel}","templated":true}]}}