{"id":21507,"date":"2019-04-30T17:12:42","date_gmt":"2019-04-30T21:12:42","guid":{"rendered":"http:\/\/blogdalucianaoliveira.com.br\/blog\/?p=21507"},"modified":"2019-04-30T17:12:42","modified_gmt":"2019-04-30T21:12:42","slug":"nota-de-repudio-da-cpt-ajudar-a-violencia-no-campo-e-o-que-quer-o-presidente-bolsonaro","status":"publish","type":"post","link":"http:\/\/blogdalucianaoliveira.com.br\/blog\/2019\/04\/30\/nota-de-repudio-da-cpt-ajudar-a-violencia-no-campo-e-o-que-quer-o-presidente-bolsonaro\/","title":{"rendered":"NOTA DE REP\u00daDIO DA CPT &#8211; \u201cAjudar a viol\u00eancia no campo\u201d \u00e9 o que quer o Presidente Bolsonaro"},"content":{"rendered":"<p><img data-recalc-dims=\"1\" loading=\"lazy\" decoding=\"async\" data-attachment-id=\"21508\" data-permalink=\"http:\/\/blogdalucianaoliveira.com.br\/blog\/2019\/04\/30\/nota-de-repudio-da-cpt-ajudar-a-violencia-no-campo-e-o-que-quer-o-presidente-bolsonaro\/9d9b9f55-d661-4aea-b473-d57a87def3c1\/\" data-orig-file=\"https:\/\/i0.wp.com\/blogdalucianaoliveira.com.br\/blog\/wp-content\/uploads\/2019\/04\/9D9B9F55-D661-4AEA-B473-D57A87DEF3C1.jpeg?fit=960%2C640\" data-orig-size=\"960,640\" data-comments-opened=\"0\" data-image-meta=\"{&quot;aperture&quot;:&quot;0&quot;,&quot;credit&quot;:&quot;&quot;,&quot;camera&quot;:&quot;&quot;,&quot;caption&quot;:&quot;&quot;,&quot;created_timestamp&quot;:&quot;1555931436&quot;,&quot;copyright&quot;:&quot;&quot;,&quot;focal_length&quot;:&quot;0&quot;,&quot;iso&quot;:&quot;0&quot;,&quot;shutter_speed&quot;:&quot;0&quot;,&quot;title&quot;:&quot;&quot;,&quot;orientation&quot;:&quot;1&quot;}\" data-image-title=\"9D9B9F55-D661-4AEA-B473-D57A87DEF3C1\" data-image-description=\"\" data-image-caption=\"\" data-medium-file=\"https:\/\/i0.wp.com\/blogdalucianaoliveira.com.br\/blog\/wp-content\/uploads\/2019\/04\/9D9B9F55-D661-4AEA-B473-D57A87DEF3C1.jpeg?fit=300%2C200\" data-large-file=\"https:\/\/i0.wp.com\/blogdalucianaoliveira.com.br\/blog\/wp-content\/uploads\/2019\/04\/9D9B9F55-D661-4AEA-B473-D57A87DEF3C1.jpeg?fit=600%2C400\" src=\"https:\/\/i0.wp.com\/blogdalucianaoliveira.com.br\/blog\/wp-content\/uploads\/2019\/04\/9D9B9F55-D661-4AEA-B473-D57A87DEF3C1.jpeg?resize=600%2C400\" alt=\"9D9B9F55-D661-4AEA-B473-D57A87DEF3C1\" width=\"600\" height=\"400\" class=\"alignnone size-full wp-image-21508\" srcset=\"https:\/\/i0.wp.com\/blogdalucianaoliveira.com.br\/blog\/wp-content\/uploads\/2019\/04\/9D9B9F55-D661-4AEA-B473-D57A87DEF3C1.jpeg?w=960 960w, https:\/\/i0.wp.com\/blogdalucianaoliveira.com.br\/blog\/wp-content\/uploads\/2019\/04\/9D9B9F55-D661-4AEA-B473-D57A87DEF3C1.jpeg?resize=300%2C200 300w, https:\/\/i0.wp.com\/blogdalucianaoliveira.com.br\/blog\/wp-content\/uploads\/2019\/04\/9D9B9F55-D661-4AEA-B473-D57A87DEF3C1.jpeg?resize=768%2C512 768w, https:\/\/i0.wp.com\/blogdalucianaoliveira.com.br\/blog\/wp-content\/uploads\/2019\/04\/9D9B9F55-D661-4AEA-B473-D57A87DEF3C1.jpeg?resize=450%2C300 450w\" sizes=\"auto, (max-width: 600px) 100vw, 600px\" \/><\/p>\n<p>A diretoria e coordena\u00e7\u00e3o nacional da CPT vem a p\u00fablico manifestar seu rep\u00fadio em rela\u00e7\u00e3o a declara\u00e7\u00f5es recentes do presidente Bolsonaro, de propor um projeto dando carta branca para a atua\u00e7\u00e3o de mil\u00edcias no campo. De acordo com a Nota, &#8220;na sua fala o presidente reafirma mais de uma vez que a propriedade \u00e9 sagrada, sem se atentar para a \u201cfun\u00e7\u00e3o social da propriedade\u201d, como reza a Constitui\u00e7\u00e3o Federal (arts. 185 e 186). <!--more--><\/p>\n<p>Deixa de lado, tamb\u00e9m, a forma como foram constitu\u00eddas tais \u201cpropriedades\u201d, muitas delas frutos de esbulho e viol\u00eancias contra os povos tradicionalmente ocupantes dessas terras, e outras tantas oriundas de grilagem&#8221;. <\/p>\n<p>Confira:<\/p>\n<p>A CPT vem a p\u00fablico repudiar a fala do presidente Bolsonaro, no dia 27 de abril, na Agrishow, em Ribeir\u00e3o Preto (SP).<\/p>\n<p>Ele anunciou a inten\u00e7\u00e3o de enviar um projeto de lei \u00e0 C\u00e2mara Federal, que na realidade seria mais uma licen\u00e7a para matar: \u201c\u00c9 um projeto de lei que ser\u00e1 enviado para C\u00e2mara, vai dar o que falar, mas \u00e9 uma maneira de ajudar a viol\u00eancia no campo. \u00c9 fazer com que, ao se defender sua propriedade privada ou sua vida, o \u2018cidad\u00e3o de bem\u2019 entre no excludente de ilicitude, ou seja, ele responde, mas n\u00e3o tem puni\u00e7\u00e3o\u201d.<\/p>\n<p>Como disse com suas pr\u00f3prias palavras, \u201c\u00e9 uma maneira de ajudar a viol\u00eancia no campo\u201d. Mas, como sempre, algu\u00e9m precisa traduzir o que ele queria dizer. Neste caso \u00e9 jogar a culpa da viol\u00eancia no campo nos sem-terra que lutam por um peda\u00e7o de terra para sobreviver, nos ind\u00edgenas e quilombolas que buscam defender ou reaver territ\u00f3rios dos quais foram espoliados. O projeto em curso do presidente \u00e9 facilitar ao m\u00e1ximo e a qualquer custo o avan\u00e7o dos empreendimentos do capital global sobre os bens naturais protegidos por estes povos e comunidades, alguns h\u00e1 centenas, outros h\u00e1 milhares de anos.<\/p>\n<p>Na sua fala o presidente reafirma mais de uma vez que a propriedade \u00e9 sagrada, sem se atentar para a \u201cfun\u00e7\u00e3o social da propriedade\u201d, como reza a Constitui\u00e7\u00e3o Federal (arts. 185 e 186). Deixa de lado, tamb\u00e9m, a forma como foram constitu\u00eddas tais \u201cpropriedades\u201d, muitas delas frutos de esbulho e viol\u00eancias contra os povos tradicionalmente ocupantes dessas terras, e outras tantas oriundas de grilagem.<\/p>\n<p>A fala irrespons\u00e1vel do presidente d\u00e1 carta branca a quem historicamente tem usado da viol\u00eancia contra os povos e comunidades do campo e trabalhadores do setor agr\u00edcola. Os registros da Comiss\u00e3o Pastoral da Terra (CPT) d\u00e3o conta de que de 1985 a 2018, 1.938 trabalhadores e trabalhadoras foram assassinados em conflitos no campo, em 1.466 ocorr\u00eancias. Destas ocorr\u00eancias somente 117 respons\u00e1veis pelos assassinatos foram a julgamento, tendo sido condenados apenas 101 executores e 33 mandantes. Por estes n\u00fameros v\u00ea-se que o \u201cexcludente de ilicitude\u201d j\u00e1 existe na pr\u00e1tica!<\/p>\n<p>Esta fala do presidente se soma a muitas outras que jogam sobre as costas dos mais fr\u00e1geis e dos que s\u00e3o considerados descart\u00e1veis, toda a carga dos preconceitos, do machismo e racismo existentes, como a declara\u00e7\u00e3o recente em que ofereceu as mulheres brasileiras a deleite de estrangeiros, fazendo apologia para o turismo sexual internacional.<\/p>\n<p>Com o profeta Habacuc (1, 2-4), ousamos clamar: \u201cAt\u00e9 quando, Senhor, pedirei socorro, sem que me escutes? At\u00e9 quando clamarei: \u2018Viol\u00eancia\u2019, sem que me salves?<\/p>\n<p>Porque me fazes ver a iniquidade e contemplar a desgra\u00e7a? Diante de mim s\u00f3 vejo opress\u00e3o e viol\u00eancia, nada mais do que disc\u00f3rdias e contendas. Por isso a lei perde a sua for\u00e7a e o direito desaparece definitivamente; porque o \u00edmpio cerca o justo e, por isso, o direito sai falseado\u201d.<\/p>\n<p>At\u00e9 quando, n\u00f3s, cidad\u00e3os e cidad\u00e3s deste Pa\u00eds, vamos tolerar na Presid\u00eancia da Rep\u00fablica estas sandices e suas inten\u00e7\u00f5es anti-Na\u00e7\u00e3o?<\/p>\n<p>Goi\u00e2nia, 30 de abril de 2019.<\/p>\n<p>Diretoria e Coordena\u00e7\u00e3o Nacional da Comiss\u00e3o Pastoral da Terra<\/p>\n","protected":false},"excerpt":{"rendered":"<p>A diretoria e coordena\u00e7\u00e3o nacional da CPT vem a p\u00fablico manifestar seu rep\u00fadio em rela\u00e7\u00e3o a declara\u00e7\u00f5es recentes do presidente Bolsonaro, de propor um projeto dando carta branca para a atua\u00e7\u00e3o de mil\u00edcias no campo. De acordo com a Nota, &#8220;na sua fala o presidente reafirma mais de uma vez que a propriedade \u00e9 sagrada,&#8230;<a class=\"more-link\" href=\"http:\/\/blogdalucianaoliveira.com.br\/blog\/2019\/04\/30\/nota-de-repudio-da-cpt-ajudar-a-violencia-no-campo-e-o-que-quer-o-presidente-bolsonaro\/\">Continue a leitura <span class=\"meta-nav\">&raquo;<\/span><\/a><\/p>\n","protected":false},"author":1,"featured_media":0,"comment_status":"closed","ping_status":"open","sticky":false,"template":"","format":"standard","meta":{"_exactmetrics_skip_tracking":false,"_exactmetrics_sitenote_active":false,"_exactmetrics_sitenote_note":"","_exactmetrics_sitenote_category":0,"jetpack_post_was_ever_published":false,"_jetpack_newsletter_access":"","_jetpack_dont_email_post_to_subs":false,"_jetpack_newsletter_tier_id":0,"_jetpack_memberships_contains_paywalled_content":false,"_jetpack_memberships_contains_paid_content":false,"footnotes":"","jetpack_publicize_message":"","jetpack_publicize_feature_enabled":true,"jetpack_social_post_already_shared":true,"jetpack_social_options":{"image_generator_settings":{"template":"highway","enabled":false},"version":2}},"categories":[1],"tags":[],"class_list":["post-21507","post","type-post","status-publish","format-standard","hentry","category-notas"],"jetpack_publicize_connections":[],"jetpack_sharing_enabled":true,"jetpack_featured_media_url":"","jetpack_shortlink":"https:\/\/wp.me\/p7wKYW-5AT","jetpack-related-posts":[],"_links":{"self":[{"href":"http:\/\/blogdalucianaoliveira.com.br\/blog\/wp-json\/wp\/v2\/posts\/21507","targetHints":{"allow":["GET"]}}],"collection":[{"href":"http:\/\/blogdalucianaoliveira.com.br\/blog\/wp-json\/wp\/v2\/posts"}],"about":[{"href":"http:\/\/blogdalucianaoliveira.com.br\/blog\/wp-json\/wp\/v2\/types\/post"}],"author":[{"embeddable":true,"href":"http:\/\/blogdalucianaoliveira.com.br\/blog\/wp-json\/wp\/v2\/users\/1"}],"replies":[{"embeddable":true,"href":"http:\/\/blogdalucianaoliveira.com.br\/blog\/wp-json\/wp\/v2\/comments?post=21507"}],"version-history":[{"count":1,"href":"http:\/\/blogdalucianaoliveira.com.br\/blog\/wp-json\/wp\/v2\/posts\/21507\/revisions"}],"predecessor-version":[{"id":21509,"href":"http:\/\/blogdalucianaoliveira.com.br\/blog\/wp-json\/wp\/v2\/posts\/21507\/revisions\/21509"}],"wp:attachment":[{"href":"http:\/\/blogdalucianaoliveira.com.br\/blog\/wp-json\/wp\/v2\/media?parent=21507"}],"wp:term":[{"taxonomy":"category","embeddable":true,"href":"http:\/\/blogdalucianaoliveira.com.br\/blog\/wp-json\/wp\/v2\/categories?post=21507"},{"taxonomy":"post_tag","embeddable":true,"href":"http:\/\/blogdalucianaoliveira.com.br\/blog\/wp-json\/wp\/v2\/tags?post=21507"}],"curies":[{"name":"wp","href":"https:\/\/api.w.org\/{rel}","templated":true}]}}