{"id":21513,"date":"2019-05-02T09:12:44","date_gmt":"2019-05-02T13:12:44","guid":{"rendered":"http:\/\/blogdalucianaoliveira.com.br\/blog\/?p=21513"},"modified":"2019-05-02T09:12:44","modified_gmt":"2019-05-02T13:12:44","slug":"existir-resistir-e-unir-os-desafios-do-movimento-sindical-em-tempos-de-bolsonaro","status":"publish","type":"post","link":"http:\/\/blogdalucianaoliveira.com.br\/blog\/2019\/05\/02\/existir-resistir-e-unir-os-desafios-do-movimento-sindical-em-tempos-de-bolsonaro\/","title":{"rendered":"Existir, resistir e unir: os desafios do movimento sindical em tempos de Bolsonaro"},"content":{"rendered":"<p><img data-recalc-dims=\"1\" loading=\"lazy\" decoding=\"async\" data-attachment-id=\"21514\" data-permalink=\"http:\/\/blogdalucianaoliveira.com.br\/blog\/2019\/05\/02\/existir-resistir-e-unir-os-desafios-do-movimento-sindical-em-tempos-de-bolsonaro\/f9d83196-9522-4fca-b5d1-2f1ffafa4161\/\" data-orig-file=\"https:\/\/i0.wp.com\/blogdalucianaoliveira.com.br\/blog\/wp-content\/uploads\/2019\/05\/F9D83196-9522-4FCA-B5D1-2F1FFAFA4161.jpeg?fit=640%2C359\" data-orig-size=\"640,359\" data-comments-opened=\"0\" data-image-meta=\"{&quot;aperture&quot;:&quot;0&quot;,&quot;credit&quot;:&quot;&quot;,&quot;camera&quot;:&quot;NIKON D7000&quot;,&quot;caption&quot;:&quot;&quot;,&quot;created_timestamp&quot;:&quot;1380384135&quot;,&quot;copyright&quot;:&quot;&quot;,&quot;focal_length&quot;:&quot;26&quot;,&quot;iso&quot;:&quot;640&quot;,&quot;shutter_speed&quot;:&quot;0.008&quot;,&quot;title&quot;:&quot;&quot;,&quot;orientation&quot;:&quot;0&quot;}\" data-image-title=\"F9D83196-9522-4FCA-B5D1-2F1FFAFA4161\" data-image-description=\"\" data-image-caption=\"\" data-medium-file=\"https:\/\/i0.wp.com\/blogdalucianaoliveira.com.br\/blog\/wp-content\/uploads\/2019\/05\/F9D83196-9522-4FCA-B5D1-2F1FFAFA4161.jpeg?fit=300%2C168\" data-large-file=\"https:\/\/i0.wp.com\/blogdalucianaoliveira.com.br\/blog\/wp-content\/uploads\/2019\/05\/F9D83196-9522-4FCA-B5D1-2F1FFAFA4161.jpeg?fit=600%2C337\" src=\"https:\/\/i0.wp.com\/blogdalucianaoliveira.com.br\/blog\/wp-content\/uploads\/2019\/05\/F9D83196-9522-4FCA-B5D1-2F1FFAFA4161.jpeg?resize=600%2C337\" alt=\"F9D83196-9522-4FCA-B5D1-2F1FFAFA4161\" width=\"600\" height=\"337\" class=\"alignnone size-full wp-image-21514\" srcset=\"https:\/\/i0.wp.com\/blogdalucianaoliveira.com.br\/blog\/wp-content\/uploads\/2019\/05\/F9D83196-9522-4FCA-B5D1-2F1FFAFA4161.jpeg?w=640 640w, https:\/\/i0.wp.com\/blogdalucianaoliveira.com.br\/blog\/wp-content\/uploads\/2019\/05\/F9D83196-9522-4FCA-B5D1-2F1FFAFA4161.jpeg?resize=300%2C168 300w, https:\/\/i0.wp.com\/blogdalucianaoliveira.com.br\/blog\/wp-content\/uploads\/2019\/05\/F9D83196-9522-4FCA-B5D1-2F1FFAFA4161.jpeg?resize=535%2C300 535w\" sizes=\"auto, (max-width: 600px) 100vw, 600px\" \/><\/p>\n<p>Entidades buscam &#8220;ant\u00eddotos&#8221; para sobreviver aos ataques promovidos pelo Poder Executivo desde o governo Temer<!--more--><\/p>\n<p>Rafael Tatemoto<br \/>\nBrasil de Fato<\/p>\n<p>A Proposta de Emenda Constitucional (PEC) n\u00ba 6\/2019, que estabelece as bases da reforma da Previd\u00eancia desenhada pelo governo Bolsonaro (PSL), teve como resultado a unidade de todas as centrais sindicais nos atos realizados no 1\u00ba de Maio, Dia Internacional de Luta dos Trabalhadores e Trabalhadoras \u2013 fen\u00f4meno in\u00e9dito na sociedade brasileira ap\u00f3s 1988. A unidade nas ruas tamb\u00e9m reflete um desafio imposto a todas elas desde o governo Michel Temer (MDB): sobreviver aos ataques do Poder Executivo e enfrentar os retrocessos no mundo do trabalho.<\/p>\n<p>Iniciado na virada do s\u00e9culo 19 para o 20, acompanhando a industrializa\u00e7\u00e3o do pa\u00eds, o sindicalismo atravessou diferentes fases pela hist\u00f3ria nacional \u2013 o anarcossindicalismo durante a Rep\u00fablica Velha, a era trabalhista, a resist\u00eancia \u00e0 ditadura militar e o &#8220;novo sindicalismo&#8221; durante a redemocratiza\u00e7\u00e3o. Como parte de suas conquistas, est\u00e3o direitos constitucionais, como o sal\u00e1rio m\u00ednimo, o 13\u00ba e as f\u00e9rias remuneradas. <\/p>\n<p>A s\u00e9rie de obst\u00e1culos que tem sido imposta \u00e0s entidades sindicais pode levar, a m\u00e9dio prazo, \u00e0 transi\u00e7\u00e3o para uma nova fase dessa trajet\u00f3ria. \u00c9 o que analisa Jo\u00e3o Guilherme de Vargas Netto, consultor de entidades sindicais de trabalhadores. Para ele, h\u00e1 \u201ctr\u00eas elementos negativos\u201d que atuam pressionando o sindicalismo: \u201cA recess\u00e3o [econ\u00f4mica], a &#8216;legisla\u00e7\u00e3o trabalhista celerada&#8217; [de Temer] e o bolsonarismo e suas medidas\u201d. <\/p>\n<p>A primeira, que levou \u00e0 eleva\u00e7\u00e3o da taxa de desemprego para 12,7%, dificulta a capacidade dos sindicatos de mobilizar suar bases para processos de enfrentamento em prol da amplia\u00e7\u00e3o ou manuten\u00e7\u00e3o de direitos. A reforma trabalhista de Temer enfraqueceu a representa\u00e7\u00e3o sindical, enquanto Jair Bolsonaro, por meio de Medidas Provis\u00f3rias (MPs), tem intensificado os ataques, tentando inviabilizar a pr\u00f3pria sustentabilidade financeira das entidades. <\/p>\n<p>Editada durante o carnaval de 2019, a MP 873 \u00e9 considerada a mais grave. Os sindicatos j\u00e1 haviam perdido a maior parte da receita depois que a contribui\u00e7\u00e3o sindical se tornou facultativa, a partir da Lei 13.467, de Temer. Agora, o governo pretende que as contribui\u00e7\u00f5es sejam pagas via boleto, em vez de desconto em folha. V\u00e1rias entidades j\u00e1 se manifestaram contra a medida, como o Minist\u00e9rio P\u00fablico do Trabalho (MPT) e a Ordem dos Advogados do Brasil (OAB).  <\/p>\n<p>Para Vargas Netto, o \u201cant\u00eddoto para as agress\u00f5es atuais e futuras\u201d \u00e9 tornar cada vez mais a presen\u00e7a dos sindicatos um elemento palp\u00e1vel no cotidiano dos trabalhadores.<\/p>\n<p>\u201cVai ter que agrupar, reagrupar, e aplicar os tr\u00eas verbos: existir, resistir e unir. \u00c9 importante que a unidade conseguida nas c\u00fapulas [para o 1\u00ba de Maio] seja enraizada nas bases. O movimento sindical precisa ir ao local de trabalho, ter presen\u00e7a efetiva no dia a dia das empresas\u201d, avalia. <\/p>\n<p>Exemplo positivo<\/p>\n<p>O Sindicato dos Metal\u00fargicos de Sorocaba, em S\u00e3o Paulo, tem uma taxa de associa\u00e7\u00e3o de mais de 40% \u2013 a m\u00e9dia nacional \u00e9 de 15%. A entidade tem assumido o desafio proposto pelo consultor e, por isso, busca atuar n\u00e3o s\u00f3 nos locais de trabalho, mas tamb\u00e9m junto \u00e0 comunidade.<\/p>\n<p>O secret\u00e1rio de organiza\u00e7\u00e3o da entidade, Izidio de Brito, entende que os &#8220;tr\u00eas elementos&#8221; que pressionam o sindicalismo apontados por Vargas Neto foram &#8220;planejados&#8221; para garantir um modelo de superexplora\u00e7\u00e3o da for\u00e7a de trabalho, marcado pela &#8220;diminui\u00e7\u00e3o de direitos e restri\u00e7\u00e3o das entidades que lutam por direitos&#8221;.<\/p>\n<p>Segundo Brito, a organiza\u00e7\u00e3o trabalha com o conceito de &#8220;Sindicato Cidad\u00e3o&#8221; h\u00e1 mais de duas d\u00e9cadas. Nesse sentido, o sindicato investe em \u00e1reas como alimenta\u00e7\u00e3o saud\u00e1vel, por meio da cria\u00e7\u00e3o de um banco de alimentos para serem distribu\u00eddos em outras entidades, al\u00e9m de apostar na pauta ambiental, com um projeto de coleta seletiva. <\/p>\n<p>\u201cO papel dos sindicatos extrapola a quest\u00e3o corporativa das categorias. Se n\u00e3o rumarmos para isso, n\u00e3o vamos representar mais ningu\u00e9m. N\u00f3s precisamos ter capacidade para falar com a nova realidade produtiva, com um novo perfil de trabalhadores\u201d, complementa Brito. <\/p>\n<p>Para ele, os desempregados exigem uma abordagem espec\u00edfica. Por isso, o sindicato promove cursos de qualifica\u00e7\u00e3o e requalifica\u00e7\u00e3o profissional, inclusive para pessoas que n\u00e3o pertencem \u00e0s suas bases formais. Brito entende, al\u00e9m disso, que o movimento sindical deve absorver demandas de setores espec\u00edficos da popula\u00e7\u00e3o, que &#8220;se cruzam&#8221; com a quest\u00e3o de classe. <\/p>\n<p>\u201cQuando n\u00f3s falamos de democracia, temos de falar das diferen\u00e7as. As mulheres sofrem no mercado de trabalho. Os negros tamb\u00e9m. As pessoas com defici\u00eancia sofrem. Eu vejo que isso tem muito avan\u00e7o em conven\u00e7\u00f5es coletivas, mas n\u00f3s precisamos falar mais e debater mais\u201d, conclui. <\/p>\n<p>A renova\u00e7\u00e3o geracional, sem perder a consci\u00eancia das conquistas do passado, \u00e9 outra f\u00f3rmula que tem dado certo. No sindicato sorocabano, tr\u00eas dos principais cargos \u2013 presidente, secret\u00e1rio-geral e tesoureiro \u2013 s\u00e3o ocupados por trabalhadores com menos de 40 anos. <\/p>\n<p>Edi\u00e7\u00e3o: Daniel Giovanaz<\/p>\n","protected":false},"excerpt":{"rendered":"<p>Entidades buscam &#8220;ant\u00eddotos&#8221; para sobreviver aos ataques promovidos pelo Poder Executivo desde o governo Temer<\/p>\n","protected":false},"author":1,"featured_media":0,"comment_status":"closed","ping_status":"open","sticky":false,"template":"","format":"standard","meta":{"_exactmetrics_skip_tracking":false,"_exactmetrics_sitenote_active":false,"_exactmetrics_sitenote_note":"","_exactmetrics_sitenote_category":0,"jetpack_post_was_ever_published":false,"_jetpack_newsletter_access":"","_jetpack_dont_email_post_to_subs":false,"_jetpack_newsletter_tier_id":0,"_jetpack_memberships_contains_paywalled_content":false,"_jetpack_memberships_contains_paid_content":false,"footnotes":"","jetpack_publicize_message":"","jetpack_publicize_feature_enabled":true,"jetpack_social_post_already_shared":true,"jetpack_social_options":{"image_generator_settings":{"template":"highway","enabled":false},"version":2}},"categories":[1],"tags":[],"class_list":["post-21513","post","type-post","status-publish","format-standard","hentry","category-notas"],"jetpack_publicize_connections":[],"jetpack_sharing_enabled":true,"jetpack_featured_media_url":"","jetpack_shortlink":"https:\/\/wp.me\/p7wKYW-5AZ","jetpack-related-posts":[],"_links":{"self":[{"href":"http:\/\/blogdalucianaoliveira.com.br\/blog\/wp-json\/wp\/v2\/posts\/21513","targetHints":{"allow":["GET"]}}],"collection":[{"href":"http:\/\/blogdalucianaoliveira.com.br\/blog\/wp-json\/wp\/v2\/posts"}],"about":[{"href":"http:\/\/blogdalucianaoliveira.com.br\/blog\/wp-json\/wp\/v2\/types\/post"}],"author":[{"embeddable":true,"href":"http:\/\/blogdalucianaoliveira.com.br\/blog\/wp-json\/wp\/v2\/users\/1"}],"replies":[{"embeddable":true,"href":"http:\/\/blogdalucianaoliveira.com.br\/blog\/wp-json\/wp\/v2\/comments?post=21513"}],"version-history":[{"count":1,"href":"http:\/\/blogdalucianaoliveira.com.br\/blog\/wp-json\/wp\/v2\/posts\/21513\/revisions"}],"predecessor-version":[{"id":21515,"href":"http:\/\/blogdalucianaoliveira.com.br\/blog\/wp-json\/wp\/v2\/posts\/21513\/revisions\/21515"}],"wp:attachment":[{"href":"http:\/\/blogdalucianaoliveira.com.br\/blog\/wp-json\/wp\/v2\/media?parent=21513"}],"wp:term":[{"taxonomy":"category","embeddable":true,"href":"http:\/\/blogdalucianaoliveira.com.br\/blog\/wp-json\/wp\/v2\/categories?post=21513"},{"taxonomy":"post_tag","embeddable":true,"href":"http:\/\/blogdalucianaoliveira.com.br\/blog\/wp-json\/wp\/v2\/tags?post=21513"}],"curies":[{"name":"wp","href":"https:\/\/api.w.org\/{rel}","templated":true}]}}