{"id":21519,"date":"2019-05-02T09:23:17","date_gmt":"2019-05-02T13:23:17","guid":{"rendered":"http:\/\/blogdalucianaoliveira.com.br\/blog\/?p=21519"},"modified":"2019-05-02T09:25:21","modified_gmt":"2019-05-02T13:25:21","slug":"governo-bolsonaro-quer-empregar-metodos-ditatoriais-contra-movimentos-sociais","status":"publish","type":"post","link":"http:\/\/blogdalucianaoliveira.com.br\/blog\/2019\/05\/02\/governo-bolsonaro-quer-empregar-metodos-ditatoriais-contra-movimentos-sociais\/","title":{"rendered":"GOVERNO BOLSONARO QUER EMPREGAR M\u00c9TODOS DITATORIAIS CONTRA MOVIMENTOS SOCIAIS"},"content":{"rendered":"<p><img data-recalc-dims=\"1\" loading=\"lazy\" decoding=\"async\" data-attachment-id=\"21520\" data-permalink=\"http:\/\/blogdalucianaoliveira.com.br\/blog\/2019\/05\/02\/governo-bolsonaro-quer-empregar-metodos-ditatoriais-contra-movimentos-sociais\/37484068-0b05-4a3a-9da8-e0dafe3787e5\/\" data-orig-file=\"https:\/\/i0.wp.com\/blogdalucianaoliveira.com.br\/blog\/wp-content\/uploads\/2019\/05\/37484068-0B05-4A3A-9DA8-E0DAFE3787E5.jpeg?fit=480%2C240\" data-orig-size=\"480,240\" data-comments-opened=\"0\" data-image-meta=\"{&quot;aperture&quot;:&quot;0&quot;,&quot;credit&quot;:&quot;&quot;,&quot;camera&quot;:&quot;&quot;,&quot;caption&quot;:&quot;&quot;,&quot;created_timestamp&quot;:&quot;0&quot;,&quot;copyright&quot;:&quot;&quot;,&quot;focal_length&quot;:&quot;0&quot;,&quot;iso&quot;:&quot;0&quot;,&quot;shutter_speed&quot;:&quot;0&quot;,&quot;title&quot;:&quot;&quot;,&quot;orientation&quot;:&quot;0&quot;}\" data-image-title=\"37484068-0B05-4A3A-9DA8-E0DAFE3787E5\" data-image-description=\"\" data-image-caption=\"\" data-medium-file=\"https:\/\/i0.wp.com\/blogdalucianaoliveira.com.br\/blog\/wp-content\/uploads\/2019\/05\/37484068-0B05-4A3A-9DA8-E0DAFE3787E5.jpeg?fit=300%2C150\" data-large-file=\"https:\/\/i0.wp.com\/blogdalucianaoliveira.com.br\/blog\/wp-content\/uploads\/2019\/05\/37484068-0B05-4A3A-9DA8-E0DAFE3787E5.jpeg?fit=480%2C240\" src=\"https:\/\/i0.wp.com\/blogdalucianaoliveira.com.br\/blog\/wp-content\/uploads\/2019\/05\/37484068-0B05-4A3A-9DA8-E0DAFE3787E5.jpeg?resize=480%2C240\" alt=\"37484068-0B05-4A3A-9DA8-E0DAFE3787E5\" width=\"480\" height=\"240\" class=\"alignnone size-full wp-image-21520\" srcset=\"https:\/\/i0.wp.com\/blogdalucianaoliveira.com.br\/blog\/wp-content\/uploads\/2019\/05\/37484068-0B05-4A3A-9DA8-E0DAFE3787E5.jpeg?w=480 480w, https:\/\/i0.wp.com\/blogdalucianaoliveira.com.br\/blog\/wp-content\/uploads\/2019\/05\/37484068-0B05-4A3A-9DA8-E0DAFE3787E5.jpeg?resize=300%2C150 300w\" sizes=\"auto, (max-width: 480px) 100vw, 480px\" \/><\/p>\n<p>247 &#8211; O presidente de extrema direita Jair Bolsonaro est\u00e1 mesmo pretendendo implantar uma ditadura no pa\u00eds, colocando-se acima da lei para criminalizar movimentos sociais. O presidente mandou a Advocacia Geral da Uni\u00e3o (AGU) orientar os \u00f3rg\u00e3os federais a fazer reintegra\u00e7\u00e3o de posse de im\u00f3veis p\u00fablicos ocupados ou invadidos por manifestantes sem acionar a Justi\u00e7a.<!--more--><br \/>\n\u200b<br \/>\nA informa\u00e7\u00e3o \u00e9 do jornalista Reynaldo Turollo Jr., na Folha de S.Paulo, que destaca a contradi\u00e7\u00e3o disto com os procedimentos adotados anteriormente. &#8220;Antes &#8211; aponta o jornal &#8211; , os respons\u00e1veis pelos pr\u00e9dios pediam \u00e0 AGU para ajuizar uma a\u00e7\u00e3o de reintegra\u00e7\u00e3o de posse \u2014o que, para o governo, causava demora e interrup\u00e7\u00e3o dos servi\u00e7os nos \u00f3rg\u00e3os ocupados. Agora, segundo a AGU, os gestores dever\u00e3o chamar diretamente a Pol\u00edcia Federal para, com o aux\u00edlio das pol\u00edcias estaduais, retirar os manifestantes&#8221;.<\/p>\n<p>Em 2016 o governo paulista do tucano Geraldo Alckmin (PSDB) adotou procedimento semelhante contra o movimento estudantil secundarista, que ocupou escolas.<\/p>\n<p>A medida do governo Bolsonaro busca atingir as universidades federais , onde se prev\u00ea que ocorrer\u00e3o manifesta\u00e7\u00f5es de protesto contra os cortes de verbas decretados pelo governo Bolsonaro.<\/p>\n<p>O governo tem em mira tamb\u00e9m os movimentos de sem-terra e ind\u00edgenas.<\/p>\n","protected":false},"excerpt":{"rendered":"<p>247 &#8211; O presidente de extrema direita Jair Bolsonaro est\u00e1 mesmo pretendendo implantar uma ditadura no pa\u00eds, colocando-se acima da lei para criminalizar movimentos sociais. O presidente mandou a Advocacia Geral da Uni\u00e3o (AGU) orientar os \u00f3rg\u00e3os federais a fazer reintegra\u00e7\u00e3o de posse de im\u00f3veis p\u00fablicos ocupados ou invadidos por manifestantes sem acionar a Justi\u00e7a.<\/p>\n","protected":false},"author":1,"featured_media":0,"comment_status":"closed","ping_status":"open","sticky":false,"template":"","format":"standard","meta":{"_exactmetrics_skip_tracking":false,"_exactmetrics_sitenote_active":false,"_exactmetrics_sitenote_note":"","_exactmetrics_sitenote_category":0,"jetpack_post_was_ever_published":false,"_jetpack_newsletter_access":"","_jetpack_dont_email_post_to_subs":false,"_jetpack_newsletter_tier_id":0,"_jetpack_memberships_contains_paywalled_content":false,"_jetpack_memberships_contains_paid_content":false,"footnotes":"","jetpack_publicize_message":"","jetpack_publicize_feature_enabled":true,"jetpack_social_post_already_shared":true,"jetpack_social_options":{"image_generator_settings":{"template":"highway","enabled":false},"version":2}},"categories":[1],"tags":[],"class_list":["post-21519","post","type-post","status-publish","format-standard","hentry","category-notas"],"jetpack_publicize_connections":[],"jetpack_sharing_enabled":true,"jetpack_featured_media_url":"","jetpack_shortlink":"https:\/\/wp.me\/p7wKYW-5B5","jetpack-related-posts":[],"_links":{"self":[{"href":"http:\/\/blogdalucianaoliveira.com.br\/blog\/wp-json\/wp\/v2\/posts\/21519","targetHints":{"allow":["GET"]}}],"collection":[{"href":"http:\/\/blogdalucianaoliveira.com.br\/blog\/wp-json\/wp\/v2\/posts"}],"about":[{"href":"http:\/\/blogdalucianaoliveira.com.br\/blog\/wp-json\/wp\/v2\/types\/post"}],"author":[{"embeddable":true,"href":"http:\/\/blogdalucianaoliveira.com.br\/blog\/wp-json\/wp\/v2\/users\/1"}],"replies":[{"embeddable":true,"href":"http:\/\/blogdalucianaoliveira.com.br\/blog\/wp-json\/wp\/v2\/comments?post=21519"}],"version-history":[{"count":1,"href":"http:\/\/blogdalucianaoliveira.com.br\/blog\/wp-json\/wp\/v2\/posts\/21519\/revisions"}],"predecessor-version":[{"id":21521,"href":"http:\/\/blogdalucianaoliveira.com.br\/blog\/wp-json\/wp\/v2\/posts\/21519\/revisions\/21521"}],"wp:attachment":[{"href":"http:\/\/blogdalucianaoliveira.com.br\/blog\/wp-json\/wp\/v2\/media?parent=21519"}],"wp:term":[{"taxonomy":"category","embeddable":true,"href":"http:\/\/blogdalucianaoliveira.com.br\/blog\/wp-json\/wp\/v2\/categories?post=21519"},{"taxonomy":"post_tag","embeddable":true,"href":"http:\/\/blogdalucianaoliveira.com.br\/blog\/wp-json\/wp\/v2\/tags?post=21519"}],"curies":[{"name":"wp","href":"https:\/\/api.w.org\/{rel}","templated":true}]}}